{"id":26008,"date":"2016-07-18T16:59:36","date_gmt":"2016-07-18T14:59:36","guid":{"rendered":"http:\/\/www.invarena.cz\/?p=26008"},"modified":"2016-07-18T16:59:36","modified_gmt":"2016-07-18T14:59:36","slug":"beneficni-koncerty-ve-vitkove","status":"publish","type":"post","link":"https:\/\/www.invarena.cz\/?p=26008","title":{"rendered":"BENEFI\u010cN\u00cd KONCERTY VE V\u00cdTKOV\u011a"},"content":{"rendered":"<p>CELKEM t\u0159i benefi\u010dn\u00ed koncerty se uskute\u010dnily ve sportovn\u00edm are\u00e1lu ve V\u00edtkov\u011b. Podpo\u0159it m\u011bly dv\u011b d\u00edvky, a sice Pavlu Sk\u0159ehotovou, kter\u00e1 je posti\u017eena po v\u00fdbuchu munice ve V\u00edtkov\u011b, a n\u00e1sledky autonehody t\u011b\u017ece posti\u017eenou Annu Bajerovou. <!--more--><\/p>\n<p>Prvn\u00ed jmenovan\u00e1 se benefice tak\u00e9 s rodi\u010di z\u00fa\u010dastnila. Program za\u010dal d\u011btsk\u00fdm odpolednem, kdy vystoupila kapela Maxim Turbulenc. Ve\u010der pak prob\u011bhly t\u0159i koncerty. Akce v\u0161ak nem\u011bla takov\u00fd \u00fasp\u011bch, jak\u00fd se o\u010dek\u00e1val. &#8222;Bohu\u017eel se nevyda\u0159ila a byla prod\u011ble\u010dn\u00e1, proto\u017ee p\u0159i\u0161lo m\u00e1lo lid\u00ed. I p\u0159esto bych ale cht\u011bl pod\u011bkovat Va\u0161ku Neck\u00e1\u0159ovi a skupin\u011b Bacily, Marku Ztracen\u00e9mu, kluk\u016fm z Maxim Turbulenc a zastupitelstvu m\u011bsta V\u00edtkova. D\u00e1le tak\u00e9 v\u0161em v\u00edtkovsk\u00fdm dobrovoln\u00fdm hasi\u010d\u016fm a Ren\u00e9mu \u010cernohorsk\u00e9mu, bez kter\u00fdch by akce po str\u00e1nce organiza\u010dn\u00ed nebyla tak bezvadn\u011b zvl\u00e1dnut\u00e1,&#8220; uvedl organiz\u00e1tor benefice David Kopal a doplnil, \u017ee a\u010dkoli se pen\u00edze nevyd\u011blaly, lid\u00e9 by nem\u011bli ztr\u00e1cet chu\u0165 ostatn\u00edm pom\u00e1hat.<\/p>\n<p>Region Krnovsk\u00e9 noviny<\/p>\n","protected":false},"excerpt":{"rendered":"<div class=\"mh-excerpt\"><p>CELKEM t\u0159i benefi\u010dn\u00ed koncerty se uskute\u010dnily ve sportovn\u00edm are\u00e1lu ve V\u00edtkov\u011b. Podpo\u0159it m\u011bly dv\u011b d\u00edvky, a sice Pavlu Sk\u0159ehotovou, kter\u00e1 je posti\u017eena po v\u00fdbuchu munice <a class=\"mh-excerpt-more\" href=\"https:\/\/www.invarena.cz\/?p=26008\" title=\"BENEFI\u010cN\u00cd KONCERTY VE V\u00cdTKOV\u011a\">[&#8230;]<\/a><\/p>\n<\/div>","protected":false},"author":1,"featured_media":0,"comment_status":"open","ping_status":"closed","sticky":false,"template":"","format":"standard","meta":{"footnotes":""},"categories":[9],"tags":[],"class_list":["post-26008","post","type-post","status-publish","format-standard","hentry","category-zpravy"],"_links":{"self":[{"href":"https:\/\/www.invarena.cz\/index.php?rest_route=\/wp\/v2\/posts\/26008","targetHints":{"allow":["GET"]}}],"collection":[{"href":"https:\/\/www.invarena.cz\/index.php?rest_route=\/wp\/v2\/posts"}],"about":[{"href":"https:\/\/www.invarena.cz\/index.php?rest_route=\/wp\/v2\/types\/post"}],"author":[{"embeddable":true,"href":"https:\/\/www.invarena.cz\/index.php?rest_route=\/wp\/v2\/users\/1"}],"replies":[{"embeddable":true,"href":"https:\/\/www.invarena.cz\/index.php?rest_route=%2Fwp%2Fv2%2Fcomments&post=26008"}],"version-history":[{"count":0,"href":"https:\/\/www.invarena.cz\/index.php?rest_route=\/wp\/v2\/posts\/26008\/revisions"}],"wp:attachment":[{"href":"https:\/\/www.invarena.cz\/index.php?rest_route=%2Fwp%2Fv2%2Fmedia&parent=26008"}],"wp:term":[{"taxonomy":"category","embeddable":true,"href":"https:\/\/www.invarena.cz\/index.php?rest_route=%2Fwp%2Fv2%2Fcategories&post=26008"},{"taxonomy":"post_tag","embeddable":true,"href":"https:\/\/www.invarena.cz\/index.php?rest_route=%2Fwp%2Fv2%2Ftags&post=26008"}],"curies":[{"name":"wp","href":"https:\/\/api.w.org\/{rel}","templated":true}]}}