{"id":26010,"date":"2016-07-12T14:02:11","date_gmt":"2016-07-12T12:02:11","guid":{"rendered":"http:\/\/www.invarena.cz\/?p=26010"},"modified":"2016-07-12T14:02:11","modified_gmt":"2016-07-12T12:02:11","slug":"v-zakupech-tvori-dusi","status":"publish","type":"post","link":"https:\/\/www.invarena.cz\/?p=26010","title":{"rendered":"V Z\u00e1kupech tvo\u0159\u00ed du\u0161\u00ed"},"content":{"rendered":"<p><strong>Z\u00e1slu\u017en\u00e1 akce prob\u00edh\u00e1 ka\u017edoro\u010dn\u011b na st\u00e1tn\u00edm z\u00e1mku Z\u00e1kupy. Um\u011blci, a\u0165 u\u017e zdrav\u00ed \u010di handicapovan\u00ed, tam spolu \u00bbtvo\u0159\u00ed du\u0161\u00ed\u00ab. Tak ostatn\u011b zn\u00ed i n\u00e1zev akce &#8211; Tvo\u0159\u00edme du\u0161\u00ed.<\/strong> <!--more--><\/p>\n<p>Do Z\u00e1kup se zkr\u00e1tka sj\u00ed\u017ed\u011bj\u00ed tvo\u0159iv\u00ed lid\u00e9 a jejich p\u0159\u00edpadn\u00fd handicap nen\u00ed na z\u00e1vadu. Natr\u00e9nuj\u00ed si sv\u00e1 vystoupen\u00ed, kter\u00e1 pak p\u0159\u00edtomn\u00e9 div\u00e1ky chyt\u00ed za srdce. Sou\u010d\u00e1st\u00ed je prodej v\u00fdrobk\u016f chr\u00e1n\u011bn\u00fdch d\u00edlen a v\u00fdstava um\u011bleck\u00fdch d\u011bl, kter\u00e1 vytvo\u0159ili zdravotn\u011b posti\u017een\u00ed um\u011blci. Leto\u0161n\u00ed setk\u00e1n\u00ed bylo ji\u017e jeden\u00e1ct\u00e9 a k dobr\u00e9 n\u00e1lad\u011b p\u0159isp\u011blo b\u00e1je\u010dn\u00e9 slunn\u00e9 po\u010das\u00ed.<\/p>\n<p>Setk\u00e1n\u00ed, jeho\u017e motorem je sdru\u017een\u00ed ARTEFAKTUM-CZ za podpory Centra zdravotn\u011b posti\u017een\u00fdch Libereck\u00e9ho kraje, z\u00e1mku a m\u011bsta Z\u00e1kupy se stalo vyhled\u00e1vanou kulturn\u00ed atrakc\u00ed, o \u010dem\u017e sv\u011bd\u010d\u00ed velk\u00e1 \u00fa\u010dast div\u00e1k\u016f i um\u011blc\u016f, mal\u00fdch i velk\u00fdch. Jak vidno na sn\u00edmc\u00edch, tan\u010dilo se, zp\u00edvalo, tleskalo. Akci dlouh\u00e1 l\u00e9ta podporuje p\u0159\u00edpravou chleb\u00ed\u010dk\u016f a kol\u00e1\u010dk\u016f pro vystupuj\u00edc\u00ed Levicov\u00fd klub \u017een ze Z\u00e1kup, kter\u00fd v tomto roce oslavil dvac\u00e1t\u00e9 narozeniny. P\u0159edsedkyn\u011b z\u00e1kupsk\u00fdch \u017een Miloslava Hudakov\u00e1, n\u011bkdej\u0161\u00ed starostka Z\u00e1kup, je py\u0161n\u00e1 na to, \u017ee \u00bbjej\u00ed d\u011bv\u010data\u00ab jsou velmi aktivn\u00ed a stala se ji\u017e sou\u010d\u00e1st\u00ed Tvo\u0159\u00edme du\u0161\u00ed.<\/p>\n<p>\u00bbJsme r\u00e1dy, \u017ee m\u016f\u017eeme podpo\u0159it pr\u00e1ci t\u011bchto nad\u0161enc\u016f. Jsou to dv\u011b odpoledne pln\u00e1 kr\u00e1sn\u00fdch i dojemn\u00fdch z\u00e1\u017eitk\u016f,\u00ab \u0159ekla Hal\u00f3 novin\u00e1m.<\/p>\n<p>Po\u0159adatel\u00e9 u jedn\u00e9 vla\u0161tovky nez\u016fst\u00e1vaj\u00ed. V \u010dervnu p\u0159ipravili v libereck\u00e9 zoo podobnou akci nazvanou Modr\u00fd slon. V pavilonu \u017eiraf p\u0159edvedli v\u00fdstavku rukod\u011bln\u00fdch v\u00fdrobk\u016f posti\u017een\u00fdch a ty nejlep\u0161\u00ed autory vyhodnotili p\u0159\u00edmo v zoo p\u0159i kulturn\u00edm programu.<\/p>\n<p>Hal\u00f3 noviny<\/p>\n","protected":false},"excerpt":{"rendered":"<div class=\"mh-excerpt\"><p>Z\u00e1slu\u017en\u00e1 akce prob\u00edh\u00e1 ka\u017edoro\u010dn\u011b na st\u00e1tn\u00edm z\u00e1mku Z\u00e1kupy. Um\u011blci, a\u0165 u\u017e zdrav\u00ed \u010di handicapovan\u00ed, tam spolu \u00bbtvo\u0159\u00ed du\u0161\u00ed\u00ab. Tak ostatn\u011b zn\u00ed i n\u00e1zev akce &#8211; <a class=\"mh-excerpt-more\" href=\"https:\/\/www.invarena.cz\/?p=26010\" title=\"V Z\u00e1kupech tvo\u0159\u00ed du\u0161\u00ed\">[&#8230;]<\/a><\/p>\n<\/div>","protected":false},"author":1,"featured_media":8202,"comment_status":"open","ping_status":"closed","sticky":false,"template":"","format":"standard","meta":{"footnotes":""},"categories":[9],"tags":[],"class_list":["post-26010","post","type-post","status-publish","format-standard","has-post-thumbnail","hentry","category-zpravy"],"_links":{"self":[{"href":"https:\/\/www.invarena.cz\/index.php?rest_route=\/wp\/v2\/posts\/26010","targetHints":{"allow":["GET"]}}],"collection":[{"href":"https:\/\/www.invarena.cz\/index.php?rest_route=\/wp\/v2\/posts"}],"about":[{"href":"https:\/\/www.invarena.cz\/index.php?rest_route=\/wp\/v2\/types\/post"}],"author":[{"embeddable":true,"href":"https:\/\/www.invarena.cz\/index.php?rest_route=\/wp\/v2\/users\/1"}],"replies":[{"embeddable":true,"href":"https:\/\/www.invarena.cz\/index.php?rest_route=%2Fwp%2Fv2%2Fcomments&post=26010"}],"version-history":[{"count":0,"href":"https:\/\/www.invarena.cz\/index.php?rest_route=\/wp\/v2\/posts\/26010\/revisions"}],"wp:featuredmedia":[{"embeddable":true,"href":"https:\/\/www.invarena.cz\/index.php?rest_route=\/wp\/v2\/media\/8202"}],"wp:attachment":[{"href":"https:\/\/www.invarena.cz\/index.php?rest_route=%2Fwp%2Fv2%2Fmedia&parent=26010"}],"wp:term":[{"taxonomy":"category","embeddable":true,"href":"https:\/\/www.invarena.cz\/index.php?rest_route=%2Fwp%2Fv2%2Fcategories&post=26010"},{"taxonomy":"post_tag","embeddable":true,"href":"https:\/\/www.invarena.cz\/index.php?rest_route=%2Fwp%2Fv2%2Ftags&post=26010"}],"curies":[{"name":"wp","href":"https:\/\/api.w.org\/{rel}","templated":true}]}}