{"id":26017,"date":"2016-07-13T17:42:48","date_gmt":"2016-07-13T15:42:48","guid":{"rendered":"http:\/\/www.invarena.cz\/?p=26017"},"modified":"2016-07-13T17:42:48","modified_gmt":"2016-07-13T15:42:48","slug":"pro-dobrou-vec-za-vozickare-letos-bojovalo-dve-ste-bezcu","status":"publish","type":"post","link":"https:\/\/www.invarena.cz\/?p=26017","title":{"rendered":"Pro dobrou v\u011bc. Za voz\u00ed\u010dk\u00e1\u0159e letos bojovalo dv\u011b st\u011b b\u011b\u017ec\u016f"},"content":{"rendered":"<p><strong>Spolek Trend voz\u00ed\u010dk\u00e1\u0159\u016f Olomouc z\u00edskal d\u00edky b\u011b\u017ec\u016fm 72 tis\u00edc<\/strong><!--more--><\/p>\n<p>St\u0159edn\u00ed Morava \u2013 B\u011bh pro Dobrou v\u011bc je projektem na spr\u00e1vn\u00e9m m\u00edst\u011b. Jeho princip je jednoduch\u00fd. Sta\u010d\u00ed si koupit registraci na jeden ze z\u00e1vod\u016f b\u011b\u017eeck\u00e9 ligy Runczech nap\u0159\u00edklad u Spolku Trend voz\u00ed\u010dk\u00e1\u0159\u016f Olomouc a nejen\u017ee si zab\u011bhnete jeden z nejkvalitn\u011bj\u0161\u00edch z\u00e1vod\u016f u n\u00e1s, ale z ka\u017ed\u00e9 zakoupen\u00e9 registrace p\u0159isp\u011bjete pr\u00e1v\u011b vybran\u00e9 organizaci na podporu jej\u00ed \u010dinnosti.<\/p>\n<p>Spolek Trend voz\u00ed\u010dk\u00e1\u0159\u016f Olomouc je ji\u017e t\u0159et\u00edm rokem zapojen\u00fd do tohoto projektu a i v tomto roce byl statut\u00e1rn\u00edm charitativn\u00edm partnerem Mattoni 1Maratonu Olomouc. B\u011bh pro dobrou v\u011bc v Trendu voz\u00ed\u010dk\u00e1\u0159\u016f Olomouc podporuje i prim\u00e1tor m\u011bsta Anton\u00edn Stan\u011bk, Zden\u011bk Korti\u0161 \u010di sv\u011btozn\u00e1m\u00e1 b\u011b\u017ekyn\u011b Petra Kam\u00ednkov\u00e1, kter\u00e1 je ambasadorkou olomouck\u00fdch voz\u00ed\u010dk\u00e1\u0159\u016f.<\/p>\n<p>&#8222;Pr\u00e1v\u011b v tomto roce za n\u00e1s b\u011b\u017eelo skoro dv\u011b st\u011b b\u011b\u017ec\u016f, kte\u0159\u00ed sv\u00fdm dobr\u00fdm srdcem a chut\u00ed pom\u00e1hat koupili registraci na jeden ze z\u00e1vod\u016f a podpo\u0159ili na\u0161e klienty. Z\u00edskali jsme proto 72 tis\u00edc korun na \u010dinnost, podporu soci\u00e1ln\u00edch slu\u017eeb, zejm\u00e9na osobn\u00ed asistence,&#8220; \u0159ekl garant projektu Tom\u00e1\u0161 Hel\u00edsek ze Spolku Trend voz\u00ed\u010dk\u00e1\u0159\u016f Olomouc.<\/p>\n<p>I kdy\u017e spolku b\u011b\u017eeck\u00e1 liga v tomto roce zcela nedob\u011bhla, u\u017e nyn\u00ed se mohou z\u00e1jemci p\u0159ihl\u00e1sit o svou registraci na rok 2017, a podpo\u0159it tak t\u0159eba olomouck\u00e9 voz\u00ed\u010dk\u00e1\u0159e. Postup je jednoduch\u00fd. Sta\u010d\u00ed si koupit registraci na p\u0159\u00ed\u0161t\u00ed rok, b\u011b\u017eet za svou organizaci pro dobrou v\u011bc a financemi z\u00edskan\u00fdmi z n\u00e1kupu pomoct pot\u0159ebn\u00fdm.<\/p>\n<p>13.7.2016<br \/>\nLEO\u0160 FILIPI<br \/>\nOlomouck\u00fd den\u00edk<br \/>\n<a href=\"http:\/\/www.olomoucky.denik.cz\/\">http:\/\/www.olomoucky.denik.cz\/<\/a><\/p>\n","protected":false},"excerpt":{"rendered":"<div class=\"mh-excerpt\"><p>Spolek Trend voz\u00ed\u010dk\u00e1\u0159\u016f Olomouc z\u00edskal d\u00edky b\u011b\u017ec\u016fm 72 tis\u00edc<\/p>\n<\/div>","protected":false},"author":1,"featured_media":15261,"comment_status":"open","ping_status":"closed","sticky":false,"template":"","format":"standard","meta":{"footnotes":""},"categories":[9],"tags":[],"class_list":["post-26017","post","type-post","status-publish","format-standard","has-post-thumbnail","hentry","category-zpravy"],"_links":{"self":[{"href":"https:\/\/www.invarena.cz\/index.php?rest_route=\/wp\/v2\/posts\/26017","targetHints":{"allow":["GET"]}}],"collection":[{"href":"https:\/\/www.invarena.cz\/index.php?rest_route=\/wp\/v2\/posts"}],"about":[{"href":"https:\/\/www.invarena.cz\/index.php?rest_route=\/wp\/v2\/types\/post"}],"author":[{"embeddable":true,"href":"https:\/\/www.invarena.cz\/index.php?rest_route=\/wp\/v2\/users\/1"}],"replies":[{"embeddable":true,"href":"https:\/\/www.invarena.cz\/index.php?rest_route=%2Fwp%2Fv2%2Fcomments&post=26017"}],"version-history":[{"count":0,"href":"https:\/\/www.invarena.cz\/index.php?rest_route=\/wp\/v2\/posts\/26017\/revisions"}],"wp:featuredmedia":[{"embeddable":true,"href":"https:\/\/www.invarena.cz\/index.php?rest_route=\/wp\/v2\/media\/15261"}],"wp:attachment":[{"href":"https:\/\/www.invarena.cz\/index.php?rest_route=%2Fwp%2Fv2%2Fmedia&parent=26017"}],"wp:term":[{"taxonomy":"category","embeddable":true,"href":"https:\/\/www.invarena.cz\/index.php?rest_route=%2Fwp%2Fv2%2Fcategories&post=26017"},{"taxonomy":"post_tag","embeddable":true,"href":"https:\/\/www.invarena.cz\/index.php?rest_route=%2Fwp%2Fv2%2Ftags&post=26017"}],"curies":[{"name":"wp","href":"https:\/\/api.w.org\/{rel}","templated":true}]}}