{"id":26022,"date":"2016-07-16T13:21:29","date_gmt":"2016-07-16T11:21:29","guid":{"rendered":"http:\/\/www.invarena.cz\/?p=26022"},"modified":"2016-07-16T13:21:29","modified_gmt":"2016-07-16T11:21:29","slug":"novy-fenomen-socialni-sluzby-nacerno","status":"publish","type":"post","link":"https:\/\/www.invarena.cz\/?p=26022","title":{"rendered":"Nov\u00fd fenom\u00e9n? Soci\u00e1ln\u00ed slu\u017eby na\u010derno"},"content":{"rendered":"<p><strong>Senio\u0159i a zdravotn\u011b posti\u017een\u00ed jsou nej\u010dast\u011bji c\u00edlem podnikavc\u016f, kte\u0159\u00ed provozuj\u00ed soci\u00e1ln\u00ed slu\u017eby bez opr\u00e1vn\u011bn\u00ed. Kraj zaznamenal v posledn\u00ed dob\u011b n\u00e1r\u016fst po\u010dtu takov\u00fdch subjekt\u016f, kte\u0159\u00ed zneu\u017e\u00edvaj\u00ed d\u016fv\u011bry a nev\u011bdomosti laick\u00e9 ve\u0159ejnosti i zranitelnosti lid\u00ed pot\u0159ebuj\u00edc\u00edch p\u00e9\u010di.<\/strong><!--more--><\/p>\n<p>Podle vedouc\u00edho krajsk\u00e9ho odboru soci\u00e1ln\u00edch v\u011bc\u00ed Daniela Rychlika je ve spole\u010dnosti st\u00e1le zako\u0159en\u011bno p\u0159esv\u011bd\u010den\u00ed, \u017ee nemocn\u00fd a nesob\u011bsta\u010dn\u00fd \u010dlov\u011bk mus\u00ed b\u00fdt v za\u0159\u00edzen\u00ed, kde se o n\u011bj postaraj\u00ed. &#8222;P\u0159itom jsou dostupn\u00e9 i ter\u00e9nn\u00ed soci\u00e1ln\u00ed slu\u017eby, a lid\u00e9 tak mohou z\u016fstat co nejd\u00e9le v jejich p\u0159irozen\u00e9m prost\u0159ed\u00ed, tam, kde to dob\u0159e znaj\u00ed a p\u00e9\u010de o n\u011b bude zaji\u0161t\u011bna,&#8220; nast\u00ednil.<\/p>\n<p>Od st\u00e1tu na zaji\u0161t\u011bn\u00ed odpov\u00eddaj\u00edc\u00ed p\u00e9\u010de mohou lid\u00e9 z\u00edskat p\u0159\u00edsp\u011bvek na p\u00e9\u010di. V p\u0159\u00edpad\u011b, \u017ee ji prov\u00e1d\u00ed neleg\u00e1ln\u00ed poskytovatel soci\u00e1ln\u00edch slu\u017eeb, m\u016f\u017ee p\u0159\u00edjemce o d\u00e1vku p\u0159ij\u00edt. &#8222;Proto je vyu\u017e\u00edv\u00e1n\u00ed slu\u017eeb bez opr\u00e1vn\u011bn\u00ed spojeno s rizikem,&#8220; varoval Rychlik s t\u00edm, \u017ee neleg\u00e1ln\u00ed poskytovatel\u00e9 zpravidla nejsou schopni \u010di ochotni ani zajistit odpov\u00eddaj\u00edc\u00ed p\u00e9\u010di pot\u0159ebn\u00fdm odborn\u00fdm person\u00e1lem. &#8222;V mnoha p\u0159\u00edpadech nav\u00edc za nekvalitn\u00ed p\u00e9\u010di lid\u00e9 zaplat\u00ed stejn\u011b nebo mnohem v\u00edce, ne\u017e kdyby vyu\u017eili registrovanou ter\u00e9nn\u00ed slu\u017ebu v dom\u00e1c\u00edm prost\u0159ed\u00ed nebo dokonce slu\u017ebu pobytovou,&#8220; upozornil<\/p>\n<p>\u0158e\u0161en\u00edm, kter\u00e9 zastav\u00ed neleg\u00e1ln\u00ed provozovatele soci\u00e1ln\u00edch slu\u017eeb, je podle Rychlika nejen komplexn\u00ed p\u0159\u00edstup a sou\u010dinnost v\u0161ech zainteresovan\u00fdch org\u00e1n\u016f, ale i legislativn\u00ed \u00faprava spolu s p\u0159enastaven\u00edm st\u00e1vaj\u00edc\u00edho syst\u00e9mu i pov\u011bdom\u00ed ve\u0159ejnosti. U\u017e nyn\u00ed ale m\u016f\u017ee kraj ulo\u017eit za provozov\u00e1n\u00ed soci\u00e1ln\u00edch slu\u017eeb bez \u0159\u00e1dn\u00e9ho opr\u00e1vn\u011bn\u00ed a\u017e mili\u00f3novou pokutu, a od srpna dokonce a\u017e 2 mili\u00f3ny. Dosud krajsk\u00fd \u00fa\u0159ad ulo\u017eil sankce za celkem p\u0159ibli\u017en\u011b 2,5 mili\u00f3nu. &#8222;Vedeme dal\u0161\u00edch p\u011bt \u0159\u00edzen\u00ed v\u016f\u010di osob\u00e1m poskytuj\u00edc\u00edm soci\u00e1ln\u00ed slu\u017eby bez pat\u0159i\u010dn\u00e9ho opr\u00e1vn\u011bn\u00ed,&#8220; prozradil vedouc\u00ed odboru soci\u00e1ln\u00edch v\u011bc\u00ed s t\u00edm, \u017ee aktu\u00e1ln\u00ed informace o tom, zda jde o subjekt poskytovatele soci\u00e1ln\u00edch slu\u017eeb na z\u00e1klad\u011b \u0159\u00e1dn\u00e9ho opr\u00e1vn\u011bn\u00ed, mohou lid\u00e9 nal\u00e9zt na webu http:\/\/iregistr.mpsv.cz nebo dotazem u soci\u00e1ln\u00edho pracovn\u00edka na obci s roz\u0161\u00ed\u0159enou p\u016fsobnost\u00ed \u010di na krajsk\u00e9m \u00fa\u0159adu.<\/p>\n<p>Pr\u00e1vo<\/p>\n","protected":false},"excerpt":{"rendered":"<div class=\"mh-excerpt\"><p>Senio\u0159i a zdravotn\u011b posti\u017een\u00ed jsou nej\u010dast\u011bji c\u00edlem podnikavc\u016f, kte\u0159\u00ed provozuj\u00ed soci\u00e1ln\u00ed slu\u017eby bez opr\u00e1vn\u011bn\u00ed. Kraj zaznamenal v posledn\u00ed dob\u011b n\u00e1r\u016fst po\u010dtu takov\u00fdch subjekt\u016f, kte\u0159\u00ed zneu\u017e\u00edvaj\u00ed <a class=\"mh-excerpt-more\" href=\"https:\/\/www.invarena.cz\/?p=26022\" title=\"Nov\u00fd fenom\u00e9n? Soci\u00e1ln\u00ed slu\u017eby na\u010derno\">[&#8230;]<\/a><\/p>\n<\/div>","protected":false},"author":1,"featured_media":14130,"comment_status":"open","ping_status":"closed","sticky":false,"template":"","format":"standard","meta":{"footnotes":""},"categories":[9],"tags":[],"class_list":["post-26022","post","type-post","status-publish","format-standard","has-post-thumbnail","hentry","category-zpravy"],"_links":{"self":[{"href":"https:\/\/www.invarena.cz\/index.php?rest_route=\/wp\/v2\/posts\/26022","targetHints":{"allow":["GET"]}}],"collection":[{"href":"https:\/\/www.invarena.cz\/index.php?rest_route=\/wp\/v2\/posts"}],"about":[{"href":"https:\/\/www.invarena.cz\/index.php?rest_route=\/wp\/v2\/types\/post"}],"author":[{"embeddable":true,"href":"https:\/\/www.invarena.cz\/index.php?rest_route=\/wp\/v2\/users\/1"}],"replies":[{"embeddable":true,"href":"https:\/\/www.invarena.cz\/index.php?rest_route=%2Fwp%2Fv2%2Fcomments&post=26022"}],"version-history":[{"count":0,"href":"https:\/\/www.invarena.cz\/index.php?rest_route=\/wp\/v2\/posts\/26022\/revisions"}],"wp:featuredmedia":[{"embeddable":true,"href":"https:\/\/www.invarena.cz\/index.php?rest_route=\/wp\/v2\/media\/14130"}],"wp:attachment":[{"href":"https:\/\/www.invarena.cz\/index.php?rest_route=%2Fwp%2Fv2%2Fmedia&parent=26022"}],"wp:term":[{"taxonomy":"category","embeddable":true,"href":"https:\/\/www.invarena.cz\/index.php?rest_route=%2Fwp%2Fv2%2Fcategories&post=26022"},{"taxonomy":"post_tag","embeddable":true,"href":"https:\/\/www.invarena.cz\/index.php?rest_route=%2Fwp%2Fv2%2Ftags&post=26022"}],"curies":[{"name":"wp","href":"https:\/\/api.w.org\/{rel}","templated":true}]}}