{"id":26031,"date":"2016-07-14T11:24:26","date_gmt":"2016-07-14T09:24:26","guid":{"rendered":"http:\/\/www.invarena.cz\/?p=26031"},"modified":"2016-07-14T11:24:26","modified_gmt":"2016-07-14T09:24:26","slug":"imobilni-obcan-vaclav-kolin-ma-diky-daru-mesta-ostrov-vlastni-specialne-upravene-vozidlo","status":"publish","type":"post","link":"https:\/\/www.invarena.cz\/?p=26031","title":{"rendered":"Imobiln\u00ed ob\u010dan V\u00e1clav Kol\u00edn m\u00e1 d\u00edky daru M\u011bsta Ostrov vlastn\u00ed speci\u00e1ln\u011b upraven\u00e9 vozidlo"},"content":{"rendered":"<p><strong>Dar 50 000 korun, kter\u00fd obdr\u017eel imobiln\u00ed ob\u010dan V\u00e1clav Kol\u00edn od m\u011bsta Ostrov v polovin\u011b kv\u011btna, a kter\u00fd byl dopln\u011bn druh\u00fdm finan\u010dn\u00edm darem od nadace Agel, takt\u00e9\u017e ve v\u00fd\u0161i 50 000 korun, byl po t\u00e9m\u011b\u0159 dvou m\u011bs\u00edc\u00edch pou\u017eit na dobrou v\u011bc.<\/strong><!--more--><\/p>\n<p>Man\u017eel\u00e9 Kol\u00ednovi zakoupili speci\u00e1ln\u011b upraven\u00fd osobn\u00ed automobil vybaven\u00fd n\u00e1jezdovou rampou, po kter\u00e9 se do zavazadlov\u00e9ho prostoru vozu dostane tak\u00e9 p\u0159es sto kilogram\u016f v\u00e1\u017e\u00edc\u00ed elektrick\u00fd invalidn\u00ed voz\u00edk.<\/p>\n<p>Speci\u00e1ln\u011b upraven\u00fd automobil zna\u010dky Dacia, d\u00edky kter\u00e9mu bude moci V\u00e1clav Kol\u00edn cestovat i se sv\u00fdm p\u0159es 100 kilogram\u016f v\u00e1\u017e\u00edc\u00edm elektrick\u00fdm voz\u00edkem, ji\u017e \u0159\u00edk\u00e1 ostrovsk\u00e9mu imobiln\u00edmu ob\u010danovi pane. &#8222;Zdravotn\u00ed stav V\u00e1clava Kol\u00edna se v posledn\u00ed dob\u011b zhor\u0161il natolik, \u017ee se mo\u017enost p\u0159ev\u00e9zt jej nap\u0159\u00edklad k l\u00e9ka\u0159i stala nezbytnou. M\u011bsto se proto rozhodlo poskytnout mu finan\u010dn\u00ed dar ve v\u00fd\u0161i 50 000 korun,&#8220; \u0159ekl starosta Pavel \u010cekan.<\/p>\n<p>Dal\u0161\u00edch 50 000 korun v\u011bnovala panu Kol\u00ednovi Nadace Agel z Prost\u011bjova. Darovac\u00ed \u0161ek p\u0159edala v kv\u011btnu man\u017eel\u016fm Kol\u00ednov\u00fdm mana\u017eerka nadace Viktorie Sl\u00e1dkov\u00e1. Nadace Agel pom\u00e1h\u00e1 handicapovan\u00fdm ob\u010dan\u016fm a t\u011b\u017ece nemocn\u00fdm pacient\u016fm, jejich\u017e l\u00e9\u010dbu \u010dasto v\u016fbec nehrad\u00ed zdravotn\u00ed poji\u0161\u0165ovny. Pod\u00edl\u00ed se rovn\u011b\u017e na pomoci lidem, ke kter\u00fdm osud nebyl p\u0159\u00edv\u011btiv\u00fd, a podporuje organizace, jejich\u017e posl\u00e1n\u00edm je pomoc jin\u00fdm lidem, nejen s handicapem. P\u0159isp\u00edv\u00e1 na n\u00e1kup zdravotnick\u00fdch, kompenza\u010dn\u00edch a eduka\u010dn\u00edch pom\u016fcek, spolufinancuje n\u00e1klady na asisten\u010dn\u00ed a odleh\u010dovac\u00ed slu\u017eby, pobyty v l\u00e1zn\u00edch a l\u00e9\u010debn\u00fdch za\u0159\u00edzen\u00edch ad.<\/p>\n<p>Speci\u00e1ln\u011b upraven\u00fd automobil vy\u0161el na p\u0159ibli\u017en\u011b 220 000 korun a zbylou \u010d\u00e1stku, kterou nepokryly dary, zafinancovali man\u017eel\u00e9 Kol\u00ednovi z \u00fav\u011bru.<\/p>\n<p>Parlamentn\u00ed Listy<\/p>\n","protected":false},"excerpt":{"rendered":"<div class=\"mh-excerpt\"><p>Dar 50 000 korun, kter\u00fd obdr\u017eel imobiln\u00ed ob\u010dan V\u00e1clav Kol\u00edn od m\u011bsta Ostrov v polovin\u011b kv\u011btna, a kter\u00fd byl dopln\u011bn druh\u00fdm finan\u010dn\u00edm darem od nadace <a class=\"mh-excerpt-more\" href=\"https:\/\/www.invarena.cz\/?p=26031\" title=\"Imobiln\u00ed ob\u010dan V\u00e1clav Kol\u00edn m\u00e1 d\u00edky daru M\u011bsta Ostrov vlastn\u00ed speci\u00e1ln\u011b upraven\u00e9 vozidlo\">[&#8230;]<\/a><\/p>\n<\/div>","protected":false},"author":1,"featured_media":24717,"comment_status":"open","ping_status":"closed","sticky":false,"template":"","format":"standard","meta":{"footnotes":""},"categories":[9],"tags":[],"class_list":["post-26031","post","type-post","status-publish","format-standard","has-post-thumbnail","hentry","category-zpravy"],"_links":{"self":[{"href":"https:\/\/www.invarena.cz\/index.php?rest_route=\/wp\/v2\/posts\/26031","targetHints":{"allow":["GET"]}}],"collection":[{"href":"https:\/\/www.invarena.cz\/index.php?rest_route=\/wp\/v2\/posts"}],"about":[{"href":"https:\/\/www.invarena.cz\/index.php?rest_route=\/wp\/v2\/types\/post"}],"author":[{"embeddable":true,"href":"https:\/\/www.invarena.cz\/index.php?rest_route=\/wp\/v2\/users\/1"}],"replies":[{"embeddable":true,"href":"https:\/\/www.invarena.cz\/index.php?rest_route=%2Fwp%2Fv2%2Fcomments&post=26031"}],"version-history":[{"count":0,"href":"https:\/\/www.invarena.cz\/index.php?rest_route=\/wp\/v2\/posts\/26031\/revisions"}],"wp:featuredmedia":[{"embeddable":true,"href":"https:\/\/www.invarena.cz\/index.php?rest_route=\/wp\/v2\/media\/24717"}],"wp:attachment":[{"href":"https:\/\/www.invarena.cz\/index.php?rest_route=%2Fwp%2Fv2%2Fmedia&parent=26031"}],"wp:term":[{"taxonomy":"category","embeddable":true,"href":"https:\/\/www.invarena.cz\/index.php?rest_route=%2Fwp%2Fv2%2Fcategories&post=26031"},{"taxonomy":"post_tag","embeddable":true,"href":"https:\/\/www.invarena.cz\/index.php?rest_route=%2Fwp%2Fv2%2Ftags&post=26031"}],"curies":[{"name":"wp","href":"https:\/\/api.w.org\/{rel}","templated":true}]}}