{"id":26044,"date":"2016-07-18T16:55:41","date_gmt":"2016-07-18T14:55:41","guid":{"rendered":"http:\/\/www.invarena.cz\/?p=26044"},"modified":"2016-07-18T16:56:02","modified_gmt":"2016-07-18T14:56:02","slug":"nejkrasnejsi-mezi-neslysicimi-jihoafricanka-a-francouz-metro","status":"publish","type":"post","link":"https:\/\/www.invarena.cz\/?p=26044","title":{"rendered":"Nejkr\u00e1sn\u011bj\u0161\u00ed mezi nesly\u0161\u00edc\u00edmi: Jihoafri\u010danka a Francouz"},"content":{"rendered":"<p><strong>Sv\u011btov\u00e9 fin\u00e1le sout\u011b\u017ee kr\u00e1sy nesly\u0161\u00edc\u00edch za rok 2016, kter\u00e9 se konalo v Praze, vyhr\u00e1la d\u00edvka z Jihoafrick\u00e9 republiky Janie Erasmusov\u00e1 a z\u00edskala titul Miss Deaf World 2016. V mu\u017esk\u00e9 kategorii putuje v\u00edt\u011bzstv\u00ed do Francie, titul Mister Deaf World 2016 si odnesl Kevin Petit.<\/strong><!--more--><\/p>\n<p> Na \u0161edes\u00e1t sout\u011b\u017e\u00edc\u00edch, kter\u00e9 hodnotila mezin\u00e1rodn\u00ed porota, poch\u00e1zelo z 41 st\u00e1t\u016f cel\u00e9ho sv\u011bta. Titulem Miss Deaf Europe pro leto\u0161n\u00ed rok se py\u0161n\u00ed Ukrajinka a Miss Deaf Asia Jihokorejka. Titul Mister Deaf Europe z\u00edskal \u0160pan\u011bl a nejmlad\u0161\u00ed kategorie Mister Deaf Asia putuje do \u010c\u00edny. Sout\u011b\u017e\u00edc\u00ed se nejprve p\u0159edstavili v n\u00e1rodn\u00edch kroj\u00edch, kter\u00fdmi prezentovali sv\u00e9 zem\u011b. Ve voln\u00fdch discipl\u00edn\u00e1ch d\u00edvky p\u0159ev\u00e1\u017en\u011b tan\u010dily.<\/p>\n<p>&nbsp;<\/p>\n<p>Metro<\/p>\n","protected":false},"excerpt":{"rendered":"<div class=\"mh-excerpt\"><p>Sv\u011btov\u00e9 fin\u00e1le sout\u011b\u017ee kr\u00e1sy nesly\u0161\u00edc\u00edch za rok 2016, kter\u00e9 se konalo v Praze, vyhr\u00e1la d\u00edvka z Jihoafrick\u00e9 republiky Janie Erasmusov\u00e1 a z\u00edskala titul Miss Deaf <a class=\"mh-excerpt-more\" href=\"https:\/\/www.invarena.cz\/?p=26044\" title=\"Nejkr\u00e1sn\u011bj\u0161\u00ed mezi nesly\u0161\u00edc\u00edmi: Jihoafri\u010danka a Francouz\">[&#8230;]<\/a><\/p>\n<\/div>","protected":false},"author":1,"featured_media":26047,"comment_status":"open","ping_status":"closed","sticky":false,"template":"","format":"standard","meta":{"footnotes":""},"categories":[9],"tags":[],"class_list":["post-26044","post","type-post","status-publish","format-standard","has-post-thumbnail","hentry","category-zpravy"],"_links":{"self":[{"href":"https:\/\/www.invarena.cz\/index.php?rest_route=\/wp\/v2\/posts\/26044","targetHints":{"allow":["GET"]}}],"collection":[{"href":"https:\/\/www.invarena.cz\/index.php?rest_route=\/wp\/v2\/posts"}],"about":[{"href":"https:\/\/www.invarena.cz\/index.php?rest_route=\/wp\/v2\/types\/post"}],"author":[{"embeddable":true,"href":"https:\/\/www.invarena.cz\/index.php?rest_route=\/wp\/v2\/users\/1"}],"replies":[{"embeddable":true,"href":"https:\/\/www.invarena.cz\/index.php?rest_route=%2Fwp%2Fv2%2Fcomments&post=26044"}],"version-history":[{"count":0,"href":"https:\/\/www.invarena.cz\/index.php?rest_route=\/wp\/v2\/posts\/26044\/revisions"}],"wp:featuredmedia":[{"embeddable":true,"href":"https:\/\/www.invarena.cz\/index.php?rest_route=\/wp\/v2\/media\/26047"}],"wp:attachment":[{"href":"https:\/\/www.invarena.cz\/index.php?rest_route=%2Fwp%2Fv2%2Fmedia&parent=26044"}],"wp:term":[{"taxonomy":"category","embeddable":true,"href":"https:\/\/www.invarena.cz\/index.php?rest_route=%2Fwp%2Fv2%2Fcategories&post=26044"},{"taxonomy":"post_tag","embeddable":true,"href":"https:\/\/www.invarena.cz\/index.php?rest_route=%2Fwp%2Fv2%2Ftags&post=26044"}],"curies":[{"name":"wp","href":"https:\/\/api.w.org\/{rel}","templated":true}]}}