{"id":26046,"date":"2016-07-31T10:35:06","date_gmt":"2016-07-31T08:35:06","guid":{"rendered":"http:\/\/www.invarena.cz\/?p=26046"},"modified":"2016-07-31T10:35:06","modified_gmt":"2016-07-31T08:35:06","slug":"dobre-zlomeny-vozickar-je-pro-firmu-pozehnanim","status":"publish","type":"post","link":"https:\/\/www.invarena.cz\/?p=26046","title":{"rendered":"Dob\u0159e zlomen\u00fd voz\u00ed\u010dk\u00e1\u0159 je pro firmu po\u017eehn\u00e1n\u00edm"},"content":{"rendered":"<p><strong>Mnoho posti\u017een\u00fdch pot\u0159ebuje jenom impulz do \u017eivota. A taky slu\u0161nou pr\u00e1ci, \u0159\u00edk\u00e1 \u0161\u00e9f sdru\u017een\u00ed Cesta za snem He\u0159man Volf <\/strong><!--more--><\/p>\n<p>Nejde n\u00e1m o to, rozd\u00e1vat pen\u00edze, ale uk\u00e1zat, \u017ee se s posti\u017een\u00edm d\u00e1 \u017e\u00edt, \u0159\u00edk\u00e1 He\u0159man Volf. Jeho sdru\u017een\u00ed Cesta za snem za\u010d\u00edn\u00e1 b\u00fdt po p\u00e1r letech, kdy po\u0159\u00e1d\u00e1 z\u00e1\u017eitkov\u00e9 sportovn\u00ed akce, zn\u00e1m\u00e9 i mimo komunitu posti\u017een\u00fdch lid\u00ed. <\/p>\n<p>&#8211; P\u0159ed p\u00e1r lety jste v jednom z rozhovor\u016f \u0159\u00edkal, \u017ee vlastn\u011b nev\u00edte, jestli v\u00e1m \u00faraz v\u00edc vzal, nebo dal, a a\u017e budete m\u00edt \u010das, d\u00e1te to na misky vah. Jak to dopadlo? <\/p>\n<p>Je\u0161t\u011b nebyl \u010das. Ur\u010dit\u011b mi ale dal spoustu nov\u00fdch kamar\u00e1d\u016f, ani jednoho mi nevzal a upevnil vztah s m\u00fdmi d\u011btmi. A hrozn\u011b m\u011b bav\u00ed to, co d\u011bl\u00e1m. Vzal mi samoz\u0159ejm\u011b zdrav\u00ed. Ka\u017ed\u00fd se m\u011b pt\u00e1, jak dlouho to trv\u00e1, ne\u017e se s posti\u017een\u00edm \u010dlov\u011bk sm\u00ed\u0159\u00ed. S t\u00edm se nesm\u00ed\u0159\u00edte nikdy. Jen se s t\u00edm d\u00e1 nau\u010dit \u017e\u00edt. <\/p>\n<p>&#8211; Zd\u00e1 se v\u00e1m n\u011bkdy, \u017ee chod\u00edte? <\/p>\n<p>U\u017e skoro ne. Ob\u010das m\u00e1m pocit, \u017ee n\u011bkam b\u011b\u017e\u00edm a jde mi to blb\u011b. A jsou chv\u00edle, kdy jsem na\u0161tvan\u00fd, \u017ee n\u011bco nem\u016f\u017eu. <\/p>\n<p>&#8211; Co vlastn\u011b nem\u016f\u017eete? Postupem \u010dasu jste za\u010dal ly\u017eovat, plavat, jezdit na kole, b\u011b\u017ekovat\u2026 <\/p>\n<p>Nemysl\u00edm ve sportu. T\u0159eba si nem\u016f\u017eu doj\u00edt na houby. Nebo za\u0161roubovat \u017e\u00e1rovku. Manu\u00e1ln\u00ed pr\u00e1ce kolem domu jsem d\u011blal r\u00e1d. T\u011bch v\u011bc\u00ed jsou mraky. Kdy\u017e chcete jet k mo\u0159i, pot\u0159ebujete n\u011bkoho, kdo v\u00e1m do n\u011bj pom\u016f\u017ee. Zat\u00edm to jde, ale jak budu st\u00e1rnout, budu pomoc pot\u0159ebovat \u010d\u00edm d\u00e1l v\u00edc. Pokud tedy n\u011bkdo n\u011bco nevymysl\u00ed\u2026 J\u00e1 jsem optimista a po\u0159\u00e1d douf\u00e1m. M\u00e1m dv\u011b mo\u017enosti &#8211; bu\u010f budu le\u017eet v posteli a \u010dekat, a\u017e to p\u0159ijde, nebo si budu \u017eivot u\u017e\u00edvat, a a\u017e to p\u0159ijde, budu p\u0159ipraven. <\/p>\n<p>&#8211; Dok\u00e1\u017ee se v\u011bt\u0161ina lid\u00ed s posti\u017een\u00edm takhle vyrovnat? <\/p>\n<p>J\u00e1 se potk\u00e1v\u00e1m v\u011bt\u0161inou s lidmi, kte\u0159\u00ed bojuj\u00ed, nebo s t\u011bmi, kte\u0159\u00ed jsou na hran\u011b, a t\u011bm se sna\u017e\u00edme ten optimismus dodat. V\u010dera jsme m\u011bli kvadriatlon sm\u00ed\u0161en\u00fdch dvojic v Jablonci a byl tam \u010dlov\u011bk, kter\u00fd je na voz\u00edku &#8211; skokan do vody. Od \u00farazu m\u011bl panickou hr\u016fzu z vody. Tam se dok\u00e1zal na p\u0159ehrad\u011b poprv\u00e9 polo\u017eit do vody a plavat. T\u00edm defi nitivn\u011b vyhr\u00e1l. <\/p>\n<p>&#8211; Proto jste se postavil na ly\u017ee a rok po \u00farazu jste sjel sjezdovku v Herl\u00edkovic\u00edch, kde jste se zranil? <\/p>\n<p>\u010clov\u011bk se na to mus\u00ed postavit, tedy posadit v m\u00e9m p\u0159\u00edpad\u011b, a zlomit ten osobn\u00ed blok. Ten kluk v Jablonci to dok\u00e1zal a to byl m\u016fj top z\u00e1\u017eitek sobotn\u00edho dne. P\u0159ed\u00e1vali jsme sice tane\u010dn\u00ed voz\u00edk jedn\u00e9 posti\u017een\u00e9 hol\u010di\u010dce, ale to ka\u017ed\u00fd \u010dekal\u2026 <\/p>\n<p>&#8211; Pomoc stav\u00edte na z\u00e1\u017eitc\u00edch, nikoli na pen\u011bz\u00edch. Z\u00e1\u017eitky chyb\u011bj\u00ed posti\u017een\u00fdm v\u00edc? <\/p>\n<p>Ano, my chceme prvopl\u00e1nov\u011b uk\u00e1zat, \u017ee se d\u00e1 \u017e\u00edt, sv\u011bt se nezhroutil. V\u0161ichni z n\u00e1s tu u\u017e nemuseli b\u00fdt. Dostali jsme druhou \u0161anci a p\u0159ece se nebudeme ub\u00edjet t\u00edm, \u017ee n\u011bco nefunguje. Je spousta variant, jak se \u017eivotem nalo\u017eit. <\/p>\n<p>&#8211; Pro v\u00e1s byla t\u00edm impulzem olympi\u00e1da posti\u017een\u00fdch, na kterou jste se d\u00edval v televizi je\u0161t\u011b na spin\u00e1ln\u00ed jednotce\u2026 <\/p>\n<p>Ka\u017ed\u00fd mus\u00ed dostat n\u011bjak\u00fd impulz. Bu\u010f ho maj\u00ed lid\u00e9 v sob\u011b, nebo ho do nich mus\u00ed n\u011bkdo nacpat. J\u00e1 jsem asi zalo\u017een\u00edm bojovn\u00edk, ale hodn\u011b mi pomohlo, \u017ee jsem na ly\u017ea\u0159sk\u00e9m kurzu potkal Rudu Broj\u00edra, kter\u00fd je na voz\u00edku od 20 let. To byl m\u016fj guru. J\u00e1 u\u017e jsem v t\u00e9 dob\u011b v\u011bd\u011bl, co chci, ale teprve u n\u011bj jsem vid\u011bl, jak dok\u00e1\u017ee \u017e\u00edt v pohod\u011b a s radost\u00ed. Je skv\u011bl\u00e9 poznat, co posti\u017een\u00ed vrcholov\u00ed sportovci dok\u00e1\u017eou, ale to je pro norm\u00e1ln\u00edho \u010dlov\u011bka za hranic\u00ed toho, s \u010d\u00edm je schopen se ztoto\u017enit, uv\u011b\u0159it, \u017ee to zvl\u00e1dne tak\u00e9. Proto nikdo z n\u00e1s nen\u00ed organizovan\u00fd sportovec, my jsme hob\u00edci &#8211; jsme stejn\u00ed jako ti lid\u00e9, se kter\u00fdmi vlezeme do vody nebo je posad\u00edme na kolo. <\/p>\n<p>&#8211; Jak najdete lidi, kter\u00fdm je pot\u0159eba pomoci? <\/p>\n<p>Ze za\u010d\u00e1tku jsme kontaktovali spin\u00e1ln\u00ed jednotky a rehabilita\u010dn\u00ed \u00fastavy sami, dnes u\u017e n\u00e1s znaj\u00ed. My tady ale nejsme jen pro lidi, kte\u0159\u00ed maj\u00ed posti\u017eenou m\u00edchu. D\u011blaj\u00ed se bari\u00e9ry mezi jednotliv\u00fdmi posti\u017een\u00edmi &#8211; slepci, ochrnut\u00fdmi, nesly\u0161\u00edc\u00edmi, amput\u00e1\u0159i, po obrn\u011b &#8211; n\u00e1m je to jedno. Sport je n\u011bkdy lep\u0161\u00ed ne\u017e tis\u00edc terapeut\u016f. Dnes u\u017e m\u00e1me za sebou t\u0159i \u010cEZ handy kvadriatlony sm\u00ed\u0161en\u00fdch dvojic. A m\u016f\u017ee to b\u00fdt star\u00fd s mlad\u00fdm, \u017eena a mu\u017e, posti\u017een\u00fd a zdrav\u00fd, voz\u00ed\u010dk\u00e1\u0159 s nevidom\u00fdm &#8211; je to jedno.<br \/>\nHlavn\u00ed je, \u017ee se navazuj\u00ed nov\u00e9 kontakty a z\u00e1vodn\u00edk\u016fm je dob\u0159e. Letos m\u00e1me je\u0161t\u011b dva kvadriatlony sm\u00ed\u0161en\u00fdch dvojic v Praze a v olympijsk\u00e9 vesni\u010dce na Lipn\u011b. Mezi nimi je\u0161t\u011b prob\u011bhne Metrostav handy cyklo maraton, kdy t\u00fdmy, kter\u00e9 mezi sebou maj\u00ed alespo\u0148 jednoho posti\u017een\u00e9ho, ujedou za 111 hodin 2222 kilometr\u016f. <\/p>\n<p>&#8211; Je o to z\u00e1jem? <\/p>\n<p>A\u017e trochu p\u0159ekvapiv\u00fd. Letos jedeme t\u0159et\u00ed ro\u010dn\u00edk cyklomaratonu a m\u00e1me u\u017e \u010dty\u0159icet t\u00fdm\u016f. Pro z\u00e1\u017eitkov\u00fd v\u00edkend jsme museli naj\u00edt nov\u00e9 m\u00edsto, na to star\u00e9 se nevejdeme. Loni p\u0159ijelo t\u0159i sta lid\u00ed. <\/p>\n<p>&#8211; Cel\u00e1 ta va\u0161e Cesta za snem vlastn\u011b za\u010dala t\u00edm, \u017ee jste se rozhodl dojet na kole do Pa\u0159\u00ed\u017ee, potom do Bystrice, \u0158\u00edma a Osla. Jak v\u00e1s to v\u016fbec napadlo? <\/p>\n<p>Do Pa\u0159\u00ed\u017ee jsem se rozhodl jet, proto\u017ee to byl m\u016fj sen u\u017e p\u0159ed \u00farazem. Nav\u00edc jsem m\u011bl doma kolo, kter\u00e9 bylo dra\u017e\u0161\u00ed ne\u017e auto, a jednou za 14 dn\u00ed na n\u011bm vyjet, je m\u00e1lo. Slo\u017eila se mi na n\u011bj spousta lid\u00ed. P\u0159ed dev\u00edti lety jsem sly\u0161el v r\u00e1diu, \u017ee otev\u0159eli cyklostezku do Pa\u0159\u00ed\u017ee, a to rozhodlo. A V\u00edt\u011bzn\u00fd oblouk, to je symbol, to je jasn\u00e9\u2026 Kamar\u00e1dovi jsem u piva \u0159ekl, aby jel se mnou, on k\u00fdvl a pak jsem to \u0159ekl v\u0161em, abych nemohl couvnout. <\/p>\n<p>&#8211; A pak jste si \u0159ekl, \u017ee zkus\u00edte vybudit i dal\u0161\u00ed? <\/p>\n<p>Bylo to tak \u00fa\u017easn\u00e9, \u017ee jsem v\u011bd\u011bl, \u017ee to neskon\u010d\u00ed. Po p\u00e1r cest\u00e1ch mi lid\u00e9 volali, \u017ee by cht\u011bli jet tak\u00e9. \u0158\u00edkal jsem jim: Vezm\u011bte si na m\u011bs\u00edc dovolenou a pojedeme, ale to nikdo necht\u011bl\u2026 Tak jsme za\u010dali p\u0159em\u00fd\u0161let, co jin\u00e9ho bl\u00e1zniv\u00e9ho ud\u011blat pro v\u00edc lid\u00ed tak, abychom na to sehnali pen\u00edze. V\u011bd\u011bl jsem, \u017ee to mus\u00ed b\u00fdt dostate\u010dn\u00fd \u00falet, aby to vyniklo nad pr\u016fm\u011br. A byl z toho prvn\u00ed cyklomaraton. <\/p>\n<p>&#8211; Cestu do Norska jste v\u011bnovali 18 d\u011btem s obrnou. Ka\u017ed\u00fd si mohl vybrat n\u011bjak\u00fd sen limitovan\u00fd 50 tis\u00edci s t\u00edm, \u017ee vy mu ho spln\u00edte. Co cht\u011bly? <\/p>\n<p>R\u016fzn\u00e9 v\u011bci: po\u010d\u00edta\u010d ovl\u00e1dan\u00fd hlasem, speci\u00e1ln\u00ed kola a fotoapar\u00e1ty, dovolenou ve \u0160pan\u011blsku, pak jedno d\u00edt\u011b se cht\u011blo stra\u0161n\u011b pod\u00edvat do Dvora Kr\u00e1lov\u00e9 a vz\u00edt tam celou t\u0159\u00eddu, tak jsme jim tam objednali cel\u00fd v\u00edkend\u2026 <\/p>\n<p>&#8211; Berou d\u011bti posti\u017een\u00ed l\u00e9pe ne\u017e dosp\u011bl\u00ed? <\/p>\n<p>Nev\u00edm, ale m\u00e1m pocit, \u017ee ony ten \u017eivot \u017eij\u00ed, i kdy\u017e je to t\u011b\u017ek\u00e9, a my moc p\u0159em\u00fd\u0161l\u00edme. <\/p>\n<p>&#8211; Co nejv\u00edc sch\u00e1z\u00ed posti\u017een\u00fdm lidem? <\/p>\n<p>Je pot\u0159eba br\u00e1t je jako norm\u00e1ln\u00ed lidi. Ka\u017ed\u00fd m\u00e1 v \u017eivot\u011b n\u011bjak\u00fd probl\u00e9m &#8211; j\u00e1 s oblibou \u0159\u00edk\u00e1m, \u017ee ka\u017ed\u00fd je n\u011bjak posti\u017een\u00fd, jen n\u011bkte\u0159\u00ed to je\u0161t\u011b \u00fasp\u011b\u0161n\u011b skr\u00fdvaj\u00ed &#8211; a n\u011bkte\u0159\u00ed to maj\u00ed holt slo\u017eit\u011bj\u0161\u00ed. Finance ano, to je probl\u00e9m\u2026 Pro\u010d to ale nevy\u0159e\u0161it zam\u011bstn\u00e1n\u00edm? J\u00e1 \u010dasto p\u0159edn\u00e1\u0161\u00edm ve velk\u00fdch firm\u00e1ch, jak p\u0159ekon\u00e1vat p\u0159ek\u00e1\u017eky, a zji\u0161\u0165uji, \u017ee ty firmy a korporace by posti\u017een\u00e9 zam\u011bstnaly, ale nev\u011bd\u00ed, jak se k nim dostat, tak rad\u011bji zaplat\u00ed pokutu. U\u017e jsme p\u00e1rkr\u00e1t zprost\u0159edkovali kontakt firem s organizacemi posti\u017een\u00fdch, ale m\u00e1m pocit, \u017ee tu chyb\u00ed n\u011bjak\u00fd centr\u00e1ln\u00ed syst\u00e9m\u2026 P\u0159itom nejde jen o pen\u00edze, pr\u00e1ce stra\u0161n\u011b zvedne posti\u017een\u00fdm psychiku a ve velk\u00fdch korporac\u00edch jsou mraky pozic, kter\u00e9 mohou vykon\u00e1vat posti\u017een\u00ed. S oblibou tak\u00e9 \u0159\u00edk\u00e1m, \u017ee dob\u0159e zlomen\u00fd voz\u00ed\u010dk\u00e1\u0159 je pro firmu po\u017eehn\u00e1n\u00edm. <\/p>\n<p>&#8212; <\/p>\n<p>He\u0159man Volf (51) <\/p>\n<p>He\u0159man Volf je p\u0159edsedou sdru\u017een\u00ed Cesta za snem, kter\u00e9mu se dnes u\u017e v\u011bnuje profesion\u00e1ln\u011b. P\u0159ed deseti lety se zranil p\u0159i no\u010dn\u00edm ly\u017eov\u00e1n\u00ed. U\u017e na spin\u00e1ln\u00ed jednotce se rozhodl, \u017ee se vr\u00e1t\u00ed zp\u00e1tky do \u017eivota a nevzd\u00e1 to. \u0158ekl si, \u017ee do roka a do dne sjede kopec, kde se mu \u00faraz stal. Kopec sice v\u00edc spadal, ne\u017e sjel, ale postupn\u011b se vrhl na plav\u00e1n\u00ed, ly\u017ee, pot\u00e1p\u011bn\u00ed, jachting nebo sk\u00e1k\u00e1n\u00ed pad\u00e1kem. Nejv\u00edc mu ale u\u010darovalo kolo s ru\u010dn\u00edm pohonem, handbike. V roce 2009 se spolu se sv\u00fdm kamar\u00e1dem ze st\u0159edn\u00ed \u0161koly M\u00edlou Dole\u017ealem rozhodli pro v\u00fdlet pod pa\u0159\u00ed\u017esk\u00fd V\u00edt\u011bzn\u00fd oblouk. V\u00edce ne\u017e tis\u00edc t\u0159i sta kilometr\u016f dlouhou cestu zdolali za necel\u00e9 t\u0159i t\u00fddny. Projekt nazvan\u00fd Cesta za snem z\u00edskal ohlas. Po dokon\u010den\u00ed \u010dty\u0159i roky trvaj\u00edc\u00edho projektu Na handbiku k\u0159\u00ed\u017eem kr\u00e1\u017eem Evropou se rozhodli d\u011blat projekty pro v\u0161echny. Vymysleli prvn\u00ed Opel handy cyklo maraton. Psal se rok 2013. Dnes u\u017e maj\u00ed takov\u00fdch projekt\u016f n\u011bkolik. C\u00edlem Cesty za snem je zm\u011bnit lidem \u017eivot prost\u0159ednictv\u00edm z\u00e1\u017eitku, ne pen\u011bz. Ka\u017ed\u00fd mus\u00ed dostat n\u011bjak\u00fd impulz. Bu\u010f ho maj\u00ed lid\u00e9 v sob\u011b, nebo ho do nich mus\u00ed n\u011bkdo nacpat. <\/p>\n<p>Hana Bo\u0159\u00edkov\u00e1<br \/>\nEuro<\/p>\n","protected":false},"excerpt":{"rendered":"<div class=\"mh-excerpt\"><p>Mnoho posti\u017een\u00fdch pot\u0159ebuje jenom impulz do \u017eivota. A taky slu\u0161nou pr\u00e1ci, \u0159\u00edk\u00e1 \u0161\u00e9f sdru\u017een\u00ed Cesta za snem He\u0159man Volf<\/p>\n<\/div>","protected":false},"author":1,"featured_media":21476,"comment_status":"open","ping_status":"closed","sticky":false,"template":"","format":"standard","meta":{"footnotes":""},"categories":[9],"tags":[],"class_list":["post-26046","post","type-post","status-publish","format-standard","has-post-thumbnail","hentry","category-zpravy"],"_links":{"self":[{"href":"https:\/\/www.invarena.cz\/index.php?rest_route=\/wp\/v2\/posts\/26046","targetHints":{"allow":["GET"]}}],"collection":[{"href":"https:\/\/www.invarena.cz\/index.php?rest_route=\/wp\/v2\/posts"}],"about":[{"href":"https:\/\/www.invarena.cz\/index.php?rest_route=\/wp\/v2\/types\/post"}],"author":[{"embeddable":true,"href":"https:\/\/www.invarena.cz\/index.php?rest_route=\/wp\/v2\/users\/1"}],"replies":[{"embeddable":true,"href":"https:\/\/www.invarena.cz\/index.php?rest_route=%2Fwp%2Fv2%2Fcomments&post=26046"}],"version-history":[{"count":0,"href":"https:\/\/www.invarena.cz\/index.php?rest_route=\/wp\/v2\/posts\/26046\/revisions"}],"wp:featuredmedia":[{"embeddable":true,"href":"https:\/\/www.invarena.cz\/index.php?rest_route=\/wp\/v2\/media\/21476"}],"wp:attachment":[{"href":"https:\/\/www.invarena.cz\/index.php?rest_route=%2Fwp%2Fv2%2Fmedia&parent=26046"}],"wp:term":[{"taxonomy":"category","embeddable":true,"href":"https:\/\/www.invarena.cz\/index.php?rest_route=%2Fwp%2Fv2%2Fcategories&post=26046"},{"taxonomy":"post_tag","embeddable":true,"href":"https:\/\/www.invarena.cz\/index.php?rest_route=%2Fwp%2Fv2%2Ftags&post=26046"}],"curies":[{"name":"wp","href":"https:\/\/api.w.org\/{rel}","templated":true}]}}