{"id":26059,"date":"2016-07-31T10:32:00","date_gmt":"2016-07-31T08:32:00","guid":{"rendered":"http:\/\/www.invarena.cz\/?p=26059"},"modified":"2016-07-31T10:32:00","modified_gmt":"2016-07-31T08:32:00","slug":"pavel-decky-se-stal-vicemistrem-cr","status":"publish","type":"post","link":"https:\/\/www.invarena.cz\/?p=26059","title":{"rendered":"Pavel D\u011bck\u00fd se stal vicemistrem \u010cR"},"content":{"rendered":"<p>Velk\u00e9ho sportovn\u00edho \u00fasp\u011bchu dos\u00e1hl fren\u0161t\u00e1tsk\u00fd handicapovan\u00fd sportovec Pavel D\u011bck\u00fd, kter\u00fd krom\u011b toho, \u017ee se v\u011bnuje sportovn\u00ed st\u0159elb\u011b, ji\u017e zhruba deset let z\u00e1vod\u00ed na handbiku, co\u017e je speci\u00e1ln\u011b upraven\u00e9 kolo pro voz\u00ed\u010dk\u00e1\u0159e.<\/p>\n<p><!--more--><\/p>\n<p> V z\u00e1vodech na handbiku Pavel D\u011bck\u00fd pravideln\u011b skl\u00edz\u00ed \u00fasp\u011bchy, dal\u0161\u00ed se dostavil v ned\u011bli 10. \u010dervence v Kamenici u Sedl\u010dan, kde na t\u011b\u017ek\u00e9 technick\u00e9 trati nesta\u010dil jen na skv\u011bl\u00e9ho Tom\u00e1\u0161e Mo\u0161ni\u010dku z Dukly Praha, kter\u00fd mu takto oplatil por\u00e1\u017eku z lo\u0148sk\u00e9ho mistrovstv\u00ed \u010cesk\u00e9 republiky.<br \/>\nZ\u00e1vod byl sou\u010d\u00e1st\u00ed \u010cesk\u00e9ho poh\u00e1ru MTB HandiCup 2016, kde Pavel D\u011bck\u00fd, \u010dlen spolku GO ON podporuj\u00edc\u00edho sportovn\u00ed \u010dinnost osob s r\u016fzn\u00fdm handicapem, ale i osob bez handicapu, vede s velk\u00fdm n\u00e1skokem. Seri\u00e1l MTB HandiCup 2016 m\u00e1 za sebou \u0161est z\u00e1vod\u016f &#8222;Pavel krom\u011b zm\u00edn\u011bn\u00e9 Kamenice v\u0161echny vyhr\u00e1l a bl\u00ed\u017e\u00ed se k obhajob\u011b lo\u0148sk\u00e9ho titulu v\u00edt\u011bze \u010desk\u00e9ho poh\u00e1ru,&#8220; doplnil Bohum\u00edr Ve\u010derek, sportovn\u00ed mana\u017eer Pavla D\u011bck\u00e9ho.<br \/>\nU\u017e v roce 2005 obsadil Pavel D\u011bck\u00fd 10. m\u00edsto na mistrovstv\u00ed Evropy, na mistrovstv\u00ed sv\u011bta o rok pozd\u011bji skon\u010dil na 19. m\u00edst\u011b. Loni vyhr\u00e1l \u010desk\u00fd poh\u00e1r a stal se mistrem \u010cesk\u00e9 republiky.<\/p>\n<p>Region T\u00fdden\u00edk okresu Nov\u00fd Ji\u010d\u00edn<\/p>\n","protected":false},"excerpt":{"rendered":"<div class=\"mh-excerpt\"><p>Velk\u00e9ho sportovn\u00edho \u00fasp\u011bchu dos\u00e1hl fren\u0161t\u00e1tsk\u00fd handicapovan\u00fd sportovec Pavel D\u011bck\u00fd, kter\u00fd krom\u011b toho, \u017ee se v\u011bnuje sportovn\u00ed st\u0159elb\u011b, ji\u017e zhruba deset let z\u00e1vod\u00ed na handbiku, co\u017e <a class=\"mh-excerpt-more\" href=\"https:\/\/www.invarena.cz\/?p=26059\" title=\"Pavel D\u011bck\u00fd se stal vicemistrem \u010cR\">[&#8230;]<\/a><\/p>\n<\/div>","protected":false},"author":1,"featured_media":0,"comment_status":"open","ping_status":"closed","sticky":false,"template":"","format":"standard","meta":{"footnotes":""},"categories":[9],"tags":[],"class_list":["post-26059","post","type-post","status-publish","format-standard","hentry","category-zpravy"],"_links":{"self":[{"href":"https:\/\/www.invarena.cz\/index.php?rest_route=\/wp\/v2\/posts\/26059","targetHints":{"allow":["GET"]}}],"collection":[{"href":"https:\/\/www.invarena.cz\/index.php?rest_route=\/wp\/v2\/posts"}],"about":[{"href":"https:\/\/www.invarena.cz\/index.php?rest_route=\/wp\/v2\/types\/post"}],"author":[{"embeddable":true,"href":"https:\/\/www.invarena.cz\/index.php?rest_route=\/wp\/v2\/users\/1"}],"replies":[{"embeddable":true,"href":"https:\/\/www.invarena.cz\/index.php?rest_route=%2Fwp%2Fv2%2Fcomments&post=26059"}],"version-history":[{"count":0,"href":"https:\/\/www.invarena.cz\/index.php?rest_route=\/wp\/v2\/posts\/26059\/revisions"}],"wp:attachment":[{"href":"https:\/\/www.invarena.cz\/index.php?rest_route=%2Fwp%2Fv2%2Fmedia&parent=26059"}],"wp:term":[{"taxonomy":"category","embeddable":true,"href":"https:\/\/www.invarena.cz\/index.php?rest_route=%2Fwp%2Fv2%2Fcategories&post=26059"},{"taxonomy":"post_tag","embeddable":true,"href":"https:\/\/www.invarena.cz\/index.php?rest_route=%2Fwp%2Fv2%2Ftags&post=26059"}],"curies":[{"name":"wp","href":"https:\/\/api.w.org\/{rel}","templated":true}]}}