{"id":26069,"date":"2016-07-21T00:37:43","date_gmt":"2016-07-20T22:37:43","guid":{"rendered":"http:\/\/www.invarena.cz\/?p=26069"},"modified":"2016-07-21T00:37:43","modified_gmt":"2016-07-20T22:37:43","slug":"v-cr-dal-prevazuji-zastanci-trestu-smrti-nad-jeho-odpurci","status":"publish","type":"post","link":"https:\/\/www.invarena.cz\/?p=26069","title":{"rendered":"V \u010cR d\u00e1l p\u0159eva\u017euj\u00ed zast\u00e1nci trestu smrti nad jeho odp\u016frci"},"content":{"rendered":"<p><strong>Zast\u00e1nc\u016f trestu smrti je v \u010cesku nad\u00e1le v\u00edce ne\u017e jeho odp\u016frc\u016f. Pro fungov\u00e1n\u00ed nejvy\u0161\u0161\u00edho trestu v \u010desk\u00e9m pr\u00e1vn\u00edm syst\u00e9mu se v \u010dervnu vyslovilo 58 procent, naopak proti bylo 35 procent lid\u00ed, tedy podobn\u011b jako v uplynul\u00fdch letech. <\/strong><!--more--><\/p>\n<p>Nem\u011bn\u00ed se ani n\u00e1zory ve\u0159ejnosti na pr\u00e1vo na interrupci a eutanazii. Souhlas\u00ed s nimi dv\u011b t\u0159etiny ob\u010dan\u016f. Vyplynulo to z dnes zve\u0159ejn\u011bn\u00e9ho pr\u016fzkumu Centra pro v\u00fdzkum ve\u0159ejn\u00e9ho m\u00edn\u011bn\u00ed (CVVM).<\/p>\n<p>Trest smrti byl na \u010desk\u00e9m \u00fazem\u00ed zru\u0161en v roce 1990 a nahrazen do\u017eivot\u00edm. Posledn\u00ed poprava se v \u010desk\u00fdch zem\u00edch konala 2. \u00fanora 1989, kdy byl v Praze ob\u011b\u0161en p\u011btin\u00e1sobn\u00fd vrah Vladim\u00edr Lulek. Je\u0161t\u011b v prvn\u00ed polovin\u011b 90. let minul\u00e9ho stolet\u00ed souhlasilo s existenc\u00ed trestu smrti p\u0159es 70 procent lid\u00ed, posl\u00e9ze jejich po\u010det klesl a od roku 2003 se dr\u017eel kolem t\u0159\u00ed p\u011btin, krom\u011b let 2005 a 2011, kdy byl o n\u011bco vy\u0161\u0161\u00ed. V letech 2011 a\u017e 2014 zast\u00e1nc\u016f op\u011bt ub\u00fdvalo a nyn\u00ed je jejich pod\u00edl v podstat\u011b stabiln\u00ed, uvedli auto\u0159i pr\u016fzkumu.<\/p>\n<p>S uz\u00e1kon\u011bn\u00edm eutanazie podle aktu\u00e1ln\u00edho pr\u016fzkumu souhlas\u00ed 66 procent lid\u00ed, proti mo\u017enosti ukon\u010dit \u017eivot nevyl\u00e9\u010diteln\u011b nemocn\u00e9ho \u010dlov\u011bka se vyslovilo 24 procent ob\u010dan\u016f. Desetina nev\u00ed, jak\u00e9 stanovisko k t\u00e9to ot\u00e1zce zaujmout. P\u011bt let tak z\u016fst\u00e1vaj\u00ed n\u00e1zory ve\u0159ejnosti na toto t\u00e9ma v\u00edcem\u00e9n\u011b stabiln\u00ed, proti lo\u0148sk\u00e9mu roku ale p\u0159ibylo t\u011bch, kte\u0159\u00ed s eutanazi\u00ed &#8222;rozhodn\u011b souhlas\u00ed&#8220;, a to o p\u011bt procentn\u00edch bod\u016f.<\/p>\n<p>Od roku 2010 se p\u0159\u00edli\u0161 nezm\u011bnily ani n\u00e1zory \u010cech\u016f na um\u011bl\u00e9 p\u0159eru\u0161en\u00ed t\u011bhotenstv\u00ed. Pr\u00e1vo rozhodnout se o p\u0159eru\u0161en\u00ed t\u011bhotenstv\u00ed p\u0159izn\u00e1v\u00e1 \u017een\u00e1m 68 procent \u010cech\u016f. Podle 18 procent lid\u00ed by interrupce m\u011bla b\u00fdt povolena jen s p\u0159ihl\u00e9dnut\u00edm ke zdravotn\u00edm a soci\u00e1ln\u00edm ohled\u016fm na d\u00edt\u011b a \u017eenu a podle sedmi procent jen v p\u0159\u00edpad\u011b ohro\u017een\u00ed \u017eivota t\u011bhotn\u00e9 \u017eeny. Pro \u00fapln\u00fd z\u00e1kaz se vyslovila t\u0159i procenta dot\u00e1zan\u00fdch.<\/p>\n<p>CVVM provedlo pr\u016fzkum v dob\u011b od 3. do 20. \u010dervna mezi tis\u00edcovkou lid\u00ed star\u0161\u00edch 15 let.<\/p>\n","protected":false},"excerpt":{"rendered":"<div class=\"mh-excerpt\"><p>Zast\u00e1nc\u016f trestu smrti je v \u010cesku nad\u00e1le v\u00edce ne\u017e jeho odp\u016frc\u016f. Pro fungov\u00e1n\u00ed nejvy\u0161\u0161\u00edho trestu v \u010desk\u00e9m pr\u00e1vn\u00edm syst\u00e9mu se v \u010dervnu vyslovilo 58 procent, <a class=\"mh-excerpt-more\" href=\"https:\/\/www.invarena.cz\/?p=26069\" title=\"V \u010cR d\u00e1l p\u0159eva\u017euj\u00ed zast\u00e1nci trestu smrti nad jeho odp\u016frci\">[&#8230;]<\/a><\/p>\n<\/div>","protected":false},"author":1,"featured_media":13918,"comment_status":"open","ping_status":"closed","sticky":false,"template":"","format":"standard","meta":{"footnotes":""},"categories":[9],"tags":[],"class_list":["post-26069","post","type-post","status-publish","format-standard","has-post-thumbnail","hentry","category-zpravy"],"_links":{"self":[{"href":"https:\/\/www.invarena.cz\/index.php?rest_route=\/wp\/v2\/posts\/26069","targetHints":{"allow":["GET"]}}],"collection":[{"href":"https:\/\/www.invarena.cz\/index.php?rest_route=\/wp\/v2\/posts"}],"about":[{"href":"https:\/\/www.invarena.cz\/index.php?rest_route=\/wp\/v2\/types\/post"}],"author":[{"embeddable":true,"href":"https:\/\/www.invarena.cz\/index.php?rest_route=\/wp\/v2\/users\/1"}],"replies":[{"embeddable":true,"href":"https:\/\/www.invarena.cz\/index.php?rest_route=%2Fwp%2Fv2%2Fcomments&post=26069"}],"version-history":[{"count":0,"href":"https:\/\/www.invarena.cz\/index.php?rest_route=\/wp\/v2\/posts\/26069\/revisions"}],"wp:featuredmedia":[{"embeddable":true,"href":"https:\/\/www.invarena.cz\/index.php?rest_route=\/wp\/v2\/media\/13918"}],"wp:attachment":[{"href":"https:\/\/www.invarena.cz\/index.php?rest_route=%2Fwp%2Fv2%2Fmedia&parent=26069"}],"wp:term":[{"taxonomy":"category","embeddable":true,"href":"https:\/\/www.invarena.cz\/index.php?rest_route=%2Fwp%2Fv2%2Fcategories&post=26069"},{"taxonomy":"post_tag","embeddable":true,"href":"https:\/\/www.invarena.cz\/index.php?rest_route=%2Fwp%2Fv2%2Ftags&post=26069"}],"curies":[{"name":"wp","href":"https:\/\/api.w.org\/{rel}","templated":true}]}}