{"id":26085,"date":"2016-07-22T08:50:09","date_gmt":"2016-07-22T06:50:09","guid":{"rendered":"http:\/\/www.invarena.cz\/?p=26085"},"modified":"2016-07-22T08:50:09","modified_gmt":"2016-07-22T06:50:09","slug":"pri-tuningovem-srazu-se-i-letos-pomahalo","status":"publish","type":"post","link":"https:\/\/www.invarena.cz\/?p=26085","title":{"rendered":"P\u0159i tuningov\u00e9m srazu se i letos pom\u00e1halo"},"content":{"rendered":"<p><strong>V\u00fdt\u011b\u017eek putuje neziskov\u00e9 organizaci a rodin\u011b nemocn\u00e9ho chlapce<\/strong> <!--more--><\/p>\n<p>Kr\u00e1sno \u2013 Celkem 25 tis\u00edc korun putuje na dobrou v\u011bc z v\u00edkendov\u00e9 akce New Action Tuning Kr\u00e1sno. Z \u010d\u00e1sti v\u00fdt\u011b\u017eku z\u00edskala darem 5 tis\u00edc neziskov\u00e1 organizace Pomoc v nouzi a 15 tis\u00edc korun \u0161lo ve prosp\u011bch sb\u00edrky Pomoc pro Honz\u00edka.<\/p>\n<p>Dal\u0161\u00edch 5 tis\u00edc korun nav\u00edc p\u0159idalo ze sv\u00e9ho rozpo\u010dtu m\u011bsto Kr\u00e1sno, aby tak p\u0159isp\u011blo na n\u00e1kup zdravotn\u00edch pom\u016fcek a slu\u017eeb zlep\u0161uj\u00edc\u00edch kvalitu \u017eivota zdravotn\u011b posti\u017een\u00e9ho chlapce.<\/p>\n<p>&#8222;D\u011bkujeme v\u0161em n\u00e1v\u0161t\u011bvn\u00edk\u016fm, kte\u0159\u00ed svoj\u00ed \u00fa\u010dast\u00ed podpo\u0159ili n\u00e1\u0161 z\u00e1m\u011br v\u011bnovat \u010d\u00e1st v\u00fdt\u011b\u017eku na dobro\u010dinn\u00e9 \u00fa\u010dely. D\u00edk pat\u0159\u00ed tak\u00e9 m\u011bstu Kr\u00e1sno, je\u017e se k na\u0161\u00ed my\u0161lence p\u0159ipojilo,&#8220; uvedl Tom\u00e1\u0161 Plechat\u00fd, organiz\u00e1tor New Action Tuning Kr\u00e1sno.<\/p>\n<p>Pomoc v nouzi se do\u010dkala podpory ze strany po\u0159adatel\u016f tuningov\u00e9ho srazu ji\u017e pot\u0159et\u00ed. A stejn\u011b jako v p\u0159edchoz\u00edch letech, tak i letos vyslala na leti\u0161tn\u00ed dr\u00e1hu sv\u00e9ho zelen\u00e9ho Trabi maskota, aby se zde utkal v ostr\u00e9m sprintu s vozem stejn\u00e9 kategorie. &#8222;Na\u0161\u00edm soupe\u0159em byl Alois Jan\u00e1\u010dek ze Sokolova, majitel modr\u00e9ho Trabanta 601 z roku 1978. A\u010d jsme si moc \u0161anc\u00ed ned\u00e1vali, tak se n\u00e1m nakonec poda\u0159ilo v exhibi\u010dn\u00edm duelu zv\u00edt\u011bzit. Vyrovnali jsme tak vz\u00e1jemn\u00e9 sk\u00f3re. P\u0159ed dv\u011bma lety byl toti\u017e rychlej\u0161\u00ed jeho veter\u00e1n,&#8220; usm\u00edval se nad\u0161en\u00fd trabantista Milan Hlou\u0161ek, z\u00e1stupce neziskovky Pomoc v nouzi.<\/p>\n<p>Ten po z\u00e1vod\u011b a n\u00e1sledn\u00e9m p\u0159evzet\u00ed symbolick\u00e9ho \u0161eku pro svoji organizaci nezapomn\u011bl na slova d\u00edk\u016f: &#8222;Auta\u0159i, v\u0161em v\u00e1m d\u011bkujeme, jste opravdu skv\u011bl\u00e1 parta lid\u00ed!&#8220;<\/p>\n<p>Sokolovsk\u00fd den\u00edk<br \/>\n<a href=\"http:\/\/sokolovsky.denik.cz\/\">http:\/\/sokolovsky.denik.cz\/<\/a><\/p>\n","protected":false},"excerpt":{"rendered":"<div class=\"mh-excerpt\"><p>V\u00fdt\u011b\u017eek putuje neziskov\u00e9 organizaci a rodin\u011b nemocn\u00e9ho chlapce<\/p>\n<\/div>","protected":false},"author":1,"featured_media":16377,"comment_status":"open","ping_status":"closed","sticky":false,"template":"","format":"standard","meta":{"footnotes":""},"categories":[9],"tags":[],"class_list":["post-26085","post","type-post","status-publish","format-standard","has-post-thumbnail","hentry","category-zpravy"],"_links":{"self":[{"href":"https:\/\/www.invarena.cz\/index.php?rest_route=\/wp\/v2\/posts\/26085","targetHints":{"allow":["GET"]}}],"collection":[{"href":"https:\/\/www.invarena.cz\/index.php?rest_route=\/wp\/v2\/posts"}],"about":[{"href":"https:\/\/www.invarena.cz\/index.php?rest_route=\/wp\/v2\/types\/post"}],"author":[{"embeddable":true,"href":"https:\/\/www.invarena.cz\/index.php?rest_route=\/wp\/v2\/users\/1"}],"replies":[{"embeddable":true,"href":"https:\/\/www.invarena.cz\/index.php?rest_route=%2Fwp%2Fv2%2Fcomments&post=26085"}],"version-history":[{"count":0,"href":"https:\/\/www.invarena.cz\/index.php?rest_route=\/wp\/v2\/posts\/26085\/revisions"}],"wp:featuredmedia":[{"embeddable":true,"href":"https:\/\/www.invarena.cz\/index.php?rest_route=\/wp\/v2\/media\/16377"}],"wp:attachment":[{"href":"https:\/\/www.invarena.cz\/index.php?rest_route=%2Fwp%2Fv2%2Fmedia&parent=26085"}],"wp:term":[{"taxonomy":"category","embeddable":true,"href":"https:\/\/www.invarena.cz\/index.php?rest_route=%2Fwp%2Fv2%2Fcategories&post=26085"},{"taxonomy":"post_tag","embeddable":true,"href":"https:\/\/www.invarena.cz\/index.php?rest_route=%2Fwp%2Fv2%2Ftags&post=26085"}],"curies":[{"name":"wp","href":"https:\/\/api.w.org\/{rel}","templated":true}]}}