{"id":26088,"date":"2016-07-22T09:05:44","date_gmt":"2016-07-22T07:05:44","guid":{"rendered":"http:\/\/www.invarena.cz\/?p=26088"},"modified":"2016-07-22T09:05:44","modified_gmt":"2016-07-22T07:05:44","slug":"straznici-z-kolina-poslali-ondrovi-z-ostrova-15-tisic","status":"publish","type":"post","link":"https:\/\/www.invarena.cz\/?p=26088","title":{"rendered":"Str\u00e1\u017en\u00edci z Kol\u00edna poslali Ondrovi z Ostrova 15 tis\u00edc"},"content":{"rendered":"<p><strong>D\u00edky druh\u00e9mu kolu sb\u00edrky &#8222;V\u00ed\u010dka pro Ondru&#8220;, kterou uspo\u0159\u00e1dali kol\u00edn\u0161t\u00ed str\u00e1\u017en\u00edci, p\u0159ibude na \u00fa\u010det posti\u017een\u00e9ho Ondry Du\u0161ka 15 463 korun.<\/strong><!--more--><\/p>\n<p>Ostrov \u2013 M\u011bstsk\u00e1 policie Kol\u00edn uspo\u0159\u00e1dala v lo\u0148sk\u00e9m roce sb\u00edrku plastov\u00fdch v\u00ed\u010dek. V\u00fdt\u011b\u017eek byl ur\u010den t\u011blesn\u011b posti\u017een\u00e9mu Ondrovi Du\u0161kovi z Ostrova u Ho\u0159ic v Podkrkono\u0161\u00ed a p\u0159isp\u011bl tak k \u010d\u00e1ste\u010dn\u00e9 \u00fahrad\u011b rehabilita\u010dn\u00edho pobytu v l\u00e1zn\u00edch.<\/p>\n<p>B\u011bhem kr\u00e1tk\u00e9 doby se poda\u0159ilo, d\u00edky kol\u00ednsk\u00fdm \u0161kol\u00e1m, \u0161kolk\u00e1m a firm\u00e1m, nasb\u00edrat 1000 kg plastov\u00fdch uz\u00e1v\u011br\u016f.<\/p>\n<p>Vzhledem k tomu, \u017ee zdravotn\u00ed stav Ondry vy\u017eaduje pokra\u010dov\u00e1n\u00ed v l\u00e9\u010debn\u00e9 rehabilitaci, kter\u00e1 nen\u00ed hrazena poji\u0161\u0165ovnou, rozhodla se M\u011bstsk\u00e1 policie Kol\u00edn k uspo\u0159\u00e1d\u00e1n\u00ed kola druh\u00e9ho. O pokra\u010dov\u00e1n\u00ed sb\u011bru v\u00ed\u010dek pro Ondru jsme, za pomoc\u00ed region\u00e1ln\u00edch m\u00e9di\u00ed, informovali tak\u00e9 kol\u00ednsk\u00e9 obyvatele a firmy a vyzvali je, zda n\u00e1m se sb\u011brem plast\u016f pomohou. B\u011bhem sedmi m\u011bs\u00edc\u016f se povedlo n\u011bco neuv\u011b\u0159iteln\u00e9ho. Zapojily se op\u011bt kol\u00ednsk\u00e9 \u0161koly a \u0161kolky, kol\u00ednsk\u00e9 firmy a organizace, M\u00da Kol\u00edn a M\u011bstsk\u00e1 knihovna Kol\u00edn (zde jsou z\u0159\u00edzena sb\u011brn\u00e1 m\u00edsta). Na slu\u017eebnu v Kutnohorsk\u00e9 ulici n\u00e1m p\u0159in\u00e1\u0161eli nasb\u00edran\u00e9 plasty zdej\u0161\u00ed ob\u010dan\u00e9, telefonicky se dotazovali na sb\u011br i lid\u00e9 bydl\u00edc\u00ed mimo m\u011bsto Kol\u00edn.<\/p>\n<p>P\u0159isp\u011bli nap\u0159. obyvatel\u00e9 Star\u00e9ho Kol\u00edna, po\u0161tou p\u0159i\u0161lo na adresu MP Kol\u00edn osm bal\u00edk\u016f v\u00ed\u010dek ze Stra\u0161ic (okres Rokycany \u2013 Plze\u0148sk\u00fd kraj). Nasb\u00edrali je \u017e\u00e1ci tamn\u00ed Z\u0160 Karla Vok\u00e1\u010de a pracovn\u00edci m\u00edstn\u00ed \u010cesk\u00e9 po\u0161ty, kte\u0159\u00ed tak\u00e9 zajistili odesl\u00e1n\u00ed z\u00e1silky zdarma. V p\u00e1tek prob\u011bhl ze sb\u011brn\u00e9ho m\u00edsta na MP Kol\u00edn svoz nashrom\u00e1\u017ed\u011bn\u00fdch plastov\u00fdch uz\u00e1v\u011br\u016f. Firma z \u010cesk\u00e9ho T\u011b\u0161\u00edna, kter\u00e1 se zab\u00fdv\u00e1 recyklac\u00ed plast\u016f, svoz provedla zdarma, pytle byly zv\u00e1\u017eeny, v\u00fdsledek n\u00e1s v\u0161echny obrovsky p\u0159ekvapil. Celkem bylo odvezeno 2209 kg plast\u016f. \u010c\u00e1stka, kter\u00e1 bude p\u0159ips\u00e1na na speci\u00e1ln\u00ed \u00fa\u010det, kter\u00fd je z\u0159\u00edzen\u00fd pro \u00fa\u010dely l\u00e9\u010dby Ondry, je neuv\u011b\u0159iteln\u00fdch 15 463 korun!<\/p>\n<p>POKRA\u010cUJEME<\/p>\n<p>Toto bylo mno\u017estv\u00ed, kter\u00e9 mohl \u0159idi\u010d vozidla jednor\u00e1zov\u011b pobrat. Vzhledem k tomu, \u017ee zde zbylo dal\u0161\u00edch asi 300 kilogram\u016f v\u00ed\u010dek, kter\u00e9 se do prvn\u00edho n\u00e1kladu neve\u0161ly, bude proveden dopl\u0148uj\u00edc\u00ed svoz v n\u00e1sleduj\u00edc\u00edch dnech. Tak\u017ee \u010d\u00e1stka 15 463 korun nen\u00ed je\u0161t\u011b kone\u010dn\u00e1.<\/p>\n<p>Ve sb\u011bru budeme pokra\u010dovat a budeme se sna\u017eit zp\u0159\u00edjemnit \u017eivot s posti\u017een\u00edm jednomu nemocn\u00e9mu klukovi.<\/p>\n<p>V\u0161em, kte\u0159\u00ed jste pomohli s organizac\u00ed a sb\u011brem, mnohokr\u00e1t jm\u00e9nem M\u011bstsk\u00e9 policie Kol\u00edn a rodiny Ondry Du\u0161ka d\u011bkujeme.<\/p>\n<p>Ji\u010d\u00ednsk\u00fd den\u00edk<br \/>\nHelena Honkiszov\u00e1<br \/>\n<a href=\"http:\/\/jicinsky.denik.cz\/\">http:\/\/jicinsky.denik.cz\/<\/a><\/p>\n","protected":false},"excerpt":{"rendered":"<div class=\"mh-excerpt\"><p>D\u00edky druh\u00e9mu kolu sb\u00edrky &#8222;V\u00ed\u010dka pro Ondru&#8220;, kterou uspo\u0159\u00e1dali kol\u00edn\u0161t\u00ed str\u00e1\u017en\u00edci, p\u0159ibude na \u00fa\u010det posti\u017een\u00e9ho Ondry Du\u0161ka 15 463 korun.<\/p>\n<\/div>","protected":false},"author":1,"featured_media":19889,"comment_status":"open","ping_status":"closed","sticky":false,"template":"","format":"standard","meta":{"footnotes":""},"categories":[9],"tags":[],"class_list":["post-26088","post","type-post","status-publish","format-standard","has-post-thumbnail","hentry","category-zpravy"],"_links":{"self":[{"href":"https:\/\/www.invarena.cz\/index.php?rest_route=\/wp\/v2\/posts\/26088","targetHints":{"allow":["GET"]}}],"collection":[{"href":"https:\/\/www.invarena.cz\/index.php?rest_route=\/wp\/v2\/posts"}],"about":[{"href":"https:\/\/www.invarena.cz\/index.php?rest_route=\/wp\/v2\/types\/post"}],"author":[{"embeddable":true,"href":"https:\/\/www.invarena.cz\/index.php?rest_route=\/wp\/v2\/users\/1"}],"replies":[{"embeddable":true,"href":"https:\/\/www.invarena.cz\/index.php?rest_route=%2Fwp%2Fv2%2Fcomments&post=26088"}],"version-history":[{"count":0,"href":"https:\/\/www.invarena.cz\/index.php?rest_route=\/wp\/v2\/posts\/26088\/revisions"}],"wp:featuredmedia":[{"embeddable":true,"href":"https:\/\/www.invarena.cz\/index.php?rest_route=\/wp\/v2\/media\/19889"}],"wp:attachment":[{"href":"https:\/\/www.invarena.cz\/index.php?rest_route=%2Fwp%2Fv2%2Fmedia&parent=26088"}],"wp:term":[{"taxonomy":"category","embeddable":true,"href":"https:\/\/www.invarena.cz\/index.php?rest_route=%2Fwp%2Fv2%2Fcategories&post=26088"},{"taxonomy":"post_tag","embeddable":true,"href":"https:\/\/www.invarena.cz\/index.php?rest_route=%2Fwp%2Fv2%2Ftags&post=26088"}],"curies":[{"name":"wp","href":"https:\/\/api.w.org\/{rel}","templated":true}]}}