{"id":2609,"date":"2013-03-18T02:03:53","date_gmt":"2013-03-18T01:03:53","guid":{"rendered":"http:\/\/www.invarena.cz\/?p=2609"},"modified":"2013-03-18T12:05:52","modified_gmt":"2013-03-18T11:05:52","slug":"handicapovany-kanadan-hvezda-breakdance","status":"publish","type":"post","link":"https:\/\/www.invarena.cz\/?p=2609","title":{"rendered":"Handicapovan\u00fd Kana\u010fan, hv\u011bzda breakdance"},"content":{"rendered":"<p>Kana\u010fan Luca Patuelli (foto), jen\u017e pat\u0159\u00ed ke sv\u011btov\u00e9 \u0161pi\u010dce tance zvan\u00e9ho breakdance, mezi n\u00ed\u017e je jen hrstka t\u011blesn\u011b invalidn\u00edch, k sob\u011b p\u0159itahuje sv\u00fdm poselstv\u00edm z\u00e1jem mnoha lid\u00ed s handicapem. Jeho heslo zn\u00ed: &#8222;\u017d\u00e1dn\u00e9 v\u00fdmluvy, \u017e\u00e1dn\u00e9 hranice.&#8220; P\u00ed\u0161e o tom agentura AFP.<!--more--><br \/>\nP\u0159i sv\u00fdch p\u0159edstaven\u00edch se tento osmadvacetilet\u00fd tane\u010dn\u00edk s t\u00e9m\u011b\u0159 nehybn\u00fdma nohama rychle ot\u00e1\u010d\u00ed kolem sv\u00fdch berl\u00ed \u010di rukou pomoc\u00ed pohybu trupu. Vyd\u011bl\u00e1v\u00e1 si tak\u00e9 jako konferenci\u00e9r a tak obj\u00ed\u017ed\u00ed sv\u011bt a p\u0159esv\u011bd\u010duje handicapovan\u00e9, \u017ee ne v\u0161e, co se jim zd\u00e1 nemo\u017en\u00e9, je nemo\u017en\u00e9 doopravdy.<\/p>\n<p>Luca si loni na p\u0159edm\u011bst\u00ed Montrealu otev\u0159el tane\u010dn\u00ed \u0161kolu pro invalidn\u00ed \u017e\u00e1ky.<\/p>\n<p>D\u00edky jeho didaktick\u00e9mu p\u0159\u00edstupu a p\u0159esv\u011bd\u010dov\u00e1n\u00ed dos\u00e1hli n\u011bkte\u0159\u00ed skute\u010dn\u00e9ho pokroku. &#8222;N\u011bkomu se zcela zm\u011bnil \u017eivot. Nap\u0159\u00edklad Michel m\u00e1 zasa\u017eenou motorickou \u010d\u00e1st mozku. Zpo\u010d\u00e1tku se s\u00e1m nedok\u00e1zal ani posadit na sv\u00e9 k\u0159eslo. A dnes mu to u\u017e ne\u010din\u00ed \u017e\u00e1dn\u00e9 probl\u00e9my,&#8220; raduje se Luca.<\/p>\n<p>Italskokanadsk\u00fd um\u011blec, v\u00edce zn\u00e1m\u00fd pod p\u0159ezd\u00edvkou Lazylegz (l\u00edn\u00e9 nohy), tak\u00e9 do jist\u00e9 m\u00edry p\u0159ekonal to, co se zd\u00e1lo b\u00fdt nep\u0159ekonateln\u00e9.<\/p>\n<p>Luca m\u00e1 artrogryp\u00f3zu, vz\u00e1cnou vrozenou chorobu s mnoha\u010detn\u00fdmi syndromy, charakterizovanou neuromotorick\u00fdmi probl\u00e9my, p\u0159edev\u0161\u00edm ztuhnut\u00edm kloub\u016f.<\/p>\n<p>Jeho energie a nad\u0161en\u00ed dok\u00e1\u017ee lidi kolem n\u011bho zcela z\u00edskat. Jeho rodi\u010de s n\u00edm od d\u011btstv\u00ed jednali jako s norm\u00e1ln\u00edm d\u00edt\u011btem, a tak se Luca mohl rozv\u00edjet pomoc\u00ed sportu, ve Spojen\u00fdch st\u00e1tech, v Marylandu objevil tanec hip-hop.<\/p>\n<p>Luca se d\u00edky po\u0159adu America&#8217;s talent proslavil i v mezin\u00e1rodn\u00edm m\u011b\u0159\u00edtku a YouTube jeho sl\u00e1vu je\u0161t\u011b roz\u0161\u00ed\u0159ilo.<\/p>\n<p>V roce 2010 se tento rod\u00e1k z Montrealu do\u010dkal velk\u00e9ho uzn\u00e1n\u00ed p\u0159i televizn\u00ed sout\u011b\u017ei So you think you can dance Canada a p\u0159i zah\u00e1jen\u00ed paralympijsk\u00fdch her ve Vancouveru.<\/p>\n<p>Nehybnost doln\u00edch kon\u010detin vy\u017eaduje, aby v\u011bnoval co nejv\u011bt\u0161\u00ed p\u00e9\u010di sval\u016fm v horn\u00ed \u010d\u00e1sti t\u011bla. &#8222;Denn\u011b cvi\u010d\u00edm,&#8220; zd\u016fraz\u0148uje.<\/p>\n<p>P\u0159es sv\u00e9 probl\u00e9my dok\u00e1zal Luca uj\u00edt ji\u017e dvakr\u00e1t kilometr cesty bez berl\u00ed. To u n\u011bho bylo vzhledem k jeho chorob\u011b dosud nemysliteln\u00e9.<\/p>\n<p>Lazylegz nehodl\u00e1 nikdy propadnout lenivosti. &#8222;V budoucnu bych cht\u011bl otev\u0159\u00edt v\u00edce tane\u010dn\u00edch \u0161kol ve sv\u011bt\u011b,&#8220; sv\u011b\u0159uje se. V\u011b\u0159\u00ed, \u017ee se mu to poda\u0159\u00ed, nebo\u0165 spol\u00e9h\u00e1 na sv\u016fj kolektiv ILL-Abilities, sdru\u017euj\u00edc\u00ed nejzku\u0161en\u011bj\u0161\u00ed tane\u010dn\u00edky mezin\u00e1rodn\u00ed sc\u00e9ny, kte\u0159\u00ed maj\u00ed rovn\u011b\u017e n\u011bjak\u00fd hendikep.<\/p>\n<p>invArena<\/p>\n","protected":false},"excerpt":{"rendered":"<div class=\"mh-excerpt\"><p>Kana\u010fan Luca Patuelli (foto), jen\u017e pat\u0159\u00ed ke sv\u011btov\u00e9 \u0161pi\u010dce tance zvan\u00e9ho breakdance, mezi n\u00ed\u017e je jen hrstka t\u011blesn\u011b invalidn\u00edch, k sob\u011b p\u0159itahuje sv\u00fdm poselstv\u00edm z\u00e1jem <a class=\"mh-excerpt-more\" href=\"https:\/\/www.invarena.cz\/?p=2609\" title=\"Handicapovan\u00fd Kana\u010fan, hv\u011bzda breakdance\">[&#8230;]<\/a><\/p>\n<\/div>","protected":false},"author":1,"featured_media":2626,"comment_status":"open","ping_status":"open","sticky":false,"template":"","format":"standard","meta":{"footnotes":""},"categories":[7,9],"tags":[],"class_list":["post-2609","post","type-post","status-publish","format-standard","has-post-thumbnail","hentry","category-spolecnost","category-zpravy"],"_links":{"self":[{"href":"https:\/\/www.invarena.cz\/index.php?rest_route=\/wp\/v2\/posts\/2609","targetHints":{"allow":["GET"]}}],"collection":[{"href":"https:\/\/www.invarena.cz\/index.php?rest_route=\/wp\/v2\/posts"}],"about":[{"href":"https:\/\/www.invarena.cz\/index.php?rest_route=\/wp\/v2\/types\/post"}],"author":[{"embeddable":true,"href":"https:\/\/www.invarena.cz\/index.php?rest_route=\/wp\/v2\/users\/1"}],"replies":[{"embeddable":true,"href":"https:\/\/www.invarena.cz\/index.php?rest_route=%2Fwp%2Fv2%2Fcomments&post=2609"}],"version-history":[{"count":0,"href":"https:\/\/www.invarena.cz\/index.php?rest_route=\/wp\/v2\/posts\/2609\/revisions"}],"wp:featuredmedia":[{"embeddable":true,"href":"https:\/\/www.invarena.cz\/index.php?rest_route=\/wp\/v2\/media\/2626"}],"wp:attachment":[{"href":"https:\/\/www.invarena.cz\/index.php?rest_route=%2Fwp%2Fv2%2Fmedia&parent=2609"}],"wp:term":[{"taxonomy":"category","embeddable":true,"href":"https:\/\/www.invarena.cz\/index.php?rest_route=%2Fwp%2Fv2%2Fcategories&post=2609"},{"taxonomy":"post_tag","embeddable":true,"href":"https:\/\/www.invarena.cz\/index.php?rest_route=%2Fwp%2Fv2%2Ftags&post=2609"}],"curies":[{"name":"wp","href":"https:\/\/api.w.org\/{rel}","templated":true}]}}