{"id":26116,"date":"2016-08-02T14:30:03","date_gmt":"2016-08-02T12:30:03","guid":{"rendered":"http:\/\/www.invarena.cz\/?p=26116"},"modified":"2016-08-02T14:30:03","modified_gmt":"2016-08-02T12:30:03","slug":"zajem-o-cestovani-s-ceskymi-drahami-mezi-zdravotne-postizenymi-velmi-rychle-roste","status":"publish","type":"post","link":"https:\/\/www.invarena.cz\/?p=26116","title":{"rendered":"Z\u00e1jem o cestov\u00e1n\u00ed s \u010cesk\u00fdmi drahami mezi zdravotn\u011b posti\u017een\u00fdmi velmi rychle roste"},"content":{"rendered":"<p><strong>Zdravotn\u011b posti\u017een\u00ed vyu\u017e\u00edvaj\u00ed spoje \u010cesk\u00fdch drah st\u00e1le \u010dast\u011bji a jejich z\u00e1jem velmi rychle roste. Elektronick\u00fd objedn\u00e1vkov\u00fd syst\u00e9m n\u00e1rodn\u00edho dopravce pro p\u0159epravu osob se zdravotn\u00edm posti\u017een\u00edm zaznamenal za leto\u0161n\u00ed prvn\u00ed pololet\u00ed 3 251 objedn\u00e1vek, o t\u0159etinu v\u00edce ne\u017e loni za stejn\u00e9 obdob\u00ed.<\/strong> <!--more--><\/p>\n<p>Syst\u00e9m vyu\u017e\u00edvaj\u00ed p\u0159edev\u0161\u00edm voz\u00ed\u010dk\u00e1\u0159i, pro kter\u00e9 dopravce zaji\u0161\u0165uje nej\u010dast\u011bji asistenci p\u0159i n\u00e1stupu a v\u00fdstupu u vlak\u016f.<\/p>\n<p>&#8222;Trvale rostouc\u00ed z\u00e1jem o cestov\u00e1n\u00ed na\u0161imi vlaky mezi osobami se zdravotn\u00edm posti\u017een\u00edm sledujeme u\u017e n\u011bkolik let. Prudk\u00fd n\u00e1r\u016fst p\u0159eprav hlavn\u011b v posledn\u00edch p\u011bti letech souvis\u00ed p\u0159edev\u0161\u00edm s masivn\u00edm odstra\u0148ov\u00e1n\u00edm bari\u00e9r ve vlac\u00edch, v \u0161ir\u0161\u00ed nab\u00eddce stejn\u011b komfortn\u00edho cestov\u00e1n\u00ed jako maj\u00ed ostatn\u00ed cestuj\u00edc\u00ed, i v postupn\u011b vylep\u0161ovan\u00e9m servisu, kter\u00fd zahrnuje mimo jin\u00e9 elektronick\u00fd objedn\u00e1vkov\u00fd syst\u00e9m a asistenci hlavn\u011b p\u0159i v\u00fdstupu a n\u00e1stupu osob na voz\u00edc\u00edch,&#8220; \u0159\u00edk\u00e1 Michal \u0160t\u011bp\u00e1n, \u010dlen p\u0159edstavenstva \u010cesk\u00fdch drah odpov\u011bdn\u00fd za osobn\u00ed dopravu.<\/p>\n<p>Za prvn\u00edch 6 m\u011bs\u00edc\u016f tohoto roku obdr\u017eely \u010cesk\u00e9 dr\u00e1hy v tomto syst\u00e9mu 3 251 objedn\u00e1vek na p\u0159epravu zdravotn\u011b posti\u017een\u00fdch, z toho bylo 2 715 p\u0159eprav realizov\u00e1no, 357 pl\u00e1novan\u00fdch cest zru\u0161ili sami cestuj\u00edc\u00ed a jen ve 179 p\u0159\u00edpadech nebylo mo\u017en\u00e9 p\u0159epravu zam\u00fd\u0161len\u00fdm spojem potvrdit, a to zejm\u00e9na z d\u016fvodu v\u00fdluky na trati. Pokud to bylo mo\u017en\u00e9, bylo cestuj\u00edc\u00edm nab\u00eddnuto jin\u00e9 \u0159e\u0161en\u00ed. Po\u010det objedn\u00e1vek i uskute\u010dn\u011bn\u00fdch p\u0159eprav tak meziro\u010dn\u011b vzrostl p\u0159ibli\u017en\u011b o t\u0159etinu.<\/p>\n<p>\u010cesk\u00e9 dr\u00e1hy v leto\u0161n\u00edm j\u00edzdn\u00edm \u0159\u00e1du nab\u00edzej\u00ed 4 656 bezbari\u00e9rov\u00fdch spoj\u016f od d\u00e1lkov\u00fdch expres\u016f po region\u00e1ln\u00ed vlaky. Ve srovn\u00e1n\u00ed s rokem 2010 je to o 81,7 % v\u00edce bezbari\u00e9rov\u00fdch spoj\u016f, kdy\u017e tehdy jich jezdilo jen 2 562. Po\u010det speci\u00e1ln\u011b upraven\u00fdch vozidel s prostory pro voz\u00ed\u010dk\u00e1\u0159e a bezbari\u00e9rov\u00fdmi toaletami se za tu dobu zv\u00fd\u0161il p\u0159ibli\u017en\u011b o polovinu, ze 410 na v\u00edce ne\u017e 600 vozidel.<\/p>\n<p>&#8222;Nad r\u00e1mec vyu\u017eit\u00ed objedn\u00e1vkov\u00e9ho syst\u00e9mu p\u0159eprav\u00edme denn\u011b n\u011bkolik des\u00edtek dal\u0161\u00edch cestuj\u00edc\u00edch, zejm\u00e9na v p\u0159\u00edm\u011bstsk\u00e9 doprav\u011b Prahy, Brna a Ostravy, kde maj\u00ed cestuj\u00edc\u00ed bezbari\u00e9rovou soupravu garantov\u00e1nu. V t\u011bchto p\u0159\u00edpadech jsou zvykl\u00ed pou\u017e\u00edvat vlak ke ka\u017edodenn\u00edmu cestov\u00e1n\u00ed, zpravidla do zam\u011bstn\u00e1n\u00ed nebo k l\u00e9ka\u0159i. V roz\u0161i\u0159ov\u00e1n\u00ed slu\u017eeb pro cestuj\u00edc\u00ed se zdravotn\u00edm posti\u017een\u00edm budeme i nad\u00e1le pokra\u010dovat. Vedle \u00faprav pro voz\u00ed\u010dk\u00e1\u0159e vybavujeme vlaky tak\u00e9 syst\u00e9my pro nevidom\u00e9, slabozrak\u00e9 a sluchov\u011b posti\u017een\u00e9. Instalujeme do nich audiovizu\u00e1ln\u00ed informa\u010dn\u00ed syst\u00e9my, za\u0159\u00edzen\u00ed na otev\u00edr\u00e1n\u00ed dve\u0159\u00ed prost\u0159ednictv\u00edm vys\u00edla\u010dek nevidom\u00fdch nebo do nich um\u00eds\u0165ujeme informace ve hmatov\u00e9m Brailov\u011b p\u00edsmu,&#8220; doplnil Michal \u0160t\u011bp\u00e1n.<\/p>\n<p>D\u00edky mnoha bezbari\u00e9rov\u00fdm spoj\u016fm, stanic\u00edm a zast\u00e1vk\u00e1m roste tak\u00e9 po\u010det relac\u00ed, kde osoby se zdravotn\u00edm posti\u017een\u00edm v\u010detn\u011b voz\u00ed\u010dk\u00e1\u0159\u016f mohou cestovat se sv\u00fdm doprovodem bez ohl\u00e1\u0161en\u00ed a bez asistence dopravce. Proto je skute\u010dn\u00fd po\u010det j\u00edzd cestuj\u00edc\u00edch se zdravotn\u00edm posti\u017een\u00edm je\u0161t\u011b v\u00fdrazn\u011b vy\u0161\u0161\u00ed, oproti \u00fadaj\u016fm evidovan\u00fdm v elektronick\u00e9m objedn\u00e1vkov\u00e9m syst\u00e9mu.<\/p>\n<p>Parlamentn\u00ed Listy<\/p>\n","protected":false},"excerpt":{"rendered":"<div class=\"mh-excerpt\"><p>Zdravotn\u011b posti\u017een\u00ed vyu\u017e\u00edvaj\u00ed spoje \u010cesk\u00fdch drah st\u00e1le \u010dast\u011bji a jejich z\u00e1jem velmi rychle roste. Elektronick\u00fd objedn\u00e1vkov\u00fd syst\u00e9m n\u00e1rodn\u00edho dopravce pro p\u0159epravu osob se zdravotn\u00edm posti\u017een\u00edm <a class=\"mh-excerpt-more\" href=\"https:\/\/www.invarena.cz\/?p=26116\" title=\"Z\u00e1jem o cestov\u00e1n\u00ed s \u010cesk\u00fdmi drahami mezi zdravotn\u011b posti\u017een\u00fdmi velmi rychle roste\">[&#8230;]<\/a><\/p>\n<\/div>","protected":false},"author":1,"featured_media":13669,"comment_status":"open","ping_status":"closed","sticky":false,"template":"","format":"standard","meta":{"footnotes":""},"categories":[9],"tags":[],"class_list":["post-26116","post","type-post","status-publish","format-standard","has-post-thumbnail","hentry","category-zpravy"],"_links":{"self":[{"href":"https:\/\/www.invarena.cz\/index.php?rest_route=\/wp\/v2\/posts\/26116","targetHints":{"allow":["GET"]}}],"collection":[{"href":"https:\/\/www.invarena.cz\/index.php?rest_route=\/wp\/v2\/posts"}],"about":[{"href":"https:\/\/www.invarena.cz\/index.php?rest_route=\/wp\/v2\/types\/post"}],"author":[{"embeddable":true,"href":"https:\/\/www.invarena.cz\/index.php?rest_route=\/wp\/v2\/users\/1"}],"replies":[{"embeddable":true,"href":"https:\/\/www.invarena.cz\/index.php?rest_route=%2Fwp%2Fv2%2Fcomments&post=26116"}],"version-history":[{"count":0,"href":"https:\/\/www.invarena.cz\/index.php?rest_route=\/wp\/v2\/posts\/26116\/revisions"}],"wp:featuredmedia":[{"embeddable":true,"href":"https:\/\/www.invarena.cz\/index.php?rest_route=\/wp\/v2\/media\/13669"}],"wp:attachment":[{"href":"https:\/\/www.invarena.cz\/index.php?rest_route=%2Fwp%2Fv2%2Fmedia&parent=26116"}],"wp:term":[{"taxonomy":"category","embeddable":true,"href":"https:\/\/www.invarena.cz\/index.php?rest_route=%2Fwp%2Fv2%2Fcategories&post=26116"},{"taxonomy":"post_tag","embeddable":true,"href":"https:\/\/www.invarena.cz\/index.php?rest_route=%2Fwp%2Fv2%2Ftags&post=26116"}],"curies":[{"name":"wp","href":"https:\/\/api.w.org\/{rel}","templated":true}]}}