{"id":26120,"date":"2016-08-03T13:52:35","date_gmt":"2016-08-03T11:52:35","guid":{"rendered":"http:\/\/www.invarena.cz\/?p=26120"},"modified":"2016-08-03T13:52:35","modified_gmt":"2016-08-03T11:52:35","slug":"klienti-jsou-pro-me-jako-deti","status":"publish","type":"post","link":"https:\/\/www.invarena.cz\/?p=26120","title":{"rendered":"Klienti jsou pro m\u011b jako d\u011bti"},"content":{"rendered":"<p><strong>\u0158\u00edk\u00e1 se, \u017ee narozen\u00ed d\u00edt\u011bte \u010dlov\u011bku zm\u011bn\u00ed \u017eivot. Pro rodinu Pavla Soukupa to plat\u00ed dvojn\u00e1sob. Syn Jirka se narodil p\u0159ed\u010dasn\u011b v sedm\u00e9m m\u011bs\u00edci t\u011bhotenstv\u00ed a byla mu diagnostikov\u00e1na d\u011btsk\u00e1 mozkov\u00e1 obrna.<\/strong> <!--more--><\/p>\n<p>P\u0159erov \u2013 &#8222;Proch\u00e1zeli jsme cvi\u010den\u00edm a rehabilitac\u00ed, postupn\u011b se ale Jirkovy zdravotn\u00ed probl\u00e9my zhor\u0161ovaly. Podstoupil n\u011bkolik operac\u00ed \u2013 prodlou\u017een\u00ed \u0161lach, kv\u016fli t\u011b\u017ek\u00e9 skoli\u00f3ze p\u00e1te\u0159e mu l\u00e9ka\u0159i voperovali titanov\u00e9 dr\u00e1ty pod\u00e9l p\u00e1te\u0159e a mezi jednotliv\u00e9 obratle dali \u0161t\u011bpy,&#8220; zmi\u0148uje Pavel Soukup, kter\u00fd st\u00e1l u zalo\u017een\u00ed &#8222;Aktiva\u010dn\u00edho centra \u2013 Jsme tady&#8220; v P\u0159erov\u011b.<\/p>\n<p>Dvaadvacetilet\u00fd Jirka je upout\u00e1n na voz\u00edk a pot\u0159ebuje celodenn\u00ed p\u00e9\u010di. Jako v\u011bt\u0161ina klient\u016f aktiva\u010dn\u00edho centra pro\u0161el Z\u00e1kladn\u00ed a mate\u0159skou \u0161kolou Mate\u0159\u00eddou\u0161ka v P\u0159edmost\u00ed, po ukon\u010den\u00ed doch\u00e1zky ale p\u0159i\u0161la ot\u00e1zka. Co d\u00e1l?<\/p>\n<p>A proto rodi\u010de d\u011bt\u00ed zalo\u017eili roku 2007 ob\u010dansk\u00e9 sdru\u017een\u00ed Jsme tady. &#8222;U\u017e v roce 2005 o tom p\u0159em\u00fd\u0161leli pedagogov\u00e9, pan\u00ed \u0159editelka, speci\u00e1ln\u00ed pedagog a n\u011bkte\u0159\u00ed asistenti z Mate\u0159\u00eddou\u0161ky. Vid\u011bli probl\u00e9m d\u0159\u00edve ne\u017e my. Tak\u017ee impuls vze\u0161el od nich. Dali n\u00e1s \u2013 rodi\u010de zdravotn\u011b posti\u017een\u00fdch \u2013 dohromady,&#8220; vzpom\u00edn\u00e1 Pavel Soukup na po\u010d\u00e1tky.<\/p>\n<p>Profes\u00ed je stroja\u0159 a cel\u00fd \u017eivot pracoval ve stroj\u00edrensk\u00e9m odv\u011btv\u00ed. &#8222;Ve chv\u00edli, kdy vznikalo na\u0161e ob\u010dansk\u00e9 sdru\u017een\u00ed, jsem byl program\u00e1tor obr\u00e1b\u011bc\u00edch center v p\u0159erovsk\u00e9 firm\u011b. Stal jsem se p\u0159edsedou sdru\u017een\u00ed, ale postupn\u011b m\u011b to za\u010dalo pohlcovat a nest\u00edhal jsem ani jedno,&#8220; \u0159\u00edk\u00e1 Pavel Soukup, kter\u00fd je \u0159editelem aktiva\u010dn\u00edho centra \u0161est\u00fdm rokem.<\/p>\n<p>Centrum denn\u00edch slu\u017eeb, kter\u00e9 jako jedin\u00e9 v P\u0159erov\u011b zaji\u0161\u0165uje program pro klienty s t\u011b\u017ek\u00fdm kombinovan\u00fdm posti\u017een\u00fdm, otev\u0159elo sv\u00e9 dve\u0159e v listopadu 2009. Prostory v Sokolsk\u00e9 ulici nav\u0161t\u011bvuje v sou\u010dasnosti \u0161estn\u00e1ct klient\u016f.<\/p>\n<p>&#8222;Sna\u017e\u00edme se udr\u017eovat v\u0161echno, co se nau\u010dili na z\u00e1kladn\u00ed \u0161kole, a d\u00e1le to rozv\u00edjet, a\u0165 u\u017e \u010de\u0161tinu, angli\u010dtinu, zem\u011bpis nebo pr\u00e1ci na po\u010d\u00edta\u010d\u00edch. D\u016fle\u017eit\u00e9 je tak\u00e9 pravideln\u00e9 protahov\u00e1n\u00ed a cvi\u010den\u00ed,&#8220; p\u0159ibli\u017euje \u0159editel, kter\u00fd o sv\u00fdch klientech mluv\u00ed jako o d\u011btech.<\/p>\n<p>&#8222;V soci\u00e1ln\u00ed slu\u017eb\u011b se to spr\u00e1vn\u011b nesm\u00ed \u0159\u00edkat, ale jsem s nimi od prvn\u00ed t\u0159\u00eddy v Mate\u0159\u00eddou\u0161ce a n\u011bkter\u00e9 zn\u00e1m je\u0161t\u011b od \u0161kolky,&#8220; prozrazuje. Financov\u00e1n\u00ed chodu organizace je v\u00edcezdrojov\u00e9, ka\u017ed\u00fd rok mus\u00ed hledat prost\u0159edky na dal\u0161\u00ed fungov\u00e1n\u00ed.<\/p>\n<p>&#8222;Po\u0159\u00e1d se mus\u00edme sna\u017eit, bez vnit\u0159n\u00edho p\u0159esv\u011bd\u010den\u00ed by se tato pr\u00e1ce d\u011blat nedala. Nejedn\u00e1 se jen o m\u011b, ale o v\u0161echny na\u0161e zam\u011bstnance,&#8220; uzav\u00edr\u00e1 Soukup.<\/p>\n<p>&#8212;<\/p>\n<p>Jak pomoci? Ve st\u0159edu 12. \u0159\u00edjna se v mal\u00e9m s\u00e1le M\u011bstsk\u00e9ho domu v P\u0159erov\u011b uskute\u010dn\u00ed Kabelkov\u00fd veletrh. P\u0159erovsk\u00fd a hranick\u00fd den\u00edk jej po\u0159\u00e1d\u00e1 ve spolupr\u00e1ci s Dobr\u00fdm m\u00edstem pro \u017eivot a v\u00fdt\u011b\u017eek z akce poputuje na pot\u0159eby centra denn\u00edch slu\u017eeb Jsme tady, konkr\u00e9tn\u011b na zaplacen\u00ed takzvan\u00e9ho motrenu. P\u0159\u00edstroj pom\u00e1h\u00e1 v procvi\u010dov\u00e1n\u00ed horn\u00edch i doln\u00edch kon\u010detin a klient\u016fm nahrazuje aktivn\u00ed pohyb. Za\u0159\u00edzen\u00ed je vybaveno po\u010d\u00edta\u010dem, d\u00edky kter\u00e9mu si ka\u017ed\u00fd individu\u00e1ln\u011b nastav\u00ed rychlost \u010di z\u00e1t\u011b\u017e.<\/p>\n<p>IVA NAJ\u010eONOVOV\u00c1<br \/>\nP\u0159erovsk\u00fd a Hranick\u00fd den\u00edk<br \/>\n<a href=\"http:\/\/www.prerovsky.denik.cz\/\">http:\/\/www.prerovsky.denik.cz\/<\/a><\/p>\n","protected":false},"excerpt":{"rendered":"<div class=\"mh-excerpt\"><p>\u0158\u00edk\u00e1 se, \u017ee narozen\u00ed d\u00edt\u011bte \u010dlov\u011bku zm\u011bn\u00ed \u017eivot. Pro rodinu Pavla Soukupa to plat\u00ed dvojn\u00e1sob. Syn Jirka se narodil p\u0159ed\u010dasn\u011b v sedm\u00e9m m\u011bs\u00edci t\u011bhotenstv\u00ed a <a class=\"mh-excerpt-more\" href=\"https:\/\/www.invarena.cz\/?p=26120\" title=\"Klienti jsou pro m\u011b jako d\u011bti\">[&#8230;]<\/a><\/p>\n<\/div>","protected":false},"author":1,"featured_media":14245,"comment_status":"open","ping_status":"closed","sticky":false,"template":"","format":"standard","meta":{"footnotes":""},"categories":[9],"tags":[],"class_list":["post-26120","post","type-post","status-publish","format-standard","has-post-thumbnail","hentry","category-zpravy"],"_links":{"self":[{"href":"https:\/\/www.invarena.cz\/index.php?rest_route=\/wp\/v2\/posts\/26120","targetHints":{"allow":["GET"]}}],"collection":[{"href":"https:\/\/www.invarena.cz\/index.php?rest_route=\/wp\/v2\/posts"}],"about":[{"href":"https:\/\/www.invarena.cz\/index.php?rest_route=\/wp\/v2\/types\/post"}],"author":[{"embeddable":true,"href":"https:\/\/www.invarena.cz\/index.php?rest_route=\/wp\/v2\/users\/1"}],"replies":[{"embeddable":true,"href":"https:\/\/www.invarena.cz\/index.php?rest_route=%2Fwp%2Fv2%2Fcomments&post=26120"}],"version-history":[{"count":0,"href":"https:\/\/www.invarena.cz\/index.php?rest_route=\/wp\/v2\/posts\/26120\/revisions"}],"wp:featuredmedia":[{"embeddable":true,"href":"https:\/\/www.invarena.cz\/index.php?rest_route=\/wp\/v2\/media\/14245"}],"wp:attachment":[{"href":"https:\/\/www.invarena.cz\/index.php?rest_route=%2Fwp%2Fv2%2Fmedia&parent=26120"}],"wp:term":[{"taxonomy":"category","embeddable":true,"href":"https:\/\/www.invarena.cz\/index.php?rest_route=%2Fwp%2Fv2%2Fcategories&post=26120"},{"taxonomy":"post_tag","embeddable":true,"href":"https:\/\/www.invarena.cz\/index.php?rest_route=%2Fwp%2Fv2%2Ftags&post=26120"}],"curies":[{"name":"wp","href":"https:\/\/api.w.org\/{rel}","templated":true}]}}