{"id":26124,"date":"2016-08-11T13:55:48","date_gmt":"2016-08-11T11:55:48","guid":{"rendered":"http:\/\/www.invarena.cz\/?p=26124"},"modified":"2016-08-11T13:55:48","modified_gmt":"2016-08-11T11:55:48","slug":"chranenym-dilnam-se-dari","status":"publish","type":"post","link":"https:\/\/www.invarena.cz\/?p=26124","title":{"rendered":"Chr\u00e1n\u011bn\u00fdm d\u00edln\u00e1m se da\u0159\u00ed"},"content":{"rendered":"<p><strong>Do chr\u00e1n\u011bn\u00fdch d\u00edlen p\u0159ich\u00e1z\u00ed st\u00e1le v\u00edce lid\u00ed se zdravotn\u00edm posti\u017een\u00edm. V\u011bnuj\u00ed se nej\u010dast\u011bji d\u011blnick\u00fdm prac\u00edm, zpracov\u00e1n\u00ed potravin \u010di pran\u00ed.<\/strong><!--more--><\/p>\n<p>&nbsp;<br \/>\nP\u0159esto\u017ee u\u017e ze z\u00e1kona chr\u00e1n\u011bn\u00e9 d\u00edlny neexistuj\u00ed, instituce a organizace podporuj\u00edc\u00ed zdravotn\u011b posti\u017een\u00e9 lidi funguj\u00ed pod jin\u00fdmi n\u00e1zvy d\u00e1l. A da\u0159\u00ed se jim. Mno\u017estv\u00ed zam\u011bstnan\u00fdch znev\u00fdhodn\u011bn\u00fdch osob vzrostlo.<\/p>\n<p>&#8222;Letos se n\u00e1m po\u010det zam\u011bstnan\u00fdch oproti lo\u0148sk\u00e9mu roku zvedl asi o 50 osob. Ned\u00e1vno jsme dostav\u011bli t\u0159et\u00ed mont\u00e1\u017en\u00ed halu v pr\u016fmyslov\u00e9 z\u00f3n\u011b v T\u0159inci, a mohli tak d\u00e1t pr\u00e1ci dal\u0161\u00edm lidem,&#8220; uvedla \u0159editelka Ergonu, b\u00fdval\u00e9 chr\u00e1n\u011bn\u00e9 d\u00edlny, dnes soci\u00e1ln\u00edho podniku, Dolores Czudkov\u00e1.<\/p>\n<p>&#8222;Za dva roky jsme se vypracovali ze \u010dty\u0159 lid\u00ed na v\u00edce ne\u017e 40. Obecn\u011b lze tedy \u0159\u00edct, \u017ee se d\u00edln\u011b da\u0159\u00ed,&#8220; konstatoval jednatel to\u0161anovick\u00e9 chr\u00e1n\u011bn\u00e9 d\u00edlny Handicap V\u00e1clav Stebel. Zdravotn\u011b posti\u017een\u00e9 zam\u011bstn\u00e1vaj\u00ed i firmy. Nap\u0159\u00edklad fr\u00fddeck\u00e9 dru\u017estvo Vkus m\u00e1 v sou\u010dasnosti kolem 60 lid\u00ed.<\/p>\n<p>Osoby s posti\u017een\u00edm v\u011bt\u0161inou zast\u00e1vaj\u00ed ru\u010dn\u00ed pr\u00e1ce. Jsou v\u0161ak i tac\u00ed, kte\u0159\u00ed pracuj\u00ed jako mana\u017ee\u0159i \u010di vedouc\u00ed v\u00fdroby. &#8222;Na\u0161\u00edm c\u00edlem je vytv\u00e1\u0159et vhodn\u00e1 pracovn\u00ed m\u00edsta pro osoby zdravotn\u011b posti\u017een\u00e9. M\u00e1me dva velk\u00e9 programy. Prvn\u00edm je pr\u00e1delna, kde lid\u00e9 perou pr\u00e1dlo a prov\u00e1d\u00ed drobn\u00e9 opravy.<\/p>\n<p>Druh\u00fdm jsou mont\u00e1\u017en\u00ed pr\u00e1ce. Nap\u0159\u00edklad montuj\u00ed jednoduch\u00e9 zahradn\u00ed n\u00e1\u0159ad\u00ed. Za pr\u00e1ci pak dost\u00e1vaj\u00ed zaplaceno,&#8220; sd\u011blila Czudkov\u00e1. D\u00edlna se tak\u00e9 zab\u00fdv\u00e1 lakov\u00e1n\u00edm a balen\u00edm vitam\u00edn\u016f a dopl\u0148k\u016f stravy pro firmu Walmark. Ergon v sou\u010dasnosti zam\u011bstn\u00e1v\u00e1 190 lid\u00ed.<\/p>\n<p>Kolem 160 jich pracuje v mont\u00e1\u017en\u00edch hal\u00e1ch, zbytek v pr\u00e1deln\u00e1ch.<\/p>\n<p>&nbsp;<\/p>\n<p>ZELENINA M\u00cd\u0158\u00cd DO \u0160KOL A NEMOCNIC<\/p>\n<p>&nbsp;<\/p>\n<p>Chr\u00e1n\u011bn\u00e1 d\u00edlna Handicap se v\u011bnuje p\u0159edev\u0161\u00edm zpracov\u00e1n\u00ed zeleniny a provozu plack\u00e1rny. &#8222;Nyn\u00ed budeme otev\u00edrat plack\u00e1rnu v Jablunkov\u011b. Jedn\u00e1 se o bufetovou pr\u00e1ci,&#8220; vyl\u00ed\u010dil Stebel. Zeleninu d\u00edlna dov\u00e1\u017e\u00ed do \u0161kol, \u0161kolek \u010di nemocnic.<\/p>\n<p>&#8222;Zpracovanou zeleninu vakuujeme do 10 kilov\u00e9ho balen\u00ed. Dov\u00e1\u017e\u00edme ji do 90 procent karvinsk\u00fdch \u0161kol, 50 procent hav\u00ed\u0159ovsk\u00fdch, do t\u0159\u00ed \u0161kol t\u0159ineck\u00fdch a ob\u010das do t\u0159ineck\u00e9 nemocnice. Nov\u011b m\u00e1me smlouvu s olomouckou nemocnic\u00ed,&#8220; dodal Stebel.<\/p>\n<p>&nbsp;<\/p>\n<p>PRACOVN\u00cd DOBA PODLE POT\u0158EBY<\/p>\n<p>&nbsp;<\/p>\n<p>Osoby se zdravotn\u00edm znev\u00fdhodn\u011bn\u00edm zam\u011bstn\u00e1vaj\u00ed i n\u011bkter\u00e9 firmy. V\u00fdrobn\u00ed dru\u017estvo Vkus Fr\u00fddekM\u00edstek dosazuje posti\u017een\u00e9 na d\u011blnick\u00e9 pozice. &#8222;M\u00e1me vymezen\u00e1 pracovn\u00ed m\u00edsta na pozici \u0161i\u010dek nebo v pek\u00e1rensk\u00e9 v\u00fdrob\u011b,&#8220; up\u0159esnila p\u0159edsedkyn\u011b p\u0159edstavenstva firmy Zde\u0148ka D\u011btsk\u00e1.<\/p>\n<p>Nejsou v\u0161ak vylou\u010deny ani m\u00edsta mana\u017eer\u016f, mistr\u016f, vedouc\u00edch nebo \u00fa\u010detn\u00edch.<\/p>\n<p>&#8222;Jedna pan\u00ed je dokonce \u0159editelkou v\u00fdroby,&#8220; p\u0159idala k v\u00fd\u010dtu D\u011btsk\u00e1. Aby mohl \u010dlov\u011bk v chr\u00e1n\u011bn\u00e9 d\u00edln\u011b pracovat, mus\u00ed spl\u0148ovat n\u011bkolik po\u017eadavk\u016f. Podm\u00ednkou je zdravotn\u00ed posti\u017een\u00ed. Bu\u010f je osoba zdravotn\u011b znev\u00fdhodn\u011bn\u00e1, nebo m\u00e1 zdravotn\u00ed posti\u017een\u00ed prvn\u00edho, druh\u00e9ho, \u010di t\u0159et\u00edho stupn\u011b. D\u00edlny pak lidem poskytuj\u00ed individu\u00e1ln\u00ed p\u0159\u00edstup, zkr\u00e1cen\u00e9 \u00favazky a \u010dast\u011bj\u0161\u00ed nebo del\u0161\u00ed p\u0159est\u00e1vky. &#8222;Pokud m\u00e1 n\u011bkdo nap\u0159\u00edklad cukrovku, m\u016f\u017ee si kdykoliv odpo\u010dinou nebo odej\u00edt do sva\u010din\u00e1rny p\u00edchnout inzul\u00edn. Sna\u017e\u00edme se k lidem p\u0159istupovat individu\u00e1ln\u011b dle jejich pot\u0159eb,&#8220; \u0159ekl Stebel.<\/p>\n<p>&nbsp;<\/p>\n<p>Co \u0159\u00edk\u00e1 z\u00e1kon Chr\u00e1n\u011bn\u00e1 d\u00edlna obecn\u011b ozna\u010duje n\u00e1zev pro d\u00edlnu, ve kter\u00e9 pracuj\u00ed lid\u00e9 se zdravotn\u00edm posti\u017een\u00edm. Zab\u00fdvaj\u00ed se r\u016fzn\u00fdmi \u010dinnostmi. Nej\u010dast\u011bji v\u00fdrobou p\u0159edm\u011bt\u016f \u010di ru\u010dn\u00edmi, d\u011blnick\u00fdmi pracemi. S nov\u00fdm z\u00e1konem o zam\u011bstnanosti, \u00fa\u010dinn\u00fdm od 1. ledna 2012, byly chr\u00e1n\u011bn\u00e9 d\u00edlny nahrazeny institutem chr\u00e1n\u011bn\u00e9 pracovn\u00ed m\u00edsto. V praxi ov\u0161em v\u00fdrazn\u00e9 zm\u011bny nenastaly a chr\u00e1n\u011bn\u00e9 d\u00edlny tedy pod jin\u00fdm \u0161t\u00edtkem funguj\u00ed d\u00e1l.<\/p>\n<p>&nbsp;<\/p>\n<p>NIKOL SIKOROV\u00c1<\/p>\n<p>Fr\u00fddecko-M\u00edsteck\u00fd a T\u0159ineck\u00fd den\u00edk<\/p>\n<p><a href=\"http:\/\/www.frydeckomistecky.denik.cz\/\">http:\/\/www.frydeckomistecky.denik.cz\/<\/a><\/p>\n","protected":false},"excerpt":{"rendered":"<div class=\"mh-excerpt\"><p>Do chr\u00e1n\u011bn\u00fdch d\u00edlen p\u0159ich\u00e1z\u00ed st\u00e1le v\u00edce lid\u00ed se zdravotn\u00edm posti\u017een\u00edm. V\u011bnuj\u00ed se nej\u010dast\u011bji d\u011blnick\u00fdm prac\u00edm, zpracov\u00e1n\u00ed potravin \u010di pran\u00ed.<\/p>\n<\/div>","protected":false},"author":1,"featured_media":1171,"comment_status":"open","ping_status":"closed","sticky":false,"template":"","format":"standard","meta":{"footnotes":""},"categories":[7],"tags":[],"class_list":["post-26124","post","type-post","status-publish","format-standard","has-post-thumbnail","hentry","category-spolecnost"],"_links":{"self":[{"href":"https:\/\/www.invarena.cz\/index.php?rest_route=\/wp\/v2\/posts\/26124","targetHints":{"allow":["GET"]}}],"collection":[{"href":"https:\/\/www.invarena.cz\/index.php?rest_route=\/wp\/v2\/posts"}],"about":[{"href":"https:\/\/www.invarena.cz\/index.php?rest_route=\/wp\/v2\/types\/post"}],"author":[{"embeddable":true,"href":"https:\/\/www.invarena.cz\/index.php?rest_route=\/wp\/v2\/users\/1"}],"replies":[{"embeddable":true,"href":"https:\/\/www.invarena.cz\/index.php?rest_route=%2Fwp%2Fv2%2Fcomments&post=26124"}],"version-history":[{"count":0,"href":"https:\/\/www.invarena.cz\/index.php?rest_route=\/wp\/v2\/posts\/26124\/revisions"}],"wp:featuredmedia":[{"embeddable":true,"href":"https:\/\/www.invarena.cz\/index.php?rest_route=\/wp\/v2\/media\/1171"}],"wp:attachment":[{"href":"https:\/\/www.invarena.cz\/index.php?rest_route=%2Fwp%2Fv2%2Fmedia&parent=26124"}],"wp:term":[{"taxonomy":"category","embeddable":true,"href":"https:\/\/www.invarena.cz\/index.php?rest_route=%2Fwp%2Fv2%2Fcategories&post=26124"},{"taxonomy":"post_tag","embeddable":true,"href":"https:\/\/www.invarena.cz\/index.php?rest_route=%2Fwp%2Fv2%2Ftags&post=26124"}],"curies":[{"name":"wp","href":"https:\/\/api.w.org\/{rel}","templated":true}]}}