{"id":26145,"date":"2016-08-11T13:54:06","date_gmt":"2016-08-11T11:54:06","guid":{"rendered":"http:\/\/www.invarena.cz\/?p=26145"},"modified":"2016-08-11T13:54:06","modified_gmt":"2016-08-11T11:54:06","slug":"bezbarierovy-privoz-to-je-spis-jen-podle-nazvu","status":"publish","type":"post","link":"https:\/\/www.invarena.cz\/?p=26145","title":{"rendered":"Bezbari\u00e9rov\u00fd p\u0159\u00edvoz to je sp\u00ed\u0161 jen podle n\u00e1zvu"},"content":{"rendered":"<p><strong>Pokud je n\u011bco inzerov\u00e1no jako bez bari\u00e9r, po\u010d\u00edtaj\u00ed voz\u00ed\u010dk\u00e1\u0159i, \u017ee se tam dostanou. Ne v\u017edy. <\/strong><!--more--><\/p>\n<p>N\u011bco jin\u00e9ho jsou slova vychvaluj\u00edc\u00ed novinku a n\u011bco jin\u00e9ho, kdy\u017e si ji pak sami vyzkou\u0161\u00edte. &#8222;Baba je konstruov\u00e1na jako bezbari\u00e9rov\u00e1 lo\u010f, do kter\u00e9 se snadno nastupuje,&#8220; popisoval p\u0159ed p\u00e1r t\u00fddny nov\u00fd pra\u017esk\u00fd p\u0159\u00edvoz Zden\u011bk Bergman za dopravce Pra\u017esk\u00e9 Ben\u00e1tky.<br \/>\nBabu si proto po spu\u0161t\u011bn\u00ed vyzkou\u0161ela iniciativa AntiBrzda a k avizovan\u00e9 bezbari\u00e9rovosti m\u011bla hned n\u011bkolik v\u00fdhrad. &#8222;J\u00edzdn\u00ed kola nebo ko\u010d\u00e1rky se na p\u0159\u00edvoz nalod\u00ed bez v\u011bt\u0161\u00edch probl\u00e9m\u016f. Ale pro lidi na voz\u00ed\u010dku je tu hned n\u011bkolik p\u0159ek\u00e1\u017eek,&#8220; upozor\u0148uje na pouze \u010d\u00e1ste\u010dnou bezbari\u00e9rovou novinku Erik \u010cipera ze spole\u010dnosti Asistence, kter\u00e1 pom\u00e1h\u00e1 lidem na voz\u00ed\u010dku podobn\u011b jako AntiBrzda.<br \/>\n&#8222;Bez li\u017ein bychom se na spojovac\u00ed l\u00e1vku nedostali,&#8220; st\u011b\u017euj\u00ed si lid\u00e9 ve sv\u00e9 facebookov\u00e9 report\u00e1\u017ei, ve kter\u00e9 zdokumentovali obt\u00ed\u017enou cestu na p\u0159\u00edvoz. &#8222;Protiskluzov\u00e9 d\u0159ev\u011bn\u00e9 pruhy jsou pro j\u00edzdu na voz\u00edku i s ko\u010d\u00e1rkem velice nevhodn\u00e9. P\u0159ekonat jdou, ale jist\u011b by \u0161lo naj\u00edt vhodn\u011bj\u0161\u00ed \u0159e\u0161en\u00ed. Lo\u010f by m\u011bla b\u00fdt vybavena podobnou plo\u0161inou, jakou zn\u00e1me z autobus\u016f a tramvaj\u00ed,&#8220; p\u00ed\u0161e se mimo jin\u00e9 ve fotoreport\u00e1\u017ei. To, \u017ee p\u0159\u00edvoz nen\u00ed \u00fapln\u011b bez bari\u00e9r, p\u0159ipou\u0161t\u00ed i Ropid, kter\u00fd organizuje pra\u017eskou dopravu. &#8222;Pro cestuj\u00edc\u00ed s ko\u010d\u00e1rky, j\u00edzdn\u00edmi koly \u010di pohybov\u00fdm omezen\u00edm se jedn\u00e1 o zlep\u0161en\u00ed naprosto posta\u010duj\u00edc\u00ed. Pro voz\u00ed\u010dk\u00e1\u0159e se jedn\u00e1 o zlep\u0161en\u00ed velk\u00e9, nikoli absolutn\u00ed,&#8220; uvedl na dotaz den\u00edku Metro mluv\u010d\u00ed Ropidu Filip Dr\u00e1pal. &#8222;Mechanick\u00fd voz\u00edk s doprovodem nalod\u011bn\u00ed zvl\u00e1dne. D\u0159\u00edv to bylo vylou\u010deno. Elektrick\u00fd voz\u00edk nalod\u011bn\u00ed sp\u00ed\u0161e nezvl\u00e1dne: Ale jak prezentoval p\u0159\u00edsp\u011bvek AntiBrzdy, s dopomoc\u00ed a pom\u016fckami je nalod\u011bn\u00ed mo\u017en\u00e9,&#8220; dodal Dr\u00e1pal. Podle n\u011bj by se bezbari\u00e9rovost p\u0159\u00edvoz\u016f m\u011bla v budoucnu je\u0161t\u011b v\u00edce zlep\u0161it. Institut pl\u00e1nov\u00e1n\u00ed a rozvoje hlavn\u00edho m\u011bsta Prahy se pod\u00edl\u00ed na p\u0159\u00edprav\u011b studie, kter\u00e1 se v\u011bnuje bezbari\u00e9rov\u00e9 \u00faprav\u011b p\u0159\u00edstupov\u00fdch tras na plavidla zaji\u0161\u0165uj\u00edc\u00ed pra\u017esk\u00e9 p\u0159\u00edvozy. &#8222;Rovn\u011b\u017e s dopravci v\u0161ech p\u0159\u00edvoz\u016f bude jedn\u00e1no o mo\u017enostech dal\u0161\u00edch zlep\u0161en\u00ed bezbari\u00e9rov\u00fdch p\u0159\u00edstup\u016f,&#8220; slibuje Dr\u00e1pal.<\/p>\n<p>MAREK H\u00dd\u0158<br \/>\nMetro<\/p>\n","protected":false},"excerpt":{"rendered":"<div class=\"mh-excerpt\"><p>Pokud je n\u011bco inzerov\u00e1no jako bez bari\u00e9r, po\u010d\u00edtaj\u00ed voz\u00ed\u010dk\u00e1\u0159i, \u017ee se tam dostanou. Ne v\u017edy.<\/p>\n<\/div>","protected":false},"author":1,"featured_media":17309,"comment_status":"open","ping_status":"closed","sticky":false,"template":"","format":"standard","meta":{"footnotes":""},"categories":[7],"tags":[],"class_list":["post-26145","post","type-post","status-publish","format-standard","has-post-thumbnail","hentry","category-spolecnost"],"_links":{"self":[{"href":"https:\/\/www.invarena.cz\/index.php?rest_route=\/wp\/v2\/posts\/26145","targetHints":{"allow":["GET"]}}],"collection":[{"href":"https:\/\/www.invarena.cz\/index.php?rest_route=\/wp\/v2\/posts"}],"about":[{"href":"https:\/\/www.invarena.cz\/index.php?rest_route=\/wp\/v2\/types\/post"}],"author":[{"embeddable":true,"href":"https:\/\/www.invarena.cz\/index.php?rest_route=\/wp\/v2\/users\/1"}],"replies":[{"embeddable":true,"href":"https:\/\/www.invarena.cz\/index.php?rest_route=%2Fwp%2Fv2%2Fcomments&post=26145"}],"version-history":[{"count":0,"href":"https:\/\/www.invarena.cz\/index.php?rest_route=\/wp\/v2\/posts\/26145\/revisions"}],"wp:featuredmedia":[{"embeddable":true,"href":"https:\/\/www.invarena.cz\/index.php?rest_route=\/wp\/v2\/media\/17309"}],"wp:attachment":[{"href":"https:\/\/www.invarena.cz\/index.php?rest_route=%2Fwp%2Fv2%2Fmedia&parent=26145"}],"wp:term":[{"taxonomy":"category","embeddable":true,"href":"https:\/\/www.invarena.cz\/index.php?rest_route=%2Fwp%2Fv2%2Fcategories&post=26145"},{"taxonomy":"post_tag","embeddable":true,"href":"https:\/\/www.invarena.cz\/index.php?rest_route=%2Fwp%2Fv2%2Ftags&post=26145"}],"curies":[{"name":"wp","href":"https:\/\/api.w.org\/{rel}","templated":true}]}}