{"id":26187,"date":"2016-08-17T10:36:16","date_gmt":"2016-08-17T08:36:16","guid":{"rendered":"http:\/\/www.invarena.cz\/?p=26187"},"modified":"2016-08-17T10:36:16","modified_gmt":"2016-08-17T08:36:16","slug":"arteterapie-v-lecebne-pedagogice","status":"publish","type":"post","link":"https:\/\/www.invarena.cz\/?p=26187","title":{"rendered":"Arteterapie v l\u00e9\u010debn\u00e9 pedagogice"},"content":{"rendered":"<p><strong>Arteterapie je sv\u00e9bytn\u00fd obor l\u00e9\u010debn\u00e9 pedagogiky, jej\u00edm hlavn\u00edm prost\u0159edkem je v\u00fdtvarn\u00fd projev. Vyu\u017e\u00edv\u00e1 se v klinick\u00fdch a vzd\u011bl\u00e1vac\u00edch za\u0159\u00edzen\u00edch, a tak\u00e9 v sociokulturn\u00ed n\u00e1prav\u011b. Setk\u00e1me se s n\u00ed zejm\u00e9na ve zdravotnick\u00fdch za\u0159\u00edzen\u00edch, ve \u0161kol\u00e1ch, v instituc\u00edch pro zdravotn\u011b posti\u017een\u00e9, v domovech s pe\u010dovatelskou slu\u017ebou, ve v\u011bznic\u00edch, v poradensk\u00fdch za\u0159\u00edzen\u00edch, p\u0159i vzd\u011bl\u00e1v\u00e1n\u00ed dosp\u011bl\u00fdch, p\u0159i kou\u010dinku i supervizi. C\u00edlem je jako u ka\u017ed\u00e9 terapie uzdraven\u00ed jedince.<\/strong><br \/>\n<!--more--><br \/>\nArteterapii vyu\u017e\u00edv\u00e1 \u0159ada obor\u016f: psychiatrie, psychologie a psychoterapie, gerontologie, neurologie, speci\u00e1ln\u00ed i obecn\u00e1 pedagogika, soci\u00e1ln\u00ed pr\u00e1ce a soci\u00e1ln\u00ed pedagogika, penitenci\u00e1rn\u00ed pedagogice (vzd\u011bl\u00e1v\u00e1n\u00ed a v\u00fdchova odsouzen\u00fdch), sociologie a filozofie. Proto\u017ee se v jej\u00edm r\u00e1mci vyu\u017e\u00edv\u00e1 tv\u016fr\u010d\u00ed v\u00fdtvarn\u00e1 \u010dinnost, m\u016f\u017ee b\u00fdt \u010d\u00e1ste\u010dn\u011b propojena se speci\u00e1ln\u00ed v\u00fdtvarnou v\u00fdchovou, kter\u00e1 je zam\u011b\u0159ena na v\u00fdtvarnou v\u00fdchovu znev\u00fdhodn\u011bn\u00fdch skupin. V arteterapii je v\u0161ak v\u00fdtvarn\u00e9 d\u00edlo prost\u0159edkem, a ne c\u00edlem, jak je tomu ve v\u00fdtvarn\u00e9 v\u00fdchov\u011b. P\u0159\u00edbuzn\u00fdm oborem je tak\u00e9 artefiletika, kter\u00e1 nem\u00e1 terapeutick\u00e9 ambice, ale zam\u011b\u0159uje se na oblast v\u00fdchovy a rozvoje osobnosti. B\u00fdv\u00e1 vyu\u017e\u00edv\u00e1na v r\u00e1mci prevence soci\u00e1ln\u00edch patologi\u00ed.<\/p>\n<p>Trochu o historii<\/p>\n<p>Jde o mlad\u00fd obor, jeho\u017e ko\u0159eny sahaj\u00ed do poloviny 20. stolet\u00ed. Za\u010d\u00e1tky si p\u0159ipisuj\u00ed Ameri\u010dan\u00e9, ale tak\u00e9 Angli\u010dan\u00e9 a Francouzi. Term\u00edn art therapy pravd\u011bpodobn\u011b pou\u017eila jako prvn\u00ed Ameri\u010danka Margaret Naumburg ve 30. letech 20. stolet\u00ed. P\u0159ed n\u00ed v\u0161ak obdobn\u00fd term\u00edn art&#8217;s therapy v podobn\u00e9m v\u00fdznamu pou\u017eil u\u017e ve 2. polovin\u011b 19. stolet\u00ed francouzsk\u00fd neurolog, profesor Jean-Martin Charcot, kter\u00fd vyu\u017e\u00edval fotografie a kresby jako pom\u016fcky p\u0159i diagnostice chorob. Za jednoho z prvn\u00edch praktick\u00fdch arteterapeut\u016f je pova\u017eov\u00e1n britsk\u00fd mal\u00ed\u0159 Adrian Hill, kter\u00fd arteterapii v praxi s\u00e1m na sob\u011b pou\u017eil p\u0159i l\u00e9\u010db\u011b tuberkul\u00f3zy a n\u00e1sledn\u00e9 rekonvalescenci v roce 1942. Je autorem publikace Um\u011bn\u00ed proti chorob\u011b. Jeho n\u00e1sledovn\u00edk mal\u00ed\u0159 Edward Adamson roz\u0161\u00ed\u0159il arteterapii do psychiatrick\u00fdch l\u00e9\u010deben. U\u017e dlouho p\u0159ed t\u00edm bylo um\u011bn\u00ed sou\u010d\u00e1st\u00ed mravn\u00ed v\u00fdchovy v psychiatrick\u00e9 l\u00e9\u010db\u011b.<\/p>\n<p>N\u011bkolik um\u011blc\u016f od po\u010d\u00e1tku 19. stolet\u00ed a pozd\u011bji (Francisco de Goya, Edvard Munch, Vincent van Gogh) vytv\u00e1\u0159elo vystra\u0161uj\u00edc\u00ed obrazy s v\u00fdjevy \u0161\u00edlenosti, vzteku, fantazie, vize no\u010dn\u00edch m\u016fr. Jejich exprese a interpretace vztahu k realit\u011b mohou b\u00fdt jak\u00fdmsi p\u0159edch\u016fdcem arteterapeutick\u00fdch metod. Odli\u0161n\u00fd v\u00fdtvarn\u00fd projev du\u0161evn\u011b nemocn\u00fdch od zdrav\u00fdch vytvo\u0159il prvn\u00ed diagnostick\u00e9 hypot\u00e9zy. Pr\u00e1v\u011b psychiatrick\u00e9 po\u010d\u00e1tky arteterapie jsou mo\u017en\u00e1 tak\u00e9 d\u016fvodem, pro\u010d b\u00fdv\u00e1 nevhodn\u011b spojov\u00e1na s tzv. syrov\u00fdm um\u011bn\u00edm (art brut nebo raw art), kde v\u00fdtvarn\u00e1 d\u00edla vytv\u00e1\u0159ej\u00ed osoby na okraji spole\u010dnosti, n\u011bkdy psychoti\u010dt\u00ed pacienti, \u010di naopak zdrav\u00ed jedinci tvo\u0159\u00edc\u00ed ve spiritistick\u00e9m transu. Syrov\u00e9 um\u011bn\u00ed je spont\u00e1nn\u00ed, rozumem nekorigovan\u00e9, av\u0161ak nem\u00e1 terapeutickou dimenzi. Tv\u016frci si vytv\u00e1\u0159ej\u00ed vlastn\u00ed z\u00e1konitosti tvorby, kter\u00e9 jsou srozumiteln\u011b jen jim samotn\u00fdm. Pro art brut se n\u011bkdy pou\u017e\u00edv\u00e1 term\u00edn um\u011bn\u00ed outsider\u016f (outsider art).<\/p>\n<p>Etymologicky je arteterapie slo\u017een\u00e9 slovo z latiny a \u0159e\u010dtiny. Ars je latinsk\u00fd v\u00fdraz pro um\u011bn\u00ed, terapeia je \u0159ecky l\u00e9\u010den\u00ed. V doslovn\u00e9m p\u0159ekladu se jedn\u00e1 o l\u00e9\u010dbu um\u011bn\u00edm. Hlavn\u00edm prost\u0159edkem exprese v arteterapii je v\u00fdtvarn\u00fd projev. Jedna z definic tvrd\u00ed, \u017ee jde o cestu do du\u0161e prost\u0159ednictv\u00edm tv\u016fr\u010d\u00ed v\u00fdtvarn\u00e9 \u010dinnosti. S\u00e1m rad\u011bji pou\u017e\u00edv\u00e1m m\u00e9n\u011b vzletnou definici, podle n\u00ed\u017e je arteterapie je postup l\u00e9\u010debn\u00e9 pedagogiky, kter\u00fd jako hlavn\u00ed prost\u0159edek pozn\u00e1n\u00ed vyu\u017e\u00edv\u00e1 v\u00fdtvarnou tvorbu. \u201e\u010clov\u011bk n\u011bco vytvo\u0159\u00ed, nej\u010dast\u011bji je to obraz, kter\u00fd potom spole\u010dn\u011b se \u0161kolen\u00fdm terapeutem interpretuje,\u201c definoval kdysi obor zakladatel ateli\u00e9ru arteterapie na Pedagogick\u00e9 fakult\u011b Jiho\u010desk\u00e9 univerzity v \u010cesk\u00fdch Bud\u011bjovic\u00edch PhDr. Milan Kizour, \u201ec\u00edlem je, aby pacient prost\u0159ednictv\u00edm sv\u00e9ho v\u00fdtvarn\u00e9ho vyjad\u0159ov\u00e1n\u00ed l\u00e9pe pochopil svoji vlastn\u00ed situaci.\u201c<\/p>\n<p>Pat\u0159\u00ed do skupiny expres\u00edvn\u00edch terapi\u00ed, tedy terapi\u00ed zalo\u017een\u00fdch na spont\u00e1nn\u00edm pro\u017eitku. Z t\u011bchto terapi\u00ed pat\u0159\u00ed v l\u00e9\u010debn\u00e9 pedagogice k nejroz\u0161\u00ed\u0159en\u011bj\u0161\u00edm, proto je mezi v\u00fdrazy arteterapie a expres\u00edvn\u00ed terapie mnohdy chybn\u011b vkl\u00e1d\u00e1no rovn\u00edtko. Historicky arteterapie zahrnovala dnes ji\u017e samostatn\u00e9 obory, jako dramaterapie \u010di muzikoterapie apod. Proto ve star\u0161\u00edch publikac\u00edch najdeme v\u00fdklad \u2013 l\u00e9\u010dba um\u011bn\u00edm. V sou\u010dasn\u00e9 terminologii je term\u00edn arteterapie vyhrazen pro obor vyu\u017e\u00edvaj\u00edc\u00ed v\u00fdtvarn\u00fd projev.<\/p>\n<p>H\u00e1dky asociac\u00ed<\/p>\n<p>Ve v\u011bt\u0161in\u011b zem\u00ed v Evrop\u011b i z\u00e1mo\u0159\u00ed za\u0161ti\u0165uj\u00ed arteterapii profesion\u00e1ln\u00ed asociace, kter\u00e9 jsou mezin\u00e1rodn\u011b propojeny. Aktivn\u011b funguj\u00ed ve Spojen\u00fdch st\u00e1tech, Kanad\u011b a Braz\u00edlii, z evropsk\u00fdch zem\u00ed ve \u0160v\u00e9dsku, Finsku, Holandsku, N\u011bmecku, Rakousku, \u0160v\u00fdcarsku, Velk\u00e9 Brit\u00e1nii a Rumunsku, z asijsk\u00fdch zem\u00ed p\u0159ipome\u0148me Israel, Japonsko a Koreu. U n\u00e1s nen\u00ed v dob\u011b psan\u00ed tohoto textu arteterapie zakotvena v n\u00e1rodn\u00ed soustav\u011b povol\u00e1n\u00ed ani v n\u00e1rodn\u00ed soustav\u011b kvalifikac\u00ed. Asociace v \u010cR existuj\u00ed dv\u011b hlavn\u00ed, registrovan\u00e9 jako spolky. Bohu\u017eel nespolupracuj\u00ed, ale ve\u0159ejn\u011b se navz\u00e1jem ji\u017e n\u011bkolik let oso\u010duj\u00ed, co\u017e nep\u0159isp\u00edv\u00e1 kreditu oboru, a jejich spory jsou jednou z p\u0159\u00ed\u010din, pro\u010d dosud nen\u00ed obor arteterapie legalizov\u00e1n. V Praze s\u00eddl\u00ed \u010cesk\u00e1 arteterapeutick\u00e1 asociace (\u010cAA), jej\u00ed konkurenc\u00ed je Moravsk\u00e1 asociace um\u011bleck\u00fdch terapi\u00ed (MAUT), kter\u00e1 se pozd\u011bji p\u0159ejmenovala na zvu\u010dn\u011bji zn\u011bj\u00edc\u00ed Mezin\u00e1rodn\u00ed asociaci um\u011bleck\u00fdch terapi\u00ed\u00ed \u010cR a pozd\u011bji odstranila \u010ceskou republiku i z n\u00e1zvu a nyn\u00ed je to Mezin\u00e1rodn\u00ed asociaci um\u011bleck\u00fdch terapi\u00ed.<\/p>\n<p>Vymezen\u00ed arteterapie<\/p>\n<p>Arteterapie je interdisciplin\u00e1rn\u00ed obor, uplat\u0148uje se zejm\u00e9na jako l\u00e9\u010debn\u00e1 a pedagogick\u00e1 technika. M\u00e1 slo\u017eku preventivn\u00ed a terapeutickou. Z hlediska terapie je pou\u017eiteln\u00e1 u psychick\u00fdch a somatick\u00fdch onemocn\u011bn\u00ed, ale vyu\u017e\u00edv\u00e1 se i k reflexi psychick\u00fdch a emo\u010dn\u00edch stav\u016f, tak\u00e9 k sebereflexi pacient\u016f \u010di klient\u016f. Arteterapie m\u00e1 uplatn\u011bn\u00ed i v osobnostn\u00edm r\u016fstu, zdokonalov\u00e1n\u00ed komunika\u010dn\u00edch schopnost\u00ed, v man\u017eelsk\u00e9m poradenstv\u00ed a \u0159e\u0161en\u00ed interperson\u00e1ln\u00edch vztah\u016f v\u0161eobecn\u011b. V r\u00e1mci p\u00e9\u010de o du\u0161evn\u00ed hygienu je pou\u017eiteln\u00e1 nap\u0159. p\u0159i p\u0159ekon\u00e1v\u00e1n\u00ed krizov\u00fdch situac\u00ed a stresu. Pacienti \u010di klienti, kter\u00fdm p\u016fsob\u00ed obt\u00ed\u017ee vyj\u00e1d\u0159it sv\u00e9 emoce a pocity verb\u00e1ln\u011b pomoc\u00ed slov mohou tak\u00e9 vyu\u017e\u00edt arteterapii, d\u00edky kter\u00e9 vyj\u00e1d\u0159\u00ed a \u010dasto tak\u00e9 pochop\u00ed mnoho v\u011bc\u00ed t\u00fdkaj\u00edc\u00edch se jejich osobn\u00edho \u017eivota \u010di jejich interakc\u00ed s okol\u00edm. Prost\u0159ednictv\u00edm v\u00fdtvarn\u00e9ho um\u011bn\u00ed, jeho vytv\u00e1\u0159en\u00edm \u010di pozorov\u00e1n\u00edm um\u011bleck\u00fdch d\u011bl mohou tito lid\u00e9 zvy\u0161ovat pov\u011bdom\u00ed o sob\u011b i druh\u00fdch lidech a zvy\u0161ovat sv\u00e9 sebev\u011bdom\u00ed. Tv\u016fr\u010d\u00edm procesem z\u00e1rove\u0148 zlep\u0161uj\u00ed sv\u00e9 kognitivn\u00ed schopnosti a rozv\u00edjej\u00ed sv\u00e9 chov\u00e1n\u00ed a pocity.<\/p>\n<p>V\u00fdtvarn\u00fd proces p\u0159i arteterapii p\u0159isp\u00edv\u00e1 ke zlep\u0161en\u00ed fyzick\u00e9ho, du\u0161evn\u00edho a duchovn\u00edho stavu pacienta \u010di klienta. \u00da\u010dast v arteterapii nen\u00ed podm\u00edn\u011bna talentem a pacient\/klient nemus\u00ed b\u00fdt nadan\u00fdm v\u00fdtvarn\u00edkem \u010di um\u011blcem. Tvo\u0159it m\u016f\u017ee ka\u017ed\u00fd, bez rozd\u00edlu v\u011bku, pohlav\u00ed, nad\u00e1n\u00ed \u010di ment\u00e1ln\u00ed inteligence. Tvorba je ovlivn\u011bna jak moment\u00e1ln\u00edm rozpolo\u017een\u00edm \u010dlov\u011bka, tak i jeho vztahy v re\u00e1ln\u00e9m sv\u011bt\u011b. Nejde pouze o malbu za pou\u017eit\u00ed barev, k\u0159\u00eddy \u010di jin\u00fdch mal\u00ed\u0159sk\u00fdch pom\u016fcek. M\u016f\u017ee se jednat tak\u00e9 o jin\u00e9 v\u00fdtvarn\u00e9 techniky, nap\u0159\u00edklad kresbu, modelov\u00e1n\u00ed z r\u016fzn\u00fdch materi\u00e1l\u016f, malov\u00e1n\u00ed na hedv\u00e1b\u00ed \u010di tvorbu keramick\u00fdch v\u00fdrobk\u016f. Vlastn\u00ed v\u00fdtvarn\u00fd proces je v\u00fdznamn\u00fd i diagnosticky. Existuje \u0159ada krit\u00e9ri\u00ed, podle kter\u00fdch lze arteterapii d\u011blit:<\/p>\n<p>Expresivn\u00ed | Impresivn\u00ed<\/p>\n<p>\u2022 Impresivn\u00ed arteterapie (receptivn\u00ed), p\u0159i kter\u00e9 pacient\/klient pouze vn\u00edm\u00e1 um\u011bleck\u00e9 d\u00edlo, kter\u00e9 je mu p\u0159edlo\u017eeno. K l\u00e9\u010db\u011b doch\u00e1z\u00ed prost\u0159ednictv\u00edm z\u00e1\u017eitku (imprese) z d\u00edla. Tato m\u00e9n\u011b aktivn\u00ed forma arteterapie m\u016f\u017ee spo\u010d\u00edvat v dojmech z prohl\u00eddky obrazov\u00e9 galerie, ale tak\u00e9 v jednoduch\u00e9m prohl\u00ed\u017een\u00ed fotoknihy.<\/p>\n<p>\u2022 Expresivn\u00ed arteterapie (produktivn\u00ed), kter\u00e1 je v\u00fdrazn\u011b aktivn\u00ed a je p\u0159i n\u00ed vyu\u017e\u00edv\u00e1na kreativita a tv\u016fr\u010d\u00ed \u010dinnost pacienta\/klienta nebo cel\u00e9 jejich skupiny. Zapojen\u00ed do tv\u016fr\u010d\u00ed v\u00fdtvarn\u00e9 \u010dinnosti vede k vyj\u00e1d\u0159en\u00ed (expresi).<\/p>\n<p>Tv\u016fr\u010d\u00ed atrteretapie | Artpsychoterapie<\/p>\n<p>\u2022 Tv\u016fr\u010d\u00ed arteterapie se zam\u011b\u0159uje na tvorbu v\u00fdtvarn\u00e9ho d\u00edla, kter\u00e1 m\u00e1 sama o sob\u011b terapeutick\u00fd efekt bez ohledu na fin\u00e1ln\u00ed v\u00fdsledek.<\/p>\n<p>\u2022 Artpsychoterapie d\u00e1le zkoum\u00e1 vytvo\u0159en\u00e9 d\u00edlo, podrobuje ho dal\u0161\u00ed anal\u00fdze a d\u00edlo je rozeb\u00edr\u00e1no v n\u00e1sledn\u00e9 psychoterapii.<\/p>\n<p>Individu\u00e1ln\u00ed | Skupinov\u00e1<\/p>\n<p>\u2022 P\u0159i individu\u00e1ln\u00ed terapii se arteterapeut v\u011bnuje pouze jednomu pacientovi\/klientovi a sna\u017e\u00ed se s n\u00edm nav\u00e1zat vztah a z\u00edskat si jeho d\u016fv\u011bru. Tato forma je vyu\u017e\u00edv\u00e1na hlavn\u011b v p\u0159\u00edpadech, kdy si to s\u00e1m klient p\u0159eje, anebo v p\u0159\u00edpad\u011b, \u017ee by se skupina s klientem mohli negativn\u011b ovliv\u0148ovat \u010di ru\u0161it.<\/p>\n<p>\u2022 Skupinov\u00e1 forma terapie je vyu\u017e\u00edv\u00e1na daleko \u010dast\u011bji, nap\u0159. ve \u0161kol\u00e1ch. Umo\u017e\u0148uje soci\u00e1ln\u00ed interakce mezi jednotliv\u00fdmi pacienty\/klienty, mohou si vz\u00e1jemn\u011b vypom\u00e1hat a podporovat se p\u0159i \u0159e\u0161en\u00ed probl\u00e9m\u016f a stresov\u00fdch situac\u00ed. Skupinov\u00e1 pr\u00e1ce l\u00e9pe odhal\u00ed skryt\u00e9 schopnosti jednotlivc\u016f. Nev\u00fdhodou je nesnadn\u00e9 zachov\u00e1n\u00ed d\u016fv\u011brnosti, slo\u017eit\u011bj\u0161\u00ed organizace kreativn\u00edch \u010dinnost\u00ed. Podstatn\u011b nev\u00fdhodn\u00e9 je tak\u00e9 d\u011blen\u00ed pozornosti terapeuta mezi jednotliv\u00e9 \u010dleny. Rizikem je odsuzov\u00e1n\u00ed a \u201e\u0161katulkov\u00e1n\u00ed\u201c mezi \u010dleny skupiny. Snadno m\u016f\u017ee st\u00e1t, \u017ee pacient\/klient vyslov\u00ed sv\u016fj n\u00e1zor \u010di pocit a druz\u00ed to pouze zopakuj\u00ed, ani\u017e by nad probl\u00e9mem samostatn\u011b uva\u017eovali.<\/p>\n<p>Kdo je to arteterapeut?<\/p>\n<p>Klienta prov\u00e1z\u00ed celou terapi\u00ed profesion\u00e1l, kter\u00e9mu se \u0159\u00edk\u00e1 arteterapeut. Arteterapeut se na z\u00e1klad\u011b interpretace klientov\u00fdch v\u00fdtvarn\u00fdch projev\u016f pod\u00edl\u00ed na vytvo\u0159en\u00ed l\u00e9\u010debn\u00e9 korekce, nap\u0159\u00edklad prost\u0159ednictv\u00edm p\u0159enosu pocit\u016f a p\u0159\u00e1n\u00ed sm\u011brem ke sv\u00e9 osob\u011b a reprodukce emoc\u00ed. Jde o obdobu psychodynamick\u00e9 psychoterapie i voln\u00fdch asociac\u00ed. Ale sou\u010dasn\u00e1 arteterapie vyu\u017e\u00edv\u00e1 \u0159adu dal\u0161\u00edch psychologick\u00fdch metod. Arteterapeut vytv\u00e1\u0159\u00ed bezpe\u010dn\u00e9 prost\u0159ed\u00ed, za pacienta \u010di klienta nerozhoduje. Je pr\u016fvodcem, kter\u00fd s odstupem, nadhledem a uv\u011bdom\u011bn\u00edm je pacientovi\/klientovi pr\u016fvodcem k dal\u0161\u00edm rozhodnut\u00edm. Arteterapeut je profesion\u00e1l, jeho\u017e znalosti by m\u011bly dosahovat do oblast\u00ed lidsk\u00e9ho rozvoje, psychologick\u00fdch discipl\u00edn, pedagogiky. K jeho osobnostn\u00edm dovednostem mus\u00ed pat\u0159it schopnost jednat s lidmi a schopnost skupinov\u00e9 pr\u00e1ce. P\u0159edpokladem je i z\u00e1jem o um\u011bn\u00ed a schopnost v\u00e9st v\u00fdtvarnou tvorbu pacient\u016f \u010di klient\u016f, ale arteterapeut nen\u00ed lektorem ani u\u010ditelem um\u011bn\u00ed. D\u016fle\u017eit\u00e9 jsou jeho etick\u00e9 hodnoty: porozum\u011bt pacient\u016fm\/klient\u016fm a dok\u00e1zat jim pomoci. Z praktick\u00fdch dovednost\u00ed je pot\u0159ebn\u00e1 schopnost vytvo\u0159it terapeutick\u00fd vztah. Legislativn\u011b v\u0161ak u n\u00e1s povol\u00e1n\u00ed arteterapeuta o\u0161et\u0159eno nen\u00ed, tud\u00ed\u017e nelze p\u0159esn\u011b popsat jeho pravomoci a kompetence. R\u016fzn\u00e9 z\u00e1jmov\u00e9 skupiny arteterapeut\u016f doporu\u010duj\u00ed r\u016fzn\u00e9 zp\u016fsoby z\u00edsk\u00e1n\u00ed kvalifikace. Pokus zakotvit kvalifikaci arteterapeuta v r\u00e1mci n\u00e1rodn\u00ed soustavy kvalifikac\u00ed ztroskotal pr\u00e1v\u011b na sporech mezi p\u0159edstaviteli jednotliv\u00fdch z\u00e1jmov\u00fdch skupin.<\/p>\n<p>Arteterapeuti z\u00edsk\u00e1vaj\u00ed v sou\u010dasn\u00e9 dob\u011b kvalifikaci obvykle absolutoriem odborn\u00e9ho \u0161kolen\u00ed \u010di kurzu. Existuj\u00ed kurzy akreditovan\u00e9 ministerstvem \u0161kolstv\u00ed nebo ministerstvem pr\u00e1ce a soci\u00e1ln\u00edch v\u011bc\u00ed. Mo\u017enost vysoko\u0161kolsk\u00e9ho studia arteterapie nab\u00edz\u00ed Pedagogick\u00e1 fakulta Jiho\u010desk\u00e9 univerzity v \u010cesk\u00fdch Bud\u011bjovic\u00edch. T\u0159\u00edlet\u00e9 bakal\u00e1\u0159sk\u00e9 studium je organizov\u00e1no v r\u00e1mci tzv. ateli\u00e9ru arteterapie fakulty. N\u011bkolik dal\u0161\u00edch vysok\u00fdch \u0161kol nab\u00edz\u00ed studium v r\u00e1mci dal\u0161\u00edho vzd\u011bl\u00e1v\u00e1n\u00ed pedagog\u016f, celo\u017eivotn\u00edho vzd\u011bl\u00e1v\u00e1n\u00ed \u010di v r\u00e1mci kurz\u016f akreditovan\u00fdch ministerstvem \u0161kolstv\u00ed (nap\u0159. Pedagogick\u00e1 fakulta Masarykovy univerzity v Brn\u011b, Univerzita Jana \u00c1mose Komensk\u00e9ho v Praze a dal\u0161\u00ed). Kvalifikaci lze z\u00edskat tak\u00e9 studiem bakal\u00e1\u0159sk\u00e9ho \u010di magistersk\u00e9ho oboru l\u00e9\u010debn\u00e1 pedagogika v n\u011bkter\u00fdch ze sousedn\u00edch zem\u00ed (Pedagogick\u00e1 fakulta a L\u00e9ka\u0159sk\u00e1 fakulta Univerzity Komensk\u00e9ho v Bratislav\u011b, Pedagogick\u00e1 fakulta Katolick\u00e9 univerzity v Ru\u017eomberoku). Z\u00e1klady arteterapie poskytuje p\u0159edm\u011bt l\u00e9\u010debn\u00e1 pedagogika vyu\u010dovan\u00fd na 1. l\u00e9ka\u0159sk\u00e9 fakult\u011b Univerzity Karlovy v Praze. Akreditovan\u00e9 i neakreditovan\u00e9 kurzy arteterapie pak nab\u00edz\u00ed \u0159ada dal\u0161\u00edch vzd\u011bl\u00e1vac\u00edch instituc\u00ed. Rozsah je r\u016fzn\u00fd: od n\u011bkolika hodin a\u017e po kurzy trvaj\u00edc\u00ed n\u011bkolik let. Ze st\u0159edn\u00edch \u0161kol vyu\u010duje arteterapii v kurzech dal\u0161\u00edho vzd\u011bl\u00e1v\u00e1n\u00ed pedagogick\u00fdch pracovn\u00edk\u016f Euroinstitut a obdobn\u00e9 kurzy poskytuj\u00ed tak\u00e9 krajsk\u00e1 centra vzd\u011bl\u00e1v\u00e1n\u00ed.<\/p>\n<p>Praxe arteterapeuta vy\u017eaduje dodr\u017eov\u00e1n\u00ed z\u00e1kladn\u00edch etick\u00fdch princip\u016f, v\u010detn\u011b z\u00e1sady nez\u00e1vislosti arteterapeuta a jeho odborn\u00e9 zp\u016fsobilosti, pravidel chov\u00e1n\u00ed a m\u011bla by \u0159e\u0161it i disciplin\u00e1rn\u00ed ot\u00e1zky. Tyto standardy jsou podrobn\u011b rozpracov\u00e1ny v n\u011bkter\u00fdch zem\u00edch, u n\u00e1s zat\u00edm nemaj\u00ed v legislativ\u011b oporu. Jde o stejn\u00fd osud, jak\u00fd maj\u00ed ostatn\u00ed discipl\u00edny l\u00e9\u010debn\u00e9 pedagogiky. Nejrozpracovan\u011bj\u0161\u00ed z\u00e1sady maj\u00ed ve Spojen\u00fdch st\u00e1tech, kde existuj\u00ed jak vzd\u011bl\u00e1vac\u00ed standardy pro arteterapii, tak dvoustup\u0148ov\u00e1 atestace arteterapeut\u016f. Registrovan\u00fd arteterapeut (titul ATR) je absolvent magistersk\u00e9ho studia arteterapie, certfikovan\u00fd arteterapeut (titul je ATR-BC) absolventem postgradu\u00e1ln\u00edho studia s prax\u00ed minim\u00e1ln\u011b tis\u00edc hodin.<\/p>\n<p>Z evropsk\u00fdch zem\u00ed jsou z\u00e1sady pr\u00e1ce a vzd\u011bl\u00e1n\u00ed v arteterapii rozpracov\u00e1ny nejl\u00e9pe ve Velk\u00e9 Brit\u00e1nii, kde je povol\u00e1n\u00ed um\u011bleck\u00fdch, hudebn\u00edch a dramatick\u00fdch terapeut\u016f zaregistrov\u00e1no vl\u00e1dou u\u017e od roku 1997. Ve \u0160v\u00fdcarsku existuje leg\u00e1ln\u00ed za\u0159azen\u00ed certifikovan\u00e9ho arteterapeuta a graduovan\u00e9ho arteterapeuta v seznamu povol\u00e1n\u00ed se stanoven\u00edm p\u0159\u00edslu\u0161n\u00e9ho vzd\u011bl\u00e1n\u00ed. V Rakousku je arteterapie zahrnuta do zdravotnick\u00e9ho vzd\u011bl\u00e1v\u00e1n\u00ed, obdobn\u00e1 situace je v r\u00e1mci l\u00e9\u010debn\u00e9 pedagogiky i na Slovensku. Legislativn\u011b ukotvena je arteterapie ve Francii. V N\u011bmecku zat\u00edm nen\u00ed syst\u00e9m arteterapie jednotn\u00fd a bez jednozna\u010dn\u00e9 legislativn\u00ed podpory je arteterapie v Polsku i Rusku.<\/p>\n<p>Leo\u0161 St\u0159eda, 1. l\u00e9ka\u0159sk\u00e1 fakulta Karlovy univerzity Praha<\/p>\n","protected":false},"excerpt":{"rendered":"<div class=\"mh-excerpt\"><p>Arteterapie je sv\u00e9bytn\u00fd obor l\u00e9\u010debn\u00e9 pedagogiky, jej\u00edm hlavn\u00edm prost\u0159edkem je v\u00fdtvarn\u00fd projev. Vyu\u017e\u00edv\u00e1 se v klinick\u00fdch a vzd\u011bl\u00e1vac\u00edch za\u0159\u00edzen\u00edch, a tak\u00e9 v sociokulturn\u00ed n\u00e1prav\u011b. Setk\u00e1me <a class=\"mh-excerpt-more\" href=\"https:\/\/www.invarena.cz\/?p=26187\" title=\"Arteterapie v l\u00e9\u010debn\u00e9 pedagogice\">[&#8230;]<\/a><\/p>\n<\/div>","protected":false},"author":1,"featured_media":6269,"comment_status":"open","ping_status":"closed","sticky":false,"template":"","format":"standard","meta":{"footnotes":""},"categories":[9],"tags":[],"class_list":["post-26187","post","type-post","status-publish","format-standard","has-post-thumbnail","hentry","category-zpravy"],"_links":{"self":[{"href":"https:\/\/www.invarena.cz\/index.php?rest_route=\/wp\/v2\/posts\/26187","targetHints":{"allow":["GET"]}}],"collection":[{"href":"https:\/\/www.invarena.cz\/index.php?rest_route=\/wp\/v2\/posts"}],"about":[{"href":"https:\/\/www.invarena.cz\/index.php?rest_route=\/wp\/v2\/types\/post"}],"author":[{"embeddable":true,"href":"https:\/\/www.invarena.cz\/index.php?rest_route=\/wp\/v2\/users\/1"}],"replies":[{"embeddable":true,"href":"https:\/\/www.invarena.cz\/index.php?rest_route=%2Fwp%2Fv2%2Fcomments&post=26187"}],"version-history":[{"count":0,"href":"https:\/\/www.invarena.cz\/index.php?rest_route=\/wp\/v2\/posts\/26187\/revisions"}],"wp:featuredmedia":[{"embeddable":true,"href":"https:\/\/www.invarena.cz\/index.php?rest_route=\/wp\/v2\/media\/6269"}],"wp:attachment":[{"href":"https:\/\/www.invarena.cz\/index.php?rest_route=%2Fwp%2Fv2%2Fmedia&parent=26187"}],"wp:term":[{"taxonomy":"category","embeddable":true,"href":"https:\/\/www.invarena.cz\/index.php?rest_route=%2Fwp%2Fv2%2Fcategories&post=26187"},{"taxonomy":"post_tag","embeddable":true,"href":"https:\/\/www.invarena.cz\/index.php?rest_route=%2Fwp%2Fv2%2Ftags&post=26187"}],"curies":[{"name":"wp","href":"https:\/\/api.w.org\/{rel}","templated":true}]}}