{"id":26188,"date":"2017-02-09T12:38:20","date_gmt":"2017-02-09T11:38:20","guid":{"rendered":"http:\/\/www.invarena.cz\/?p=26188"},"modified":"2017-02-10T19:02:23","modified_gmt":"2017-02-10T18:02:23","slug":"fyzioterapeutka-vraci-pohyb-postizenym-u-nich-doma","status":"publish","type":"post","link":"https:\/\/www.invarena.cz\/?p=26188","title":{"rendered":"Fyzioterapeutka vrac\u00ed pohyb posti\u017een\u00fdm. U nich doma"},"content":{"rendered":"<p>Dnes dev\u011btat\u0159icetiletou Petru na\u0161el jej\u00ed p\u0159\u00edtel r\u00e1no vedle postele. Byla v bezv\u011bdom\u00ed, v noci toti\u017e prod\u011blala n\u00e1hl\u00e9 oboustrann\u00e9 krv\u00e1cen\u00ed do mozku. Te\u010f u\u017e je 9 let upout\u00e1na na l\u016f\u017eko a zji\u0161\u0165uje, kolik radosti m\u016f\u017ee p\u0159in\u00e9st zd\u00e1nliv\u00e1 mali\u010dkost. T\u0159eba kdy\u017e pod pod veden\u00edm fyzioterapeutky Vladim\u00edry P\u00fdchov\u00e9 otev\u0159e dla\u0148. <!--more--><\/p>\n<p>Pr\u00e1v\u011b rehabilitace je pro Petru zcela z\u00e1sadn\u00ed. Je cestou k n\u00e1vratu hybnosti. Aby se v\u0161ak nemusela kv\u016fli cvi\u010den\u00edm p\u0159esouvat do nemocnice, jezd\u00ed fyzioterapeutka p\u0159\u00edmo k n\u00ed dom\u016f. &#8222;Nav\u0161t\u011bvuji lidi po mozkov\u00fdch p\u0159\u00edhod\u00e1ch i t\u011b\u017ek\u00fdch autonehod\u00e1ch, mnoz\u00ed maj\u00ed c\u00e9vky \u010di ods\u00e1va\u010dky. Cesta do nemocnice je pro n\u011b nesm\u00edrn\u011b n\u00e1ro\u010dn\u00e1, n\u011bkdy i nemysliteln\u00e1,&#8220; vysv\u011btluje Vladim\u00edra P\u00fdchov\u00e1.<br \/>\nZat\u00edmco dom\u00e1c\u00ed sestersk\u00e1 p\u00e9\u010de zahrnuj\u00edc\u00ed drobn\u00e9 \u00fakony jako p\u0159evazy nebo m\u011b\u0159en\u00ed tlaku je dnes zcela b\u011b\u017en\u00e1, fyzioterapeuti doj\u00ed\u017ed\u011bj\u00ed za pacienty v \u010cesku jen v\u00fdjime\u010dn\u011b. &#8222;Byli jsme prvn\u00ed, kdo tuto slu\u017ebu v kraji za\u010dal nab\u00edzet, dnes m\u00e1me okruh 40 pacient\u016f,&#8220; podot\u00fdk\u00e1 Vladim\u00edra P\u00fdchov\u00e1.<br \/>\nPetra a jej\u00ed p\u0159\u00edtel Pavel si nemohou dom\u00e1c\u00ed rehabilitaci vynachv\u00e1lit. U\u0161et\u0159\u00ed jim toti\u017e spoustu \u010dasu a n\u00e1mahy. &#8222;Je to pro n\u00e1s neskute\u010dn\u00e1 pomoc. Trv\u00e1 skoro hodinu, ne\u017e Petru dostanu ven z domu, abych ji p\u0159evezl do nemocnice. Stejn\u00fd \u010das pak zabere, ne\u017e ji dostanu zp\u011bt na l\u016f\u017eko. To s dom\u00e1c\u00ed p\u00e9\u010d\u00ed odpad\u00e1,&#8220; p\u0159ipom\u00edn\u00e1 Pavel. Jeho p\u0159\u00edtelkyn\u011b nemluv\u00ed. Svou vd\u011b\u010dnost v\u0161ak pln\u011b vyjad\u0159uje o\u010dima, je\u017e se rozz\u00e1\u0159\u00ed, kdykoli obl\u00edbenou fyzioterapeutku spat\u0159\u00ed.<br \/>\nVladim\u00edra P\u00fdchov\u00e1 zaji\u0161\u0165ovala dom\u00e1c\u00ed rehabilitaci 22 let pro Hornickou nemocnici s poliklinikou v B\u00edlin\u011b a nav\u0161t\u011bvovala pacienty po cel\u00e9m teplick\u00e9m okrese. Letos na ja\u0159e ale z nemocnice ode\u0161la a slu\u017eba jako takov\u00e1 zanikla. &#8222;Pracuji v\u0161ak na jej\u00ed obnov\u011b. V z\u00e1\u0159\u00ed m\u011b \u010dek\u00e1 v\u00fdb\u011brov\u00e9 \u0159\u00edzen\u00ed na krajsk\u00e9m \u00fa\u0159ad\u011b a pak jedn\u00e1n\u00ed s poji\u0161\u0165ovnami. Douf\u00e1m, \u017ee se budu moci k pacient\u016fm vr\u00e1tit co nejd\u0159\u00edve, proto\u017ee mnoz\u00ed jsou u\u017e \u010dty\u0159i m\u011bs\u00edce bez rehabilitace a jejich stav se zhor\u0161uje, na co\u017e m\u011b upozor\u0148uj\u00ed i jejich l\u00e9ka\u0159i,&#8220; \u0159\u00edk\u00e1.<br \/>\nZa Petrou v\u0161ak zaj\u00ed\u017ed\u00ed nad\u00e1le. Ob\u011b \u017eeny se toti\u017e za ta l\u00e9ta bolestiv\u00e9 spolupr\u00e1ce sbl\u00ed\u017eily. &#8222;Staly se z n\u00e1s kamar\u00e1dky, tak\u017ee si sem p\u0159ij\u00ed\u017ed\u00edm pokecat,&#8220; sm\u011bje se fyzioterapeutka. Petra j\u00ed \u0161irok\u00fd \u00fasm\u011bv op\u011btuje a nat\u00e1hne k n\u00ed ruku. &#8222;Pod\u00edvejte, na lev\u00e9 ruce u\u017e dok\u00e1\u017ee narovnat prsty. To je nejv\u011bt\u0161\u00ed odm\u011bna za na\u0161e sna\u017een\u00ed,&#8220; dod\u00e1v\u00e1 Vladim\u00edra P\u00fdchov\u00e1.<\/p>\n<p>Michal Dvo\u0159\u00e1k, redaktor MF DNES<br \/>\nMlad\u00e1 fronta DNES<\/p>\n","protected":false},"excerpt":{"rendered":"<div class=\"mh-excerpt\"><p>Dnes dev\u011btat\u0159icetiletou Petru na\u0161el jej\u00ed p\u0159\u00edtel r\u00e1no vedle postele. Byla v bezv\u011bdom\u00ed, v noci toti\u017e prod\u011blala n\u00e1hl\u00e9 oboustrann\u00e9 krv\u00e1cen\u00ed do mozku. Te\u010f u\u017e je 9 <a class=\"mh-excerpt-more\" href=\"https:\/\/www.invarena.cz\/?p=26188\" title=\"Fyzioterapeutka vrac\u00ed pohyb posti\u017een\u00fdm. U nich doma\">[&#8230;]<\/a><\/p>\n<\/div>","protected":false},"author":1,"featured_media":0,"comment_status":"open","ping_status":"closed","sticky":false,"template":"","format":"standard","meta":{"footnotes":""},"categories":[9],"tags":[],"class_list":["post-26188","post","type-post","status-publish","format-standard","hentry","category-zpravy"],"_links":{"self":[{"href":"https:\/\/www.invarena.cz\/index.php?rest_route=\/wp\/v2\/posts\/26188","targetHints":{"allow":["GET"]}}],"collection":[{"href":"https:\/\/www.invarena.cz\/index.php?rest_route=\/wp\/v2\/posts"}],"about":[{"href":"https:\/\/www.invarena.cz\/index.php?rest_route=\/wp\/v2\/types\/post"}],"author":[{"embeddable":true,"href":"https:\/\/www.invarena.cz\/index.php?rest_route=\/wp\/v2\/users\/1"}],"replies":[{"embeddable":true,"href":"https:\/\/www.invarena.cz\/index.php?rest_route=%2Fwp%2Fv2%2Fcomments&post=26188"}],"version-history":[{"count":0,"href":"https:\/\/www.invarena.cz\/index.php?rest_route=\/wp\/v2\/posts\/26188\/revisions"}],"wp:attachment":[{"href":"https:\/\/www.invarena.cz\/index.php?rest_route=%2Fwp%2Fv2%2Fmedia&parent=26188"}],"wp:term":[{"taxonomy":"category","embeddable":true,"href":"https:\/\/www.invarena.cz\/index.php?rest_route=%2Fwp%2Fv2%2Fcategories&post=26188"},{"taxonomy":"post_tag","embeddable":true,"href":"https:\/\/www.invarena.cz\/index.php?rest_route=%2Fwp%2Fv2%2Ftags&post=26188"}],"curies":[{"name":"wp","href":"https:\/\/api.w.org\/{rel}","templated":true}]}}