{"id":26196,"date":"2016-08-16T14:28:18","date_gmt":"2016-08-16T12:28:18","guid":{"rendered":"http:\/\/www.invarena.cz\/?p=26196"},"modified":"2016-08-16T14:28:18","modified_gmt":"2016-08-16T12:28:18","slug":"jihocesi-pojedou-do-ria-pro-medaile","status":"publish","type":"post","link":"https:\/\/www.invarena.cz\/?p=26196","title":{"rendered":"Jiho\u010de\u0161i pojedou do Ria pro medaile"},"content":{"rendered":"<p><strong>Plavec, plavkyn\u011b, jachta\u0159, stoln\u00ed tenista a lukost\u0159elec. Mezi 36 \u010desk\u00fdmi paralympioniky, kte\u0159\u00ed vyraz\u00ed do Ria, jich je p\u011bt z jihu \u010cech.<\/strong> <!--more--><\/p>\n<p>\u010cESK\u00c9 BUD\u011aJOVICE Prvn\u00edho z\u00e1\u0159\u00ed se sejdou v pra\u017esk\u00fdch Kbel\u00edch a vyraz\u00ed sm\u011br Rio de Janeiro. Bude to men\u0161\u00ed v\u00fdprava ne\u017e ta, kter\u00e1 let\u011bla do Ji\u017en\u00ed Ameriky za\u010d\u00e1tkem srpna, ale i tahle m\u00e1 \u0159adu medailov\u00fdch ambic\u00ed. N\u011bkdo jede u\u017e na n\u011bkolik\u00e1t\u00e9 hry, jin\u00ed na sv\u00e9 prvn\u00ed. A dal\u0161\u00ed dop\u0159edu upozor\u0148uj\u00ed na to, \u017ee budou jeho posledn\u00ed.<\/p>\n<p>&#8222;Douf\u00e1m, \u017ee si hry maxim\u00e1ln\u011b u\u017eiju, dal\u0161\u00ed u\u017e toti\u017e nepl\u00e1nuju. O\u010dek\u00e1v\u00e1m, \u017ee mimo baz\u00e9nu a pokoje v paralympijsk\u00e9 vesnici uvid\u00edm i n\u011bco m\u00e1lo z Ria. Nejl\u00e9pe z lanovky na Cukrovou homoli,&#8220; \u0159\u00edk\u00e1 nap\u0159\u00edklad B\u011bla T\u0159eb\u00ednov\u00e1, rozen\u00e1 Hlav\u00e1\u010dkov\u00e1. Je jednou ze sportovc\u016f, kte\u0159\u00ed vyraz\u00ed na hry z jihu \u010cech. A je tak\u00e9 jednou z nejzku\u0161en\u011bj\u0161\u00edch v \u010desk\u00e9 v\u00fdprav\u011b. Startovala u\u017e na hr\u00e1ch v At\u00e9n\u00e1ch v roce 2004. Kdyby nevynechala p\u0159ed \u010dty\u0159mi lety Lond\u00fdn, kdy si dala od z\u00e1vod\u011bn\u00ed pauzu, byly by to u\u017e jej\u00ed \u010dtvrt\u00e9 paralympijsk\u00e9 hry.<\/p>\n<p>&#8222;T\u011b\u017eko \u0159\u00edct, co n\u00e1s tam \u010dek\u00e1. Mysl\u00edm si, \u017ee tyhle hry budou m\u00edt \u00fapln\u011b jinou atmosf\u00e9ru ne\u017e ty at\u00e9nsk\u00e9 a pekingsk\u00e9, ale zato m\u011b osobn\u011b tam \u010dek\u00e1 mnohem v\u011bt\u0161\u00ed konkurence,&#8220; vysv\u011btluje \u010dty\u0159icetilet\u00e1 plavkyn\u011b, kter\u00e1 je paraplegikem od roku 1999. Na hr\u00e1ch se p\u0159edstav\u00ed v discipl\u00edn\u00e1ch 200 metr\u016f polohov\u00fd z\u00e1vod, 50 a 100 metr\u016f voln\u00fdm zp\u016fsobem a na znakov\u00e9 pades\u00e1tce.<\/p>\n<p>&#8222;Nejv\u011bt\u0161\u00ed \u0161ance m\u00e1m asi pr\u00e1v\u011b na znaku,&#8220; vysv\u011btluje \u017eena, kter\u00e1 na p\u0159edchoz\u00edch hr\u00e1ch z\u00edskala dohromady p\u011bt medail\u00ed \u2013 t\u0159i zlat\u00e9, st\u0159\u00edbrnou a bronzovou.<\/p>\n<p>Petr\u00e1\u010dek se chystal \u010dty\u0159i roky<\/p>\n<p>O znakov\u00e9 pades\u00e1tce mluv\u00ed jako o sv\u00e9 par\u00e1dn\u00ed discipl\u00edn\u011b i plavec Arno\u0161t Petr\u00e1\u010dek. V p\u011btadvaceti letech se jedn\u00e1 o jeho t\u0159et\u00ed olympijsk\u00e9 hry. Na t\u011bch prvn\u00edch byl v Pekingu. I v jeho p\u0159\u00edpad\u011b plat\u00ed, \u017ee se jedn\u00e1 o zku\u0161en\u00e9ho z\u00e1vodn\u00edka, kter\u00fd u\u017e dop\u0159edu upozor\u0148oval, \u017ee po Riu si d\u00e1 od plav\u00e1n\u00ed rok pauzu.<\/p>\n<p>&#8220; J\u00e1 si ty hry jedu hlavn\u011b u\u017e\u00edt. A takovou t\u0159e\u0161ni\u010dkou na dortu by pro m\u011b byla medaile v discipl\u00edn\u011b 50 metr\u016f znak. Na p\u0159edchoz\u00edch olympi\u00e1d\u00e1ch to nevy\u0161lo, tak snad te\u010f. Pevn\u011b v\u011b\u0159\u00edm, \u017ee to vyjde,&#8220; vypr\u00e1v\u00ed Petr\u00e1\u010dek, kter\u00fd \u00fasp\u011bchu v Braz\u00edlii pod\u0159\u00eddil p\u0159\u00edpravu posledn\u00edch \u010dty\u0159 let. Se sv\u00fdm tren\u00e9rem v\u0161e sm\u011b\u0159oval pr\u00e1v\u011b k z\u00e1vodu na pades\u00e1t metr\u016f znak.<\/p>\n<p>&#8222;Plavali jsme na t\u00e9 trati ve\u0161ker\u00e9 z\u00e1vody posledn\u00edho roku,&#8220; \u0159\u00edk\u00e1 Petr\u00e1\u010dek, kter\u00fd je v t\u011bchto dnech na soust\u0159ed\u011bn\u00ed na Kan\u00e1rsk\u00fdch ostrovech. Je\u0161t\u011b ho \u010dek\u00e1 po n\u00e1vratu jedno reprezenta\u010dn\u00ed v Nymburce a pot\u00e9 vyraz\u00ed na kbelsk\u00e9 leti\u0161t\u011b, odkud se vyd\u00e1 se zbytkem v\u00fdpravy p\u0159es oce\u00e1n.<\/p>\n<p>Nav\u00edc jako jeden z m\u00e1la m\u00e1 s Riem zku\u0161enost, proto\u017ee v roce 2009 tam byl na mistrovstv\u00ed sv\u011bta. A tak si m\u016f\u017ee \u0159\u00edct, \u017ee v\u00ed, do \u010deho jde.<\/p>\n<p>To \u00fapln\u011b nem\u016f\u017ee jachta\u0159 Daniel B\u00edna, kter\u00fd je paralympijsk\u00fdm nov\u00e1\u010dkem. Z\u00e1vodn\u011b plachtil od roku 1982. O sedm let pozd\u011bji byl po autonehod\u011b upout\u00e1n na invalidn\u00ed voz\u00edk a na lo\u010f se vr\u00e1til v roce 2003.<\/p>\n<p>&#8222;Absolvoval jsem u\u017e mnoho kvalifikac\u00ed, mistrovstv\u00ed sv\u011bta a sv\u011btov\u00fdch poh\u00e1r\u016f, tak\u017ee m\u00e1m p\u0159edstavu, co m\u011b tam \u010dek\u00e1,&#8220; \u0159\u00edk\u00e1 46let\u00fd B\u00edna, kter\u00fd \u017eije ve V\u010deln\u00e9 u \u010cesk\u00fdch Bud\u011bjovic a v krajsk\u00e9m m\u011bst\u011b se narodil.<\/p>\n<p>&#8222;Dvakr\u00e1t u\u017e jsem se v minulosti pokou\u0161el kvalifikovat. Te\u010f jsem se dostal mezi \u0161estn\u00e1ct lod\u00ed z des\u00e1t\u00e9ho m\u00edsta,&#8220; pochvaluje si B\u00edna, kter\u00fd m\u00e1 jasnou p\u0159edstavu o tom, jak by cht\u011bl dopadnout. &#8222;Hodn\u011b to tam te\u010de a jsou tam velk\u00e9 zm\u011bny v\u011btru, tak\u017ee ter\u00e9n nebude jednoduch\u00fd. Ale cht\u011bl bych b\u00fdt v prvn\u00ed des\u00edtce. Kdy\u017e to p\u016fjde dob\u0159e, tak v osmi\u010dce a mal\u00fd z\u00e1zrak by byl do \u0161est\u00e9ho m\u00edsta,&#8220; \u0159\u00edk\u00e1 mu\u017e, kter\u00fd se na vlny p\u0159ipravoval nap\u0159\u00edklad i v Nizozemsku. Zat\u00edmco on s celou v\u00fdpravou polet\u00ed 1. z\u00e1\u0159\u00ed, jeho lo\u010f u\u017e je na cest\u011b te\u010f. D\u00edky B\u00ednovi se na paralympijsk\u00e9 hry v\u016fbec poprv\u00e9 dostal i \u010desk\u00fd jachta\u0159.<\/p>\n<p>Karabec jede u\u017e po\u0161est\u00e9<\/p>\n<p>Na sv\u00e9 \u0161est\u00e9 paralympijsk\u00e9 hry v historii vyr\u00e1\u017e\u00ed i stoln\u00ed tenista Ivan Karabec. Rod\u00e1k z \u010cesk\u00fdch Bud\u011bjovic, kter\u00fd od sv\u00fdch \u010dtrn\u00e1cti let \u017eije v Hav\u00ed\u0159ov\u011b, m\u011bl premi\u00e9ru v Atlant\u011b v roce 1996. O \u010dty\u0159i roky pozd\u011bji v Sydney dokonce z\u00edskal zlatou medaili. &#8222;V Riu u\u017e v\u016fbec nep\u016fjde o um\u00edst\u011bn\u00ed, ale moc se chci z\u00fa\u010dastnit. \u0160estou \u00fa\u010dast\u00ed bych se stal rekordmanem mezi \u010desk\u00fdmi paralympioniky,&#8220; uvedl u\u017e d\u0159\u00edve Karabec.<\/p>\n<p>Velk\u00e9 ambice m\u016f\u017ee m\u00edt i 34let\u00fd rod\u00e1k z Kaplice David Drahon\u00ednsk\u00fd, kter\u00fd \u017eije v Praze. V lukost\u0159elb\u011b je toti\u017e aktu\u00e1ln\u00edm mistrem sv\u011bta. Dlouho byl mezi lukost\u0159elci na hr\u00e1ch s\u00e1m. Na posledn\u00ed chv\u00edli se k n\u011bmu ov\u0161em kvalifikovali dal\u0161\u00ed t\u0159i \u010de\u0161t\u00ed z\u00e1vodn\u00edci.<\/p>\n<p>&#8212;&#8212;&#8212;&#8212;&#8212;&#8211;<\/p>\n<p>P\u0159ehled &#8211; Jiho\u010de\u0161i na paralympi\u00e1d\u011b: B\u011bla T\u0159eb\u00ednov\u00e1 &#8211; \u010cty\u0159icetilet\u00e1 roda\u010dka z N\u00e1choda, kter\u00e1 \u017eije v \u010cesk\u00fdch Bud\u011bjovic\u00edch, se p\u0159edstav\u00ed v plav\u00e1n\u00ed. Arno\u0161t Petr\u00e1\u010dek &#8211; P\u011btadvacetilet\u00fd plavec je rod\u00e1kem z P\u00edsku a \u017eije v Jankov\u011b. Daniel B\u00edna &#8211; Letos \u0161esta\u010dty\u0159icetilet\u00fd jachta\u0159 \u017eije ve V\u010deln\u00e9 u \u010cesk\u00fdch Bud\u011bjovic. Ivan Karabec &#8211; Stoln\u00ed tenista se narodil v \u010cesk\u00fdch Bud\u011bjovic\u00edch, ale u\u017e od \u010dtrn\u00e1cti let \u017eije v Hav\u00ed\u0159ov\u011b. David Drahon\u00ednsk\u00fd &#8211; Lukost\u0159elec poch\u00e1z\u00ed z Kaplice, ale dlouhodob\u011b \u017eije v Praze.<\/p>\n<p>Roman \u0160per\u0148\u00e1k<br \/>\nMlad\u00e1 fronta DNES<\/p>\n","protected":false},"excerpt":{"rendered":"<div class=\"mh-excerpt\"><p>Plavec, plavkyn\u011b, jachta\u0159, stoln\u00ed tenista a lukost\u0159elec. Mezi 36 \u010desk\u00fdmi paralympioniky, kte\u0159\u00ed vyraz\u00ed do Ria, jich je p\u011bt z jihu \u010cech.<\/p>\n<\/div>","protected":false},"author":1,"featured_media":14611,"comment_status":"open","ping_status":"closed","sticky":false,"template":"","format":"standard","meta":{"footnotes":""},"categories":[9],"tags":[],"class_list":["post-26196","post","type-post","status-publish","format-standard","has-post-thumbnail","hentry","category-zpravy"],"_links":{"self":[{"href":"https:\/\/www.invarena.cz\/index.php?rest_route=\/wp\/v2\/posts\/26196","targetHints":{"allow":["GET"]}}],"collection":[{"href":"https:\/\/www.invarena.cz\/index.php?rest_route=\/wp\/v2\/posts"}],"about":[{"href":"https:\/\/www.invarena.cz\/index.php?rest_route=\/wp\/v2\/types\/post"}],"author":[{"embeddable":true,"href":"https:\/\/www.invarena.cz\/index.php?rest_route=\/wp\/v2\/users\/1"}],"replies":[{"embeddable":true,"href":"https:\/\/www.invarena.cz\/index.php?rest_route=%2Fwp%2Fv2%2Fcomments&post=26196"}],"version-history":[{"count":0,"href":"https:\/\/www.invarena.cz\/index.php?rest_route=\/wp\/v2\/posts\/26196\/revisions"}],"wp:featuredmedia":[{"embeddable":true,"href":"https:\/\/www.invarena.cz\/index.php?rest_route=\/wp\/v2\/media\/14611"}],"wp:attachment":[{"href":"https:\/\/www.invarena.cz\/index.php?rest_route=%2Fwp%2Fv2%2Fmedia&parent=26196"}],"wp:term":[{"taxonomy":"category","embeddable":true,"href":"https:\/\/www.invarena.cz\/index.php?rest_route=%2Fwp%2Fv2%2Fcategories&post=26196"},{"taxonomy":"post_tag","embeddable":true,"href":"https:\/\/www.invarena.cz\/index.php?rest_route=%2Fwp%2Fv2%2Ftags&post=26196"}],"curies":[{"name":"wp","href":"https:\/\/api.w.org\/{rel}","templated":true}]}}