{"id":26242,"date":"2016-08-25T15:20:48","date_gmt":"2016-08-25T13:20:48","guid":{"rendered":"http:\/\/www.invarena.cz\/?p=26242"},"modified":"2016-08-25T15:20:48","modified_gmt":"2016-08-25T13:20:48","slug":"splnil-si-sen-leti-na-paralympiadu","status":"publish","type":"post","link":"https:\/\/www.invarena.cz\/?p=26242","title":{"rendered":"Splnil si sen. Let\u00ed na paralympi\u00e1du"},"content":{"rendered":"<p><strong>Dostal se na prvn\u00ed paralympi\u00e1du, na kterou se zkusil kvalifikovat. Jednat\u0159icetilet\u00fd Kamil Va\u0161\u00ed\u010dek z Blanska odl\u00e9t\u00e1 v z\u00e1\u0159\u00ed do brazilsk\u00e9ho Ria de Janeira, kde bude bojovat o medaili v boccie.<\/strong> <!--more--><\/p>\n<p>Sport podobn\u00fd p\u00e9tanque za\u010dal hr\u00e1t v roce 2009 ve t\u0159et\u00ed lize a ka\u017ed\u00fd dal\u0161\u00ed rok postoupil do vy\u0161\u0161\u00ed sout\u011b\u017ee. &#8222;A od roku 2013 se \u00fa\u010dastn\u00edm mistrovstv\u00ed sv\u011bta a Evropy, p\u0159i kter\u00fdch jsem se sna\u017eil kvalifikovat na paralympi\u00e1du,&#8220; \u0159\u00edk\u00e1 Va\u0161\u00ed\u010dek. Pat\u0159\u00ed tak mezi dvacet \u010dty\u0159i nejlep\u0161\u00edch na sv\u011bt\u011b v tomto sportu, kte\u0159\u00ed z p\u016fvodn\u00ed asi sedmdes\u00e1tky aktivn\u00edch hr\u00e1\u010d\u016f z\u00edskali v poh\u00e1rov\u00fdch sout\u011b\u017e\u00edch nejv\u00edce bod\u016f.<\/p>\n<p>Bocciu hraj\u00ed sportovci ve \u010dty\u0159ech kategori\u00edch. T\u0159i jsou pro ty, kte\u0159\u00ed m\u00ed\u010dky h\u00e1zej\u00ed sami rukou. Kamil pat\u0159\u00ed do t\u00e9 \u010dtvrt\u00e9, kdy pou\u0161t\u00ed m\u00ed\u010dek z rampy. &#8222;M\u00e1me asistenty, kter\u00fdm p\u0159esn\u011b \u0159ekneme, co maj\u00ed d\u011blat. Nesm\u00ed se d\u00edvat na hrac\u00ed plochu a mluvit na n\u00e1s,&#8220; vysv\u011btluje. P\u0159i h\u0159e se pak sna\u017e\u00ed \u0161esti \u010derven\u00fdmi nebo modr\u00fdmi ko\u017een\u00fdmi m\u00ed\u010dky dostat co nejbl\u00ed\u017ee tomu b\u00edl\u00e9mu. Oproti p\u00e9tanque se boccia hraje v t\u011blocvi\u010dn\u011b.<\/p>\n<p>Kamil je po nehod\u011b v roce 2004 odk\u00e1z\u00e1n na invalidn\u00ed voz\u00edk a pomoc druh\u00e9 osoby. Nejd\u0159\u00edve jezdil na rehabilitace do Prahy, kde d\u011blali v\u0161emo\u017en\u00e9 sporty. &#8222;S bocciou jsem se setkal asi v roce 2007, to jsem ale je\u0161t\u011b neza\u010dal hr\u00e1t. Nem\u011bl jsem se k tomu,&#8220; vzpom\u00edn\u00e1. V\u017edy ale sportoval.<\/p>\n<p>Hr\u00e1val florbal nebo z\u00e1vodn\u011b ly\u017eoval. &#8222;Byl jsem pak r\u00e1d, \u017ee i na voz\u00edku m\u016f\u017eu n\u011bco d\u011blat a nav\u00edc sportovat,&#8220; popisuje sportovec svoji motivaci v za\u010d\u00e1tc\u00edch.<\/p>\n<p>Krom\u011b boccii mohl hr\u00e1t florbal na elektrick\u00e9m voz\u00edku, kdy je hokejka p\u0159ipevn\u011bn\u00e1 ke stup\u00e1tku. Ten se sice hraje z\u00e1vodn\u011b, ale ne v Brn\u011b. Na tr\u00e9ninky by musel do vzd\u00e1len\u011bj\u0161\u00edho Zl\u00edna.<\/p>\n<p>Te\u010f Kamil doj\u00ed\u017ed\u00ed t\u0159ikr\u00e1t a\u017e \u010dty\u0159ikr\u00e1t t\u00fddn\u011b do Brna na tr\u00e9ninky. &#8222;Trvaj\u00ed asi dv\u011b hodiny. N\u011bkdy m\u00e1me i celodenn\u00ed soust\u0159ed\u011bn\u00ed. Na tr\u00e9ninku procvi\u010dujeme r\u016fzn\u00e9 situace, celou hru, pod\u00e1n\u00ed, vyr\u00e1\u017een\u00ed nebo dor\u00e1\u017een\u00ed. A vzd\u00e1lenosti,&#8220; \u0159\u00edk\u00e1.<\/p>\n<p>Jeden velk\u00fd sen se Kamilovi splnil. Dostal se na paralympi\u00e1du. &#8222;Vy\u0161\u0161\u00ed c\u00edl je u\u017e jen p\u0159iv\u00e9zt dom\u016f medaili. S t\u00edm jede na paralympi\u00e1du ka\u017ed\u00fd sportovec. Kdy\u017e se zada\u0159\u00ed, budeme jen r\u00e1di. Jedeme tam ale poprv\u00e9 a nem\u00e1me co ztratit,&#8220; dod\u00e1v\u00e1.<\/p>\n<p>VERONIKA JEL\u00cdNKOV\u00c1<br \/>\nBlanensk\u00fd den\u00edk<br \/>\n<a href=\"http:\/\/blanensky.denik.cz\/\">http:\/\/blanensky.denik.cz\/<\/a><\/p>\n","protected":false},"excerpt":{"rendered":"<div class=\"mh-excerpt\"><p>Dostal se na prvn\u00ed paralympi\u00e1du, na kterou se zkusil kvalifikovat. Jednat\u0159icetilet\u00fd Kamil Va\u0161\u00ed\u010dek z Blanska odl\u00e9t\u00e1 v z\u00e1\u0159\u00ed do brazilsk\u00e9ho Ria de Janeira, kde bude <a class=\"mh-excerpt-more\" href=\"https:\/\/www.invarena.cz\/?p=26242\" title=\"Splnil si sen. Let\u00ed na paralympi\u00e1du\">[&#8230;]<\/a><\/p>\n<\/div>","protected":false},"author":1,"featured_media":11068,"comment_status":"open","ping_status":"closed","sticky":false,"template":"","format":"standard","meta":{"footnotes":""},"categories":[9],"tags":[],"class_list":["post-26242","post","type-post","status-publish","format-standard","has-post-thumbnail","hentry","category-zpravy"],"_links":{"self":[{"href":"https:\/\/www.invarena.cz\/index.php?rest_route=\/wp\/v2\/posts\/26242","targetHints":{"allow":["GET"]}}],"collection":[{"href":"https:\/\/www.invarena.cz\/index.php?rest_route=\/wp\/v2\/posts"}],"about":[{"href":"https:\/\/www.invarena.cz\/index.php?rest_route=\/wp\/v2\/types\/post"}],"author":[{"embeddable":true,"href":"https:\/\/www.invarena.cz\/index.php?rest_route=\/wp\/v2\/users\/1"}],"replies":[{"embeddable":true,"href":"https:\/\/www.invarena.cz\/index.php?rest_route=%2Fwp%2Fv2%2Fcomments&post=26242"}],"version-history":[{"count":0,"href":"https:\/\/www.invarena.cz\/index.php?rest_route=\/wp\/v2\/posts\/26242\/revisions"}],"wp:featuredmedia":[{"embeddable":true,"href":"https:\/\/www.invarena.cz\/index.php?rest_route=\/wp\/v2\/media\/11068"}],"wp:attachment":[{"href":"https:\/\/www.invarena.cz\/index.php?rest_route=%2Fwp%2Fv2%2Fmedia&parent=26242"}],"wp:term":[{"taxonomy":"category","embeddable":true,"href":"https:\/\/www.invarena.cz\/index.php?rest_route=%2Fwp%2Fv2%2Fcategories&post=26242"},{"taxonomy":"post_tag","embeddable":true,"href":"https:\/\/www.invarena.cz\/index.php?rest_route=%2Fwp%2Fv2%2Ftags&post=26242"}],"curies":[{"name":"wp","href":"https:\/\/api.w.org\/{rel}","templated":true}]}}