{"id":26246,"date":"2016-08-29T09:38:01","date_gmt":"2016-08-29T07:38:01","guid":{"rendered":"http:\/\/www.invarena.cz\/?p=26246"},"modified":"2016-08-30T14:01:59","modified_gmt":"2016-08-30T12:01:59","slug":"chranena-dilna-v-malci-bojuje-o-preziti-nema-dostatek-zakazek","status":"publish","type":"post","link":"https:\/\/www.invarena.cz\/?p=26246","title":{"rendered":"Chr\u00e1n\u011bn\u00e1 d\u00edlna v Mal\u010di bojuje o p\u0159e\u017eit\u00ed, nem\u00e1 dostatek zak\u00e1zek"},"content":{"rendered":"<p><strong>Komplikace p\u016fsob\u00ed syst\u00e9m v\u00fdb\u011brov\u00fdch \u0159\u00edzen\u00ed a podez\u0159ele n\u00edzk\u00e9 ceny konkurence<\/strong> <!--more--><\/p>\n<p>Male\u010d \u2013 Do t\u00ed\u017eiv\u00e9 ekonomick\u00e9 situace se dostala chr\u00e1n\u011bn\u00e1 d\u00edlna v Mal\u010di na Chot\u011bbo\u0159sku. Chyb\u011bj\u00ed j\u00ed zak\u00e1zky. D\u00edln\u011b se loni nepoda\u0159ilo usp\u011bt ve v\u00fdb\u011brov\u00e9m \u0159\u00edzen\u00ed na zpracov\u00e1n\u00ed elektronick\u00e9ho odpadu.<\/p>\n<p>D\u00edlna v Mal\u010di funguje asi sedm let. Specializuje se na rozeb\u00edr\u00e1n\u00ed nebezpe\u010dn\u00e9ho elektroodpadu. Zam\u011bstn\u00e1vala asi 14 lid\u00ed, v\u010detn\u011b vedouc\u00edho, z nich\u017e v\u011bt\u0161ina, t\u00e9m\u011b\u0159 80 procent, pat\u0159\u00ed do kategorie ZPS (zm\u011bna pracovn\u00ed schopnosti) a m\u00e1 probl\u00e9my sehnat \u0159\u00e1dn\u00e9 zam\u011bstn\u00e1n\u00ed. Mo\u017enost otev\u0159\u00edt d\u00edlnu, kde se nebezpe\u010dn\u00fd odpad rozeb\u00edr\u00e1, z\u00edskala obec Male\u010d v sout\u011b\u017ei vypsan\u00e9 firmou ODAS, kter\u00e1 se specializuje na nakl\u00e1d\u00e1n\u00ed s odpadem.<\/p>\n<p>O ZAK\u00c1ZKY SOUT\u011a\u017d\u00cd<\/p>\n<p>Probl\u00e9m je hlavn\u011b v tom, \u017ee chr\u00e1n\u011bn\u00e1 d\u00edlna nedost\u00e1v\u00e1 zak\u00e1zky automaticky, nem\u016f\u017ee si je dokonce ani sehnat sama, ale mus\u00ed o n\u011b sout\u011b\u017eit v syst\u00e9mu Asekol nebo Elektrovin.<\/p>\n<p>&#8222;P\u0159edloni jsme vyhr\u00e1li sout\u011b\u017e na zpracov\u00e1n\u00ed 600 tun star\u00fdch televizor\u016f. Loni jsme u\u017e neusp\u011bli. Te\u010f sh\u00e1n\u00edme, co se d\u00e1, d\u00edlna se sna\u017e\u00ed p\u0159e\u017e\u00edt. Pracuje v n\u00ed u\u017e jen deset lid\u00ed,&#8220; popsal situaci starosta Karel Mus\u00edlek a jak dodal, ukazuje se, \u017ee odpady se st\u00e1vaj\u00ed \u017e\u00e1danou komoditou. Konkurence roste, ale co je hor\u0161\u00ed, za\u010d\u00ednaj\u00ed se objevovat firmy, kter\u00e9 rozeb\u00edraj\u00ed star\u00e9 elektrospot\u0159ebi\u010de za neuv\u011b\u0159iteln\u011b n\u00edzk\u00e9 ceny.<\/p>\n<p>&#8222;Nepamatuji si, jak\u00e1 firma vyhr\u00e1la, ale cena, kterou nab\u00eddla za svoje slu\u017eby, byla tak neuv\u011b\u0159iteln\u011b n\u00edzk\u00e1, a\u017e se mi to zd\u00e1 podivn\u00e9. Na\u0161e d\u00edlna rozeb\u00edr\u00e1 jeden kilogram elektrospot\u0159ebi\u010d\u016f v cen\u011b jedna koruna a pades\u00e1t hal\u00e9\u0159\u016f. Je to u\u017e hrani\u010dn\u00ed cena, aby chr\u00e1n\u011bn\u00e1 d\u00edlna odvedla pr\u00e1ci kvalitn\u011b, a z\u016fstala p\u0159itom sob\u011bsta\u010dn\u00e1,&#8220; podotkl starosta Mus\u00edlek.<\/p>\n<p>Jestli\u017ee n\u011bkdo rozeb\u00edr\u00e1 elektrospot\u0159ebi\u010de je\u0161t\u011b za ni\u017e\u0161\u00ed cenu, pak d\u00edlna podle jeho n\u00e1zoru mus\u00ed prod\u011bl\u00e1vat. &#8222;Pak by m\u011b zaj\u00edmalo, jak ta d\u00edlna funguje, co se tam s t\u00edm odpadem d\u011bje,&#8220; zd\u016fraznil starosta.<\/p>\n<p>&#8222;Pochybuji, \u017ee takov\u00e1 firma m\u00e1 \u0161t\u011bdr\u00e9ho mecen\u00e1\u0161e, kter\u00fd by dotoval provoz.<\/p>\n<p>Ono se toti\u017e m\u016f\u017ee st\u00e1t, \u017ee tam p\u0159\u00edstroje rozeberou, vyberou z nich m\u011b\u010f, kterou mohou prodat, a zbytek n\u011bkde pohod\u00ed, proto\u017ee kdyby rozeb\u00edrali opravdu kvalitn\u011b a podle p\u0159edpis\u016f, nemohou se do t\u00e9 ceny vej\u00edt,&#8220; povzdechl si starosta.<\/p>\n<p>Ji\u017e letos na podzim se chr\u00e1n\u011bn\u00e1 d\u00edlna v Mal\u010di chyst\u00e1 do v\u00fdb\u011brov\u00e9ho \u0159\u00edzen\u00ed, kde bude ve h\u0159e 1 000 tun star\u00fdch televizor\u016f a po\u010d\u00edta\u010dov\u00fdch monitor\u016f. &#8222;N\u00e1m by sta\u010dilo vyhr\u00e1t p\u011bt set a\u017e \u0161est set tun, abychom se udr\u017eeli,&#8220; podotkl starosta. Pokud by d\u00edlna skon\u010dila, p\u0159i\u0161li by posti\u017een\u00ed lid\u00e9 o pr\u00e1ci, ale tak\u00e9 by se mohlo st\u00e1t, jak v minulosti nazna\u010dil starosta Mus\u00edlek, \u017ee by obec musela vracet dotaci, kterou na z\u0159\u00edzen\u00ed d\u00edlny z\u00edskala. D\u00edlna dost\u00e1v\u00e1 zat\u00edm dotace na mzdy zam\u011bstnanc\u016f na sv\u016fj provoz od \u00fa\u0159adu pr\u00e1ce.<\/p>\n<p>ASEKOL: D\u00cdLNY \u0158\u00c1DN\u011a PROV\u011a\u0158UJEME<\/p>\n<p>&#8222;Chr\u00e1n\u011bn\u00e9 d\u00edlny dlouhodob\u011b tvo\u0159\u00ed v\u00edce ne\u017e polovinu na\u0161ich smluvn\u00edch zpracovatel\u016f. Asekol jim pr\u016fb\u011b\u017en\u011b dod\u00e1v\u00e1 ke zpracov\u00e1n\u00ed mimo jin\u00e9 za\u0159\u00edzen\u00ed s obrazovkami \u2013 tedy televize a po\u010d\u00edta\u010dov\u00e9 monitory. To jsou spot\u0159ebi\u010de, kter\u00e9 vy\u017eaduj\u00ed a i v budoucnu budou vy\u017eadovat ru\u010dn\u00ed pr\u00e1ci,&#8220; uvedla mluv\u010d\u00ed akciov\u00e9 spole\u010dnosti Asekol Martina \u010ea\u010fov\u00e1. I kdy\u017e je tento typ rozeb\u00edr\u00e1n\u00ed a\u017e trojn\u00e1sobn\u011b finan\u010dn\u011b n\u00e1ro\u010dn\u011bj\u0161\u00ed, st\u00e1le se Asekol sna\u017e\u00ed podle \u010ea\u010fov\u00e9 maxim\u00e1ln\u011b tuto formu podporovat.<\/p>\n<p>&#8222;V minul\u00e9m roce se pomoc\u00ed chr\u00e1n\u011bn\u00fdch d\u00edlen zpracovalo v\u00edce ne\u017e 3 500 tun CRT televiz\u00ed a monitor\u016f, nav\u00edc Asekol uspo\u0159\u00e1dal na podzim ji\u017e druh\u00fd ro\u010dn\u00edk v\u00fdb\u011brov\u00e9ho \u0159\u00edzen\u00ed na dal\u0161\u00edch 1 000 tun V\u00fdb\u011brov\u00e9 \u0159\u00edzen\u00ed je otev\u0159en\u00e9, tedy se do n\u011bj m\u016f\u017ee p\u0159ihl\u00e1sit jak\u00e1koliv chr\u00e1n\u011bn\u00e1 d\u00edlna, kter\u00e1 spln\u00ed zad\u00e1vac\u00ed podm\u00ednky a do 15. 10.za\u0161le svoji p\u0159ihl\u00e1\u0161ku,&#8220; sd\u011blila na \u00favod k syst\u00e9mu v\u00fdb\u011brov\u00fdch \u0159\u00edzen\u00ed mluv\u010d\u00ed Asekolu.<\/p>\n<p>Do\u0161l\u00e9 p\u0159ihl\u00e1\u0161ky hodnot\u00ed komise slo\u017een\u00e1 ze z\u00e1stupc\u016f SMO\u010cR (Svaz m\u011bst a obc\u00ed), z\u00e1stupce p\u0159edstavenstva spole\u010dnosti, p\u0159edsed\u00e1 j\u00ed V\u00e1clav Kr\u00e1sa z N\u00e1rodn\u00ed rady osob se zdravotn\u00edm posti\u017een\u00edm.<\/p>\n<p>&#8222;\u00da\u010dastn\u00edk v\u00fdb\u011brov\u00e9ho \u0159\u00edzen\u00ed mus\u00ed splnit p\u0159\u00edsn\u00e1 krit\u00e9ria, kter\u00e1 prov\u011b\u0159uj\u00ed samotnou chr\u00e1n\u011bnou d\u00edlnu a zam\u011bstn\u00e1v\u00e1n\u00ed osob se zdravotn\u00edm posti\u017een\u00edm, kapacitn\u00ed mo\u017enosti zpracov\u00e1n\u00ed, kvalitu rozeb\u00edr\u00e1n\u00ed a jej\u00ed ekologickou stopu, ale i to, kam se po rozeb\u00edr\u00e1n\u00ed materi\u00e1ly (hlavn\u011b ty nebezpe\u010dn\u00e9) prod\u00e1vaj\u00ed,&#8220; zd\u016fraznila mluv\u010d\u00ed.<\/p>\n<p>Letos bude Asekol vyhla\u0161ovat ji\u017e t\u0159et\u00ed ro\u010dn\u00edk sout\u011b\u017ee. Hlavn\u00ed motivac\u00ed Asekolu je ochrana \u017eivotn\u00edho prost\u0159ed\u00ed, ekologick\u00e1 recyklace, mo\u017enost dal\u0161\u00edho vyu\u017eit\u00ed materi\u00e1l\u016f i \u00faspora zdroj\u016f a v neposledn\u00ed \u0159ad\u011b intenzivn\u00ed osv\u011bta ve\u0159ejnosti.<\/p>\n<p>&#8222;Ekologickou recyklac\u00ed m\u00e1me na mysli jednak odborn\u00e9 zach\u00e1zen\u00ed s vyslou\u017eil\u00fdm elektroodpadem, zbaven\u00ed se nebezpe\u010dn\u00fdch \u010d\u00e1st\u00ed a materi\u00e1l\u016f a pot\u00e9 i separaci na jednotliv\u00e9 materi\u00e1ly, tak aby se mohly vyu\u017e\u00edt znovu k v\u00fdrob\u011b, a u\u0161et\u0159ilo se tak prim\u00e1rn\u00edch zdroj\u016f nebo se nemusely znovu vyr\u00e1b\u011bt,&#8220; vysv\u011btlila mluv\u010d\u00ed.<\/p>\n<p>\u0160T\u011aP\u00c1NKA SAADOUNI<br \/>\nHavl\u00ed\u010dkobrodsk\u00fd den\u00edk<br \/>\n<a href=\"http:\/\/havlickobrodsky.denik.cz\/\">http:\/\/havlickobrodsky.denik.cz\/<\/a><\/p>\n","protected":false},"excerpt":{"rendered":"<div class=\"mh-excerpt\"><p>Komplikace p\u016fsob\u00ed syst\u00e9m v\u00fdb\u011brov\u00fdch \u0159\u00edzen\u00ed a podez\u0159ele n\u00edzk\u00e9 ceny konkurence<\/p>\n<\/div>","protected":false},"author":1,"featured_media":16920,"comment_status":"open","ping_status":"closed","sticky":false,"template":"","format":"standard","meta":{"footnotes":""},"categories":[9],"tags":[],"class_list":["post-26246","post","type-post","status-publish","format-standard","has-post-thumbnail","hentry","category-zpravy"],"_links":{"self":[{"href":"https:\/\/www.invarena.cz\/index.php?rest_route=\/wp\/v2\/posts\/26246","targetHints":{"allow":["GET"]}}],"collection":[{"href":"https:\/\/www.invarena.cz\/index.php?rest_route=\/wp\/v2\/posts"}],"about":[{"href":"https:\/\/www.invarena.cz\/index.php?rest_route=\/wp\/v2\/types\/post"}],"author":[{"embeddable":true,"href":"https:\/\/www.invarena.cz\/index.php?rest_route=\/wp\/v2\/users\/1"}],"replies":[{"embeddable":true,"href":"https:\/\/www.invarena.cz\/index.php?rest_route=%2Fwp%2Fv2%2Fcomments&post=26246"}],"version-history":[{"count":0,"href":"https:\/\/www.invarena.cz\/index.php?rest_route=\/wp\/v2\/posts\/26246\/revisions"}],"wp:featuredmedia":[{"embeddable":true,"href":"https:\/\/www.invarena.cz\/index.php?rest_route=\/wp\/v2\/media\/16920"}],"wp:attachment":[{"href":"https:\/\/www.invarena.cz\/index.php?rest_route=%2Fwp%2Fv2%2Fmedia&parent=26246"}],"wp:term":[{"taxonomy":"category","embeddable":true,"href":"https:\/\/www.invarena.cz\/index.php?rest_route=%2Fwp%2Fv2%2Fcategories&post=26246"},{"taxonomy":"post_tag","embeddable":true,"href":"https:\/\/www.invarena.cz\/index.php?rest_route=%2Fwp%2Fv2%2Ftags&post=26246"}],"curies":[{"name":"wp","href":"https:\/\/api.w.org\/{rel}","templated":true}]}}