{"id":26247,"date":"2016-08-29T09:45:56","date_gmt":"2016-08-29T07:45:56","guid":{"rendered":"http:\/\/www.invarena.cz\/?p=26247"},"modified":"2016-08-29T09:45:56","modified_gmt":"2016-08-29T07:45:56","slug":"dvanactilety-vojta-pojede-do-skoly-v-novem-voziku","status":"publish","type":"post","link":"https:\/\/www.invarena.cz\/?p=26247","title":{"rendered":"Dvan\u00e1ctilet\u00fd Vojta pojede do \u0161koly v nov\u00e9m voz\u00edku"},"content":{"rendered":"<p><strong>Vojt\u011bch Bartel sfoukl v\u010dera na narozeninov\u00e9m dortu dvan\u00e1ct sv\u00ed\u010dek. Po pr\u00e1zdnin\u00e1ch p\u016fjde do \u0161est\u00e9 t\u0159\u00eddy. Nebude ale sed\u011bt v lavici, n\u00fdbr\u017e v invalidn\u00edm voz\u00edku.<\/strong><!--more--><\/p>\n<p>\u00dast\u00ed nad Labem \u2013 &#8222;Jednou po n\u00e1vratu z pr\u00e1ce na m\u011b p\u0159i\u0161ly kontrakce a porodila jsem synka o dva a p\u016fl m\u011bs\u00edce p\u0159ed\u010dasn\u011b, ve t\u0159ic\u00e1t\u00e9m t\u00fddnu t\u011bhotenstv\u00ed. Z litom\u011b\u0159ick\u00e9 nemocnice Vojt\u00ed\u0161ka okam\u017eit\u011b p\u0159evezli do inkub\u00e1toru na novorozeneck\u00e9 odd\u011blen\u00ed \u00fasteck\u00e9 nemocnice,&#8220; popisuje ud\u00e1losti Vojt\u00ed\u0161kova matka Du\u0161ana Bl\u00e1hov\u00e1.<\/p>\n<p>S p\u0159\u00edtelem Davidem Bartelem se radovala z prvorozen\u00e9ho syna. B\u011bhem jeho prvn\u00edho roku \u017eivota rodi\u010de ani l\u00e9ka\u0159i na v\u00fdvoji chlapce nepozorovali, \u017ee by bylo n\u011bco v nepo\u0159\u00e1dku. &#8222;Kdy\u017e se po roce nepohyboval, jak m\u011bl, za\u010dali jsme usuzovat, \u017ee je n\u011bco \u0161patn\u011b. P\u00e1trali jsme po internetu a pojali podez\u0159en\u00ed, \u017ee prod\u011blal d\u011btskou mozkovou obrnu,&#8220; l\u00ed\u010d\u00ed David Bartel.<\/p>\n<p>Rodi\u010de Vojty se spojili s p\u0159ednostou Fakultn\u00ed nemocnice v Motole Pavlem Kol\u00e1\u0159em. Chlapec za\u010dal cvi\u010dit podle Vojtovy metody, ale po \u010dty\u0159ech letech musel kv\u016fli psychick\u00fdm blok\u016fm s cvi\u010den\u00edm skon\u010dit. &#8222;Za\u010dal se b\u00e1t lid\u00ed, b\u00e1l se i d\u011bdy, plakal, dali jsme si asi dva m\u011bs\u00edce pauzu, a syn\u016fv stav se za\u010dal lep\u0161it, tak\u017ee jsme Vojtovu metodu odst\u0159ihli a vyhledali doktora Borise \u017divn\u00e9ho z pra\u017esk\u00e9ho NeuroCetra, kter\u00fd prov\u00e1d\u011bl selektivn\u00ed dorz\u00e1ln\u00ed rizotomii. Po operaci v Nymburku, kdy do\u0161lo k z\u00e1sahu do p\u00e1te\u0159e, se Vojtovi uvolnily ruce, za\u010dal v\u00edce komunikovat a l\u00e9pe d\u00fdchat, proto\u017ee se mu l\u00e9pe prokrvoval mozek,&#8220; popisuje pozitivn\u00ed poopera\u010dn\u00ed v\u00fdsledky David Bartel.<\/p>\n<p>Pokrok byl vid\u011bt i po pobytech v l\u00e1zn\u00edch. Naopak se m\u00edjela \u00fa\u010dinkem hipoterapie. Do Vojtov\u00fdch sedmi let nikdo nev\u011bd\u011bl, pro\u010d je posti\u017een\u00fd. A\u017e p\u0159i druh\u00e9m t\u011bhotenstv\u00ed zjistila Du\u0161ana Bl\u00e1hov\u00e1, \u017ee m\u00e1 poruchu sr\u00e1\u017elivosti krve. &#8222;Vojta se tedy narodil p\u0159ed\u010dasn\u011b, proto\u017ee se mi srazila placenta, vyvolal se p\u0159ed\u010dasn\u00fd porod a synek se p\u0159idusil,&#8220; popisuje Du\u0161ana Bl\u00e1hov\u00e1.<\/p>\n<p>V deseti letech se u Vojty nav\u00edc objevila epilepsie.<\/p>\n<p>P\u0159esto je chlapec komunikativn\u00ed, dob\u0159e rozum\u00ed a reaguje. R\u00e1d pozoruje sv\u00e9ho otce p\u0159i pr\u00e1ci. &#8222;Vydr\u017e\u00ed m\u011b pozorovat dlouh\u00e9 hodiny p\u0159i malov\u00e1n\u00ed nebo sek\u00e1n\u00ed tr\u00e1vy a t\u011b\u0161\u00ed se z toho, \u017ee pom\u00e1h\u00e1,&#8220; usm\u00edv\u00e1 se David Bartel.<\/p>\n<p>Se synem jezd\u00ed na v\u00fdlety, kter\u00e9 m\u00e1 r\u00e1d. Vojt\u011bch na voz\u00ed\u010dku absolvoval proch\u00e1zku po Farmaparku, prohl\u00eddku K\u0159ivokl\u00e1tu, v\u00fdjezd na T\u0159i k\u0159\u00ed\u017ee nebo Festival j\u00eddla v Praze. S nov\u00fdm odleh\u010den\u00fdm, variabiln\u00edm a skl\u00e1dac\u00edm voz\u00edkem je cestov\u00e1n\u00ed za v\u00fdlety i za b\u011b\u017en\u00fdmi \u010dinnostmi jednodu\u0161\u0161\u00ed. Je jeho druh\u00fdm voz\u00edkem v \u017eivot\u011b. Prvn\u00ed u\u017e\u00edval p\u011bt a p\u016fl roku, pak u\u017e mu byl t\u011bsn\u00fd.<\/p>\n<p>Z nov\u00e9ho voz\u00edku se raduje jen kr\u00e1tce, a to i d\u00edky tomu, \u017ee m\u011bl na n\u00e1kup p\u0159isp\u011bvatele, Nada\u010dn\u00ed fond Evy Mat\u011bjkov\u00e9. Ten vznikl v prosinci 2014 jako pocta zesnul\u00e9 man\u017eelce Josefa Mat\u011bjky. Smyslem Fondu je pom\u00e1hat t\u011bm, kte\u0159\u00ed pomoc pot\u0159ebuj\u00ed, zejm\u00e9na proto, \u017ee maj\u00ed zdravotn\u00ed pot\u00ed\u017ee.<\/p>\n<p>U \u017e\u00e1dosti o p\u0159\u00edsp\u011bvek na zb\u00fdvaj\u00edc\u00ed \u010d\u00e1stku 23 493 koruny na obstar\u00e1n\u00ed invalidn\u00edho voz\u00edku se Mat\u011bjkovi ani nepozastavili a vyhov\u011bli. &#8222;D\u011bkoval jsem osobn\u011b Markovi Mat\u011bjkovi a Pet\u0159e \u010copov\u00e9. P\u0159esto bych cht\u011bl je\u0161t\u011b jednou pod\u011bkovat, \u017ee i v dne\u0161n\u00ed dob\u011b se najdou lid\u00e9, kte\u0159\u00ed daruj\u00ed jin\u00fdm, co nem\u016f\u017eou m\u00edt, nebo je to pro n\u011b t\u011b\u017ece dostupn\u00e9. Nepat\u0159\u00edme ale mezi ty, kte\u0159\u00ed by se toho sna\u017eili zneu\u017e\u00edvat,&#8220; \u0159\u00edk\u00e1 David Bartel.<\/p>\n<p>Vojtovi i jeho rodi\u010d\u016fm, zejm\u00e9na matce by moment\u00e1ln\u011b usnadnila \u017eivot rampa do auta na nakl\u00e1dku invalidn\u00edho voz\u00edku v\u010detn\u011b p\u0159ev\u00e1\u017een\u00e9 osoby. Voz\u00edk v\u00e1\u017e\u00ed asi 14 kilogram\u016f a Vojta 45 kilogram\u016f. Du\u0161ana Bl\u00e1hov\u00e1 p\u0159itom zvedne Vojtu za den a\u017e \u0161estn\u00e1ctkr\u00e1t. Znatelnou pomoc\u00ed by byla i \u017eidli\u010dka na p\u0159evoz z jednoho pokoje do druh\u00e9ho, ve kter\u00e9 by mohl Vojta sed\u011bt v zafixovan\u00e9 poloze, aby netrp\u011blo t\u011blo, a mohl si v n\u00ed i hr\u00e1t. \u017didli\u010dka stoj\u00ed 60 tis\u00edc, doplatek \u010din\u00ed 14 tis\u00edc korun.<\/p>\n<p>\u00dasteck\u00fd den\u00edk<br \/>\n<a href=\"http:\/\/www.ustecky.denik.cz\/\">http:\/\/www.ustecky.denik.cz\/<\/a><\/p>\n","protected":false},"excerpt":{"rendered":"<div class=\"mh-excerpt\"><p>Vojt\u011bch Bartel sfoukl v\u010dera na narozeninov\u00e9m dortu dvan\u00e1ct sv\u00ed\u010dek. Po pr\u00e1zdnin\u00e1ch p\u016fjde do \u0161est\u00e9 t\u0159\u00eddy. Nebude ale sed\u011bt v lavici, n\u00fdbr\u017e v invalidn\u00edm voz\u00edku.<\/p>\n<\/div>","protected":false},"author":1,"featured_media":10607,"comment_status":"open","ping_status":"closed","sticky":false,"template":"","format":"standard","meta":{"footnotes":""},"categories":[9],"tags":[],"class_list":["post-26247","post","type-post","status-publish","format-standard","has-post-thumbnail","hentry","category-zpravy"],"_links":{"self":[{"href":"https:\/\/www.invarena.cz\/index.php?rest_route=\/wp\/v2\/posts\/26247","targetHints":{"allow":["GET"]}}],"collection":[{"href":"https:\/\/www.invarena.cz\/index.php?rest_route=\/wp\/v2\/posts"}],"about":[{"href":"https:\/\/www.invarena.cz\/index.php?rest_route=\/wp\/v2\/types\/post"}],"author":[{"embeddable":true,"href":"https:\/\/www.invarena.cz\/index.php?rest_route=\/wp\/v2\/users\/1"}],"replies":[{"embeddable":true,"href":"https:\/\/www.invarena.cz\/index.php?rest_route=%2Fwp%2Fv2%2Fcomments&post=26247"}],"version-history":[{"count":0,"href":"https:\/\/www.invarena.cz\/index.php?rest_route=\/wp\/v2\/posts\/26247\/revisions"}],"wp:featuredmedia":[{"embeddable":true,"href":"https:\/\/www.invarena.cz\/index.php?rest_route=\/wp\/v2\/media\/10607"}],"wp:attachment":[{"href":"https:\/\/www.invarena.cz\/index.php?rest_route=%2Fwp%2Fv2%2Fmedia&parent=26247"}],"wp:term":[{"taxonomy":"category","embeddable":true,"href":"https:\/\/www.invarena.cz\/index.php?rest_route=%2Fwp%2Fv2%2Fcategories&post=26247"},{"taxonomy":"post_tag","embeddable":true,"href":"https:\/\/www.invarena.cz\/index.php?rest_route=%2Fwp%2Fv2%2Ftags&post=26247"}],"curies":[{"name":"wp","href":"https:\/\/api.w.org\/{rel}","templated":true}]}}