{"id":26249,"date":"2016-08-29T09:53:33","date_gmt":"2016-08-29T07:53:33","guid":{"rendered":"http:\/\/www.invarena.cz\/?p=26249"},"modified":"2016-08-29T09:53:33","modified_gmt":"2016-08-29T07:53:33","slug":"bezec-s-poruchou-mozku-rio-vrchol-me-kariery","status":"publish","type":"post","link":"https:\/\/www.invarena.cz\/?p=26249","title":{"rendered":"B\u011b\u017eec s poruchou mozku: Rio? Vrchol m\u00e9 kari\u00e9ry!"},"content":{"rendered":"<p><strong>Hendikepovan\u00fd atlet odl\u00e9t\u00e1 na paralympi\u00e1du. Mohl se proh\u00e1n\u011bt za fotbalov\u00fdm m\u00ed\u010dem, ale zv\u00edt\u011bzila atletika. Dneska hendikepovan\u00fd atlet po mozkov\u00e9 obrn\u011b Daniel H\u00fdna v\u00ed, \u017ee ud\u011blal dob\u0159e, kdy\u017e vym\u011bnil kopa\u010dky za tretry.<\/strong> <!--more--><\/p>\n<p>Most \u2013 Chyst\u00e1 se na svou prvn\u00ed paralympi\u00e1du. Jedenadvacetilet\u00fd sportovec bude reprezentovat Mostecko na hr\u00e1ch v brazilsk\u00e9m Riu, kde vyb\u011bhne na tra\u0165 1 500 metr\u016f. Odl\u00e9t\u00e1 na za\u010d\u00e1tku z\u00e1\u0159\u00ed. T\u011b\u0161\u00ed se. Je to pro n\u011bj vrchol dosavadn\u00ed kari\u00e9ry.<\/p>\n<p>&#8222;V\u00edm, \u017ee m\u011b \u010dek\u00e1 velk\u00e1 konkurence, ale budu se sna\u017eit zab\u011bhnout co nejlep\u0161\u00ed \u010das a d\u00e1t do toho v\u0161echno. Chci tam ud\u011blat dobr\u00fd v\u00fdsledek. Tahle paralympi\u00e1da je zat\u00edm vrchol m\u00e9 kari\u00e9ry,&#8220; \u0159\u00edk\u00e1 H\u00fdna, kter\u00fd na kilometru a p\u016fl m\u00e1 osobn\u00ed rekord 4 minuty a 33 sekund. P\u0159itom atletice se v\u011bnuje teprve od roku 2011. P\u0159edt\u00edm hr\u00e1l fotbal.<\/p>\n<p>&#8222;Ale vyhr\u00e1la atletika. Fotbal u\u017e m\u011b tolik nebavil a nav\u00edc k b\u011bh\u00e1n\u00ed bylo snadn\u00e9 p\u0159ej\u00edt. V atletice se taky b\u011bh\u00e1 jako p\u0159i fotbale. Akor\u00e1t chce \u010dlov\u011bk m\u00edt co nejlep\u0161\u00ed \u010das,&#8220; usm\u00edv\u00e1 se vyu\u010den\u00fd zedn\u00edk a vyjmenov\u00e1v\u00e1 sv\u00e9 posledn\u00ed vrcholn\u00e9 \u00fasp\u011bchy.<\/p>\n<p>&#8222;Loni jsem byl sedm\u00fd na mistrovstv\u00ed sv\u011bta v Kataru, letos p\u00e1t\u00fd na mistrovstv\u00ed Evropy v It\u00e1lii.&#8220;<\/p>\n<p>Do sb\u00edrky skv\u011bl\u00fdch v\u00fdsledk\u016f by r\u00e1d z\u00e1vodn\u00edk AK Most p\u0159idal i olympijskou medaili. Mak\u00e1 na n\u00ed zhruba rok. V atletick\u00fdch sout\u011b\u017e\u00edch se na paralympi\u00e1d\u011b v Riu bude b\u00edt mezi mu\u017ei 660 borc\u016f. Daniel H\u00fdna startuje sv\u016fj z\u00e1vod 10. z\u00e1\u0159\u00ed. Do t\u00e9 doby bude v Braz\u00edlii tr\u00e9novat. N\u00e1vrat do \u010cech pl\u00e1nuje 20. z\u00e1\u0159\u00ed.<\/p>\n<p>&#8222;Po z\u00e1vodech si v Riu u\u017eiji dovolenou. Je to nejvzd\u00e1len\u011bj\u0161\u00ed m\u00edsto, kam se s atletikou pod\u00edv\u00e1m, tak si to tam chci u\u017e\u00edt,&#8220; vysv\u011btluje vyt\u00e1hl\u00fd mlad\u00edk, kter\u00fd tr\u00e9nuje \u0161est dn\u00ed v t\u00fddnu. Sv\u00fdm zan\u00edcen\u00edm a snahou nakazil i tren\u00e9ra Karla Kalibu.<\/p>\n<p>&#8222;Dan i p\u0159es nep\u0159\u00edze\u0148 osudu je hybnou silou m\u00e9 tr\u00e9ninkov\u00e9 skupiny. Svoj\u00ed cti\u017e\u00e1dost a urputnost p\u0159en\u00e1\u0161\u00ed i na ostatn\u00ed. I d\u00edky n\u011bmu se j\u00e1 osobn\u011b op\u011bt po letech v\u011bnuji z\u00e1vodn\u011b atletice a t\u00edm jsme si navz\u00e1jem n\u00e1pomocni v tr\u00e9ninku i z\u00e1vodech, kter\u00e9 absolvujeme spole\u010dn\u011b, jeliko\u017e v\u011bt\u0161inou pom\u011b\u0159uje s\u00edly se zdrav\u00fdmi atlety. V\u0161ichni mu v Riu p\u0159ejeme zaslou\u017een\u00fd \u00fasp\u011bch a dr\u017e\u00edme mu palce,&#8220; \u0159ekl ke sv\u00e9mu sv\u011b\u0159enci kou\u010d Kaliba.<\/p>\n<p>V\u00c1CLAV VEVERKA<br \/>\nChomutovsk\u00fd den\u00edk<br \/>\n<a href=\"http:\/\/www.chomutovsky.denik.cz\/\">http:\/\/www.chomutovsky.denik.cz\/<\/a><\/p>\n","protected":false},"excerpt":{"rendered":"<div class=\"mh-excerpt\"><p>Hendikepovan\u00fd atlet odl\u00e9t\u00e1 na paralympi\u00e1du. Mohl se proh\u00e1n\u011bt za fotbalov\u00fdm m\u00ed\u010dem, ale zv\u00edt\u011bzila atletika. Dneska hendikepovan\u00fd atlet po mozkov\u00e9 obrn\u011b Daniel H\u00fdna v\u00ed, \u017ee ud\u011blal <a class=\"mh-excerpt-more\" href=\"https:\/\/www.invarena.cz\/?p=26249\" title=\"B\u011b\u017eec s poruchou mozku: Rio? Vrchol m\u00e9 kari\u00e9ry!\">[&#8230;]<\/a><\/p>\n<\/div>","protected":false},"author":1,"featured_media":21719,"comment_status":"open","ping_status":"closed","sticky":false,"template":"","format":"standard","meta":{"footnotes":""},"categories":[9],"tags":[],"class_list":["post-26249","post","type-post","status-publish","format-standard","has-post-thumbnail","hentry","category-zpravy"],"_links":{"self":[{"href":"https:\/\/www.invarena.cz\/index.php?rest_route=\/wp\/v2\/posts\/26249","targetHints":{"allow":["GET"]}}],"collection":[{"href":"https:\/\/www.invarena.cz\/index.php?rest_route=\/wp\/v2\/posts"}],"about":[{"href":"https:\/\/www.invarena.cz\/index.php?rest_route=\/wp\/v2\/types\/post"}],"author":[{"embeddable":true,"href":"https:\/\/www.invarena.cz\/index.php?rest_route=\/wp\/v2\/users\/1"}],"replies":[{"embeddable":true,"href":"https:\/\/www.invarena.cz\/index.php?rest_route=%2Fwp%2Fv2%2Fcomments&post=26249"}],"version-history":[{"count":0,"href":"https:\/\/www.invarena.cz\/index.php?rest_route=\/wp\/v2\/posts\/26249\/revisions"}],"wp:featuredmedia":[{"embeddable":true,"href":"https:\/\/www.invarena.cz\/index.php?rest_route=\/wp\/v2\/media\/21719"}],"wp:attachment":[{"href":"https:\/\/www.invarena.cz\/index.php?rest_route=%2Fwp%2Fv2%2Fmedia&parent=26249"}],"wp:term":[{"taxonomy":"category","embeddable":true,"href":"https:\/\/www.invarena.cz\/index.php?rest_route=%2Fwp%2Fv2%2Fcategories&post=26249"},{"taxonomy":"post_tag","embeddable":true,"href":"https:\/\/www.invarena.cz\/index.php?rest_route=%2Fwp%2Fv2%2Ftags&post=26249"}],"curies":[{"name":"wp","href":"https:\/\/api.w.org\/{rel}","templated":true}]}}