{"id":26250,"date":"2016-08-29T10:05:09","date_gmt":"2016-08-29T08:05:09","guid":{"rendered":"http:\/\/www.invarena.cz\/?p=26250"},"modified":"2016-08-29T10:05:09","modified_gmt":"2016-08-29T08:05:09","slug":"pomahat-tem-kteri-to-potrebuji-jsem-mela-v-krvi-odjakziva","status":"publish","type":"post","link":"https:\/\/www.invarena.cz\/?p=26250","title":{"rendered":"Pom\u00e1hat t\u011bm, kte\u0159\u00ed to pot\u0159ebuj\u00ed, jsem m\u011bla v krvi odjak\u017eiva"},"content":{"rendered":"<p><strong>P\u011btapades\u00e1tilet\u00e1 Dana Van\u00edkov\u00e1 je prakticky nevidom\u00e1. I p\u0159es sv\u016fj hendikep se v\u0161ak rozhodla pom\u00e1hat ostatn\u00edm. Pracuje v centru pro posti\u017een\u00e9, je radn\u00ed v Nezv\u011bstic\u00edch na Plze\u0148sku, kde d\u011bl\u00e1 je\u0161t\u011b soci\u00e1ln\u00ed pracovnici. P\u016fsob\u00ed tak\u00e9 v rad\u011b pro seniory a ve sboru dobrovoln\u00fdch hasi\u010d\u016f. K tomu vychovala t\u0159i d\u011bti a nyn\u00ed se star\u00e1 o p\u011bt vnou\u010dat.<\/strong><!--more--><\/p>\n<p>&#8211; S hendikepem \u017eijete u\u017e dvacet let. Co se v\u00e1m stalo?<\/p>\n<p>V p\u011btat\u0159iceti letech se mi narodilo t\u0159et\u00ed d\u00edt\u011b, dcera, a l\u00e9ka\u0159i n\u00e1sledn\u011b zjistili, \u017ee m\u00e1m zelen\u00fd z\u00e1kal. P\u0159i\u0161lo se na to docela pozd\u011b, proto od t\u00e9 doby na prav\u00e9 oko nevid\u00edm v\u016fbec a na lev\u00e9 m\u00e1m zbytkov\u00e9 vid\u011bn\u00ed.<\/p>\n<p>&#8211; Muselo b\u00fdt velmi t\u011b\u017ek\u00e9 se s t\u00edm vyrovnat, je\u0161t\u011b kdy\u017e jste se musela starat o malou dcerku.<\/p>\n<p>V rodin\u011b jsem m\u011bla obrovsk\u00e9 z\u00e1zem\u00ed. Nejv\u00edce mi pomohl man\u017eel a moji rodi\u010de. Tak\u00e9 jsem doch\u00e1zela do dvou organizac\u00ed, kter\u00e9 pracuj\u00ed s nevidom\u00fdmi. A je\u0161t\u011b za mnou doch\u00e1zela pe\u010dovatelka, kter\u00e1 m\u011b v\u0161echno u\u010dila znovu.<\/p>\n<p>&#8211; V tu chv\u00edli se v\u00e1m musel zm\u011bnit cel\u00fd \u017eivot.<\/p>\n<p>To ano. Najednou se v\u00e1m v\u0161echno \u00fapln\u011b p\u0159ehodnot\u00ed. Kdy\u017e se to n\u011bkomu stane, tak si s\u00e1hne na \u00fapln\u00e9 dno. Ale nesm\u00ed propadnout panice a mus\u00ed si \u0159\u00edci, \u017ee \u017eivot jde d\u00e1l a \u017ee mnoz\u00ed jsou na tom je\u0161t\u011b h\u016f\u0159. Kdy\u017e \u010dlov\u011bk chce a m\u00e1 velkou oporu, tak se t\u00e9m\u011b\u0159 v\u0161echny \u010dinnosti nau\u010d\u00ed znovu, i nevidom\u00fd.<\/p>\n<p>&#8211; A vy jste toho d\u016fkazem.<\/p>\n<p>J\u00e1 jsem na sob\u011b hned za\u010dala pracovat a \u010d\u00edm d\u00e1l v\u00edc jsem se zapojovala do \u017eivota. Pot\u00e9 jsem si \u0159ekla, \u017ee bych vlastn\u011b mohla znovu za\u010d\u00edt i pracovat.<\/p>\n<p>&#8211; Tak\u017ee jste se vr\u00e1tila do pr\u00e1ce?<\/p>\n<p>Sice ne tam, kde jsem pracovala d\u0159\u00edv, ale cht\u011bla jsem se n\u011bjak zapojit mezi lidi a pom\u00e1hat t\u011bm, kte\u0159\u00ed to pot\u0159ebuj\u00ed, to jsem m\u011bla v krvi odjak\u017eiva. \u0160la jsem tedy do v\u00fdb\u011brov\u00e9ho \u0159\u00edzen\u00ed na \u0159editelku Tyflocentra, kterou jsem se nakonec stala. V\u00fdhodou pro m\u011b bylo, \u017ee jsem se dok\u00e1zala v\u017e\u00edt do situace nevidom\u00fdch. Jenom\u017ee pak p\u0159i\u0161la v rodin\u011b situace, \u017ee dcera studovala a \u010dekala miminko, tak\u017ee jsem se j\u00e1 vr\u00e1tila do role n\u00e1hradn\u00ed matky a babi\u010dky, pom\u00e1hala jsem j\u00ed, aby mohla dostudovat. Proto jsem z funkce \u0159editelky ode\u0161la.<\/p>\n<p>&#8211; Po n\u011bkolika letech jste se do pr\u00e1ce zase vr\u00e1tila?<\/p>\n<p>Ano, dostala jsem nab\u00eddku do Centra pro zdravotn\u011b posti\u017een\u00e9 Plze\u0148sk\u00e9ho kraje, kde p\u016fsob\u00edm dodnes. Ta pr\u00e1ce m\u011b hodn\u011b napl\u0148uje, proto\u017ee m\u016f\u017eu pom\u00e1hat lidem, nejen zrakov\u011b, ale i t\u011blesn\u011b posti\u017een\u00fdm. Pracuji tam sice jen dv\u011b hodiny denn\u011b, ale prost\u011b chci b\u00fdt mezi lidmi a pom\u00e1hat jim.<\/p>\n<p>&#8211; M\u00e1te n\u011bjak\u00e9ho asistenta nebo speci\u00e1ln\u00ed pom\u016fcky?<\/p>\n<p>Ano, pou\u017e\u00edv\u00e1m kompenza\u010dn\u00ed pom\u016fcky pro zrakov\u011b posti\u017een\u00e9. Telefon, kter\u00fd m\u00e1 r\u016fzn\u00e9 vychyt\u00e1vky, a tak\u00e9 po\u010d\u00edta\u010d.<\/p>\n<p>&#8211; Jak m\u016f\u017eete klient\u016fm v centru pomoci?<\/p>\n<p>Ka\u017ed\u00fd m\u00e1 jin\u00fd hendikep, proto s nimi \u0159e\u0161\u00edm r\u016fzn\u00e9 v\u011bci. Klient k n\u00e1m p\u0159ijde a my zji\u0161\u0165ujeme, co pot\u0159ebuje nejv\u00edc. Jsou to lid\u00e9, kte\u0159\u00ed t\u0159eba p\u0159i\u0161li o nohu a nedok\u00e1\u017e\u00ed se s t\u00edm vypo\u0159\u00e1dat. Nebo jen pot\u0159ebuj\u00ed poradit s administrativou, nap\u0159\u00edklad s p\u0159\u00edsp\u011bvkem na p\u00e9\u010di nebo mobilitu. D\u016fle\u017eit\u00e1 je tak\u00e9 psychick\u00e1 pomoc.<\/p>\n<p>&#8211; Nen\u00ed to pro v\u00e1s vy\u010derp\u00e1vaj\u00edc\u00ed?<\/p>\n<p>Kolikr\u00e1t si \u010dlov\u011bk \u0159ekne, \u017ee je vy\u010derpan\u00fd, ale na druhou stranu ho to tak n\u011bjak nab\u00edj\u00ed, proto\u017ee v\u00ed, \u017ee ten \u010dlov\u011bk to pot\u0159eboval. M\u00e1m z toho hezk\u00fd pocit, \u0159eknu si, \u017ee jsem tady od toho, abych jim pom\u00e1hala.<\/p>\n<p>&#8211; A da\u0159\u00ed se v\u00e1m to?<\/p>\n<p>Pr\u00e1v\u011b, \u017ee v\u011bt\u0161inou ano a to je potom moc p\u011bkn\u00e9. Lid\u00e9 t\u0159eba potom p\u0159ijdou a p\u0159inesou n\u00e1m kyti\u010dku nebo p\u0159ijdou jen pod\u011bkovat, to je takov\u00e9 zah\u0159\u00e1t\u00ed na du\u0161i.<\/p>\n<p>&#8211; Ur\u010dit\u011b je mnohem lep\u0161\u00ed, kdy\u017e \u010dlov\u011bku rad\u00ed n\u011bkdo, kdo si podobnou situac\u00ed s\u00e1m pro\u0161el.<\/p>\n<p>Ti, kte\u0159\u00ed si nic podobn\u00e9ho neza\u017eili, tak vlastn\u011b v\u016fbec nev\u011bd\u00ed, o \u010dem mluv\u00ed.<\/p>\n<p>&#8211; Krom\u011b pr\u00e1ce v centru pro posti\u017een\u00e9 m\u00e1te je\u0161t\u011b jin\u00e9 aktivity.<\/p>\n<p>Jsem zastupitelka a radn\u00ed v Nezv\u011bstic\u00edch, kde u\u017e 15 let bydl\u00edme. Tam jsem tak\u00e9 vytvo\u0159ila soci\u00e1ln\u00ed komisi a poradensk\u00e9 dny. Pom\u00e1h\u00e1me lidem, kte\u0159\u00ed se dostanou do sv\u00edzeln\u00e9 situace. Krom\u011b Nezv\u011bstic to vyu\u017e\u00edvaj\u00ed i okoln\u00ed obce, kter\u00e9 n\u011bkolikr\u00e1t ro\u010dn\u011b nav\u0161t\u011bvuji. Tak\u00e9 jsem u dobrovoln\u00fdch hasi\u010d\u016f na Plzni-jihu, ve spr\u00e1vn\u00ed rad\u011b Tyflocentra a Centra pro zdravotn\u011b posti\u017een\u00e9 Plze\u0148sk\u00e9ho kraje a v Rad\u011b senior\u016f Plze\u0148sk\u00e9ho kraje. Te\u010f jsem je\u0161t\u011b dostala nab\u00eddku d\u011blat p\u0159\u00edsed\u00edc\u00ed u soudu. Na to se moc t\u011b\u0161\u00edm, proto\u017ee to bude zase n\u011bco jin\u00e9ho. J\u00e1 jdu do ka\u017ed\u00e9 v\u00fdzvy.<\/p>\n<p>&#8211; Zb\u00fdv\u00e1 v\u00e1m n\u011bjak\u00fd voln\u00fd \u010das?<\/p>\n<p>M\u00e1m t\u0159i d\u011bti a te\u010f \u010dek\u00e1me \u0161est\u00e9 vnou\u010de, tak\u017ee ve voln\u00e9m \u010dase m\u00e1m o z\u00e1bavu postar\u00e1no. M\u00e1m kolem sebe velmi \u017eivo a jsem za to r\u00e1da.<\/p>\n<p>&#8211; Nevidom\u00fd \u010dlov\u011bk m\u00e1 v \u017eivot\u011b ur\u010dit\u011b mnoho p\u0159ek\u00e1\u017eek. S \u010d\u00edm jste se setkala vy?<\/p>\n<p>Probl\u00e9m je, \u017ee kdy\u017e je \u010dlov\u011bk nevidom\u00fd, tak to na n\u011bm prakticky nen\u00ed vid\u011bt, tedy pokud nenos\u00ed b\u00edlou h\u016fl. J\u00e1 jsem se za ni v\u017edycky styd\u011bla, \u0159\u00edkala jsem si, \u017ee j\u00e1, takov\u00e1 mlad\u00e1, a budu chodit s b\u00edlou hol\u00ed. Ale v nemocnici mi vysv\u011btlovali, \u017ee ten \u010dlov\u011bk, kter\u00fd jde nebo jede proti m\u011b, tak nev\u00ed, jak\u00fd m\u00e1m hendikep. \u010casto se lid\u00e9 s hendikepem setk\u00e1vaj\u00ed s p\u0159ek\u00e1\u017ekami tak\u00e9 v pr\u00e1ci.<\/p>\n<p>&#8211; Jak\u00e9 p\u0159ek\u00e1\u017eky m\u00e1te konkr\u00e9tn\u011b na mysli?<\/p>\n<p>Kdy\u017e chcete j\u00edt do pr\u00e1ce, tak samoz\u0159ejm\u011b mus\u00edte \u0159\u00edct zam\u011bstnavateli, jak\u00e9 omezen\u00ed m\u00e1te. A kdy\u017e cht\u011bj\u00ed, tak v\u00e1m k pr\u00e1ci vytvo\u0159\u00ed pot\u0159ebn\u00e9 podm\u00ednky. T\u0159eba abyste mohla pracovat s kompenza\u010dn\u00edmi pom\u016fckami. Ale n\u011bkdy se stane, \u017ee si lid\u00e9 \u0159eknou, co by tady cht\u011bla d\u011blat, a\u0165 je rad\u0161i doma. N\u011bkte\u0159\u00ed lid\u00e9 se toti\u017e do situace lid\u00ed s hendikepem nedok\u00e1\u017e\u00ed v\u017e\u00edt. \u0160u\u0161kaj\u00ed si \u2013 pod\u00edvej se na ni, m\u00edsto, aby sed\u011bla doma, tak sem chod\u00ed mezi n\u00e1s. J\u00e1 si mysl\u00edm, \u017ee i kdy\u017e \u010dlov\u011bk m\u00e1 n\u011bjak\u00fd hendikep, tak dok\u00e1\u017ee spoustu v\u011bc\u00ed. Dal\u0161\u00edm probl\u00e9mem je, \u017ee o zrakov\u011b posti\u017een\u00fdch se mluv\u00ed m\u00e1lo, p\u0159esto\u017ee takov\u00fdch lid\u00ed p\u0159ib\u00fdv\u00e1. Podle m\u011b mohou takov\u00ed lid\u00e9 \u017e\u00edt \u00fapln\u011b norm\u00e1ln\u00ed \u017eivot.<\/p>\n<p>ANDREA P\u00c1NKOV\u00c1<br \/>\nDoma\u017elick\u00fd den\u00edk<br \/>\n<a href=\"http:\/\/domazlicky.denik.cz\/\">http:\/\/domazlicky.denik.cz\/<\/a><\/p>\n","protected":false},"excerpt":{"rendered":"<div class=\"mh-excerpt\"><p>P\u011btapades\u00e1tilet\u00e1 Dana Van\u00edkov\u00e1 je prakticky nevidom\u00e1. I p\u0159es sv\u016fj hendikep se v\u0161ak rozhodla pom\u00e1hat ostatn\u00edm. Pracuje v centru pro posti\u017een\u00e9, je radn\u00ed v Nezv\u011bstic\u00edch na <a class=\"mh-excerpt-more\" href=\"https:\/\/www.invarena.cz\/?p=26250\" title=\"Pom\u00e1hat t\u011bm, kte\u0159\u00ed to pot\u0159ebuj\u00ed, jsem m\u011bla v krvi odjak\u017eiva\">[&#8230;]<\/a><\/p>\n<\/div>","protected":false},"author":1,"featured_media":21567,"comment_status":"open","ping_status":"closed","sticky":false,"template":"","format":"standard","meta":{"footnotes":""},"categories":[9],"tags":[],"class_list":["post-26250","post","type-post","status-publish","format-standard","has-post-thumbnail","hentry","category-zpravy"],"_links":{"self":[{"href":"https:\/\/www.invarena.cz\/index.php?rest_route=\/wp\/v2\/posts\/26250","targetHints":{"allow":["GET"]}}],"collection":[{"href":"https:\/\/www.invarena.cz\/index.php?rest_route=\/wp\/v2\/posts"}],"about":[{"href":"https:\/\/www.invarena.cz\/index.php?rest_route=\/wp\/v2\/types\/post"}],"author":[{"embeddable":true,"href":"https:\/\/www.invarena.cz\/index.php?rest_route=\/wp\/v2\/users\/1"}],"replies":[{"embeddable":true,"href":"https:\/\/www.invarena.cz\/index.php?rest_route=%2Fwp%2Fv2%2Fcomments&post=26250"}],"version-history":[{"count":0,"href":"https:\/\/www.invarena.cz\/index.php?rest_route=\/wp\/v2\/posts\/26250\/revisions"}],"wp:featuredmedia":[{"embeddable":true,"href":"https:\/\/www.invarena.cz\/index.php?rest_route=\/wp\/v2\/media\/21567"}],"wp:attachment":[{"href":"https:\/\/www.invarena.cz\/index.php?rest_route=%2Fwp%2Fv2%2Fmedia&parent=26250"}],"wp:term":[{"taxonomy":"category","embeddable":true,"href":"https:\/\/www.invarena.cz\/index.php?rest_route=%2Fwp%2Fv2%2Fcategories&post=26250"},{"taxonomy":"post_tag","embeddable":true,"href":"https:\/\/www.invarena.cz\/index.php?rest_route=%2Fwp%2Fv2%2Ftags&post=26250"}],"curies":[{"name":"wp","href":"https:\/\/api.w.org\/{rel}","templated":true}]}}