{"id":26251,"date":"2016-08-29T10:09:07","date_gmt":"2016-08-29T08:09:07","guid":{"rendered":"http:\/\/www.invarena.cz\/?p=26251"},"modified":"2016-08-30T13:56:58","modified_gmt":"2016-08-30T11:56:58","slug":"slavnosti-propoji-svety-postizenych-i-zdravych-lidi","status":"publish","type":"post","link":"https:\/\/www.invarena.cz\/?p=26251","title":{"rendered":"Slavnosti propoj\u00ed sv\u011bty posti\u017een\u00fdch i zdrav\u00fdch lid\u00ed"},"content":{"rendered":"<p><strong>T\u0159et\u00ed z\u00e1\u0159ijov\u00fd den v Nal\u017eovic\u00edch bude ve znamen\u00ed z\u00e1meck\u00fdch slavnost\u00ed. Ty jsou oslavou \u00fasp\u011bch\u016f a pokrok\u016f osob se zdravotn\u00edm posti\u017een\u00edm na jejich cest\u011b za lep\u0161\u00edm, d\u016fstojn\u011bj\u0161\u00edm a kvalitn\u011bj\u0161\u00edm \u017eivotem.<\/strong> <!--more--><\/p>\n<p>Nal\u017eovice \u2013 Akce se \u00fa\u010dastn\u00ed klienti Nal\u017eovick\u00e9ho z\u00e1mku, klienti dal\u0161\u00edch sp\u0159\u00e1telen\u00fdch organizaci a ve\u0159ejnost. &#8222;C\u00edlem akce je sezn\u00e1mit lidi z b\u011b\u017en\u00e9 populace se zp\u016fsobem \u017eivota lid\u00ed s ment\u00e1ln\u00edm posti\u017een\u00edm a nen\u00e1silnou cestou tak propojit sv\u011bty posti\u017een\u00fdch a zdrav\u00fdch lid\u00ed,&#8220; vysv\u011btluje Sylvia P\u00edpalov\u00e1, kter\u00e1 m\u00e1 projekt na starosti.<\/p>\n<p>V r\u00e1mci slavnost\u00ed se konaj\u00ed divadeln\u00ed a hudebn\u00ed vystoupen\u00ed, z\u00e1\u017eitkov\u00e9 aktivity jako je spole\u010dn\u00e9 bubnov\u00e1n\u00ed a podobn\u011b. T\u011bchto aktivit se mohou \u00fa\u010dastnit v\u0161ichni lid\u00e9 bez ohledu na posti\u017een\u00ed. Akce je v\u00fdrazn\u011b podpo\u0159ena \u010dinnost\u00ed dobrovoln\u00edk\u016f.<\/p>\n<p>Slavnosti lad\u011bn\u00e9 do dob minul\u00fdch se konaj\u00ed od 10 do 18 hodin v are\u00e1lu z\u00e1mku. Kdo p\u0159ijde v dobov\u00e9m od\u011bvu, dostane od str\u00e1\u017ee odm\u011bnu.<\/p>\n<p>T\u011b\u0161it se m\u016f\u017eete na divadeln\u00ed vystoupen\u00ed p\u0159\u00edbramsk\u00fdch gymnazist\u016f, \u0161erm\u00ed\u0159e, vyj\u00ed\u017e\u010fky v ko\u010d\u00e1ru, v\u00fdrobu vlastn\u00ed keramiky \u010di sv\u00ed\u010dky, lukost\u0159elbu, uk\u00e1zky v\u00fdcviku slu\u017eebn\u00edch ps\u016f, malov\u00e1n\u00ed na obli\u010dej a sout\u011b\u017ee pro d\u011bti.<\/p>\n<p>P\u0159\u00edbramsk\u00fd den\u00edk<br \/>\n<a href=\"http:\/\/www.pribramsky.denik.cz\/\">http:\/\/www.pribramsky.denik.cz\/<\/a><\/p>\n","protected":false},"excerpt":{"rendered":"<div class=\"mh-excerpt\"><p>T\u0159et\u00ed z\u00e1\u0159ijov\u00fd den v Nal\u017eovic\u00edch bude ve znamen\u00ed z\u00e1meck\u00fdch slavnost\u00ed. Ty jsou oslavou \u00fasp\u011bch\u016f a pokrok\u016f osob se zdravotn\u00edm posti\u017een\u00edm na jejich cest\u011b za lep\u0161\u00edm, <a class=\"mh-excerpt-more\" href=\"https:\/\/www.invarena.cz\/?p=26251\" title=\"Slavnosti propoj\u00ed sv\u011bty posti\u017een\u00fdch i zdrav\u00fdch lid\u00ed\">[&#8230;]<\/a><\/p>\n<\/div>","protected":false},"author":1,"featured_media":4001,"comment_status":"open","ping_status":"closed","sticky":false,"template":"","format":"standard","meta":{"footnotes":""},"categories":[9],"tags":[],"class_list":["post-26251","post","type-post","status-publish","format-standard","has-post-thumbnail","hentry","category-zpravy"],"_links":{"self":[{"href":"https:\/\/www.invarena.cz\/index.php?rest_route=\/wp\/v2\/posts\/26251","targetHints":{"allow":["GET"]}}],"collection":[{"href":"https:\/\/www.invarena.cz\/index.php?rest_route=\/wp\/v2\/posts"}],"about":[{"href":"https:\/\/www.invarena.cz\/index.php?rest_route=\/wp\/v2\/types\/post"}],"author":[{"embeddable":true,"href":"https:\/\/www.invarena.cz\/index.php?rest_route=\/wp\/v2\/users\/1"}],"replies":[{"embeddable":true,"href":"https:\/\/www.invarena.cz\/index.php?rest_route=%2Fwp%2Fv2%2Fcomments&post=26251"}],"version-history":[{"count":0,"href":"https:\/\/www.invarena.cz\/index.php?rest_route=\/wp\/v2\/posts\/26251\/revisions"}],"wp:featuredmedia":[{"embeddable":true,"href":"https:\/\/www.invarena.cz\/index.php?rest_route=\/wp\/v2\/media\/4001"}],"wp:attachment":[{"href":"https:\/\/www.invarena.cz\/index.php?rest_route=%2Fwp%2Fv2%2Fmedia&parent=26251"}],"wp:term":[{"taxonomy":"category","embeddable":true,"href":"https:\/\/www.invarena.cz\/index.php?rest_route=%2Fwp%2Fv2%2Fcategories&post=26251"},{"taxonomy":"post_tag","embeddable":true,"href":"https:\/\/www.invarena.cz\/index.php?rest_route=%2Fwp%2Fv2%2Ftags&post=26251"}],"curies":[{"name":"wp","href":"https:\/\/api.w.org\/{rel}","templated":true}]}}