{"id":26270,"date":"2016-08-31T11:23:59","date_gmt":"2016-08-31T09:23:59","guid":{"rendered":"http:\/\/www.invarena.cz\/?p=26270"},"modified":"2016-08-31T11:23:59","modified_gmt":"2016-08-31T09:23:59","slug":"pod-horici-svitilo-slunce","status":"publish","type":"post","link":"https:\/\/www.invarena.cz\/?p=26270","title":{"rendered":"Pod Ho\u0159ic\u00ed sv\u00edtilo slunce"},"content":{"rendered":"<p><strong>V polovin\u011b srpna odjelo 40 \u010dlen\u016f SPCCH v \u010cR,z.s. ze z\u00e1kladn\u00edch organizac\u00ed Lys\u00e1 nad Labem, Nymburk a Pod\u011bbrady do hotelu Pod Ho\u0159ic\u00ed v Sob\u011b\u0161ic\u00edch na dal\u0161\u00ed t\u00fddenn\u00ed rekondi\u010dn\u00ed pobyt.<\/strong> <!--more--><\/p>\n<p>Tentokr\u00e1t zde o sv\u00e9 zdrav\u00ed, odpo\u010dinek i du\u0161evn\u00ed pohodu pe\u010dovali kardiaci a t\u011blesn\u011b posti\u017een\u00ed.<\/p>\n<p>V rekonstruovan\u00e9m hotelu na\u0161li nejen pohodln\u00e9 a velmi p\u011bkn\u00e9 ubytov\u00e1n\u00ed, ale hlavn\u011b kr\u00e1sn\u00fd kryt\u00fd baz\u00e9n s p\u0159ih\u0159\u00edvanou vodou, kter\u00fd jim byl k dispozici 12 hodin denn\u011b. Cvi\u010den\u00ed v n\u011bm prosp\u011blo zvl\u00e1\u0161t\u011b t\u011blesn\u011b posti\u017een\u00fdm. Jeho rozm\u011bry umo\u017enily i rekrea\u010dn\u00ed plav\u00e1n\u00ed. Krom\u011b povinn\u00e9ho denn\u00edho programu MUDr. Helena Nepra\u0161ov\u00e1 realizovala i kurz pam\u011bti, kter\u00fd byl velmi dob\u0159e p\u0159ijat a z jednotliv\u00fdch zad\u00e1n\u00ed obdr\u017eeli v\u017edy t\u0159i nejlep\u0161\u00ed \u010destn\u00e9 uzn\u00e1n\u00ed a mal\u00fd d\u00e1rek.<\/p>\n<p>V\u0161ichni vyu\u017e\u00edvali kr\u00e1sn\u00e9 letn\u00ed po\u010das\u00ed k denn\u00edm proch\u00e1zk\u00e1m v p\u0159\u00edrod\u011b \u0160umavsk\u00e9ho podh\u016f\u0159\u00ed, ve kter\u00e9m je \u0159ada z\u00e1mk\u016f a hrad\u016f, ve kter\u00fdch pob\u00fdval i Karel IV., jemu\u017e pat\u0159\u00ed rok 2016 &#8211; Velhartice, Ka\u0161perk, ale i hrad a z\u00e1mek v Janovic\u00edch nad \u00dahlavou a dal\u0161\u00ed. V\u0161em se l\u00edbila n\u00e1v\u0161t\u011bva m\u011bsta Su\u0161ice, kde n\u00e1m\u011bst\u00ed s velice p\u011bknou architekturou gotick\u00fdch m\u011b\u0161\u0165ansk\u00fdch dom\u016f a kv\u011btinovou v\u00fdzdobou v\u00e9vod\u00ed emp\u00edrov\u00e1 ka\u0161na a nen\u00ed snad n\u00e1v\u0161t\u011bvn\u00edka Su\u0161ice, aby nezav\u00edtal do muzea s kdysi sv\u011btov\u011b zn\u00e1mou v\u00fdrobou sirek, ale i betl\u00e9mem.<\/p>\n<p>Celoodpoledn\u00ed proch\u00e1zka k Boub\u00ednsk\u00e9mu pralesu, kter\u00e9mu v\u00e9vod\u00ed mal\u00e9 jez\u00edrko, z\u016fstane v\u0161em z\u00fa\u010dastn\u011bn\u00fdm je\u0161t\u011b dlouho v pam\u011bti. Nikomu se necht\u011blo z kr\u00e1sn\u00e9 p\u0159\u00edrody odjet dom\u016f. Aby n\u00e1vrat byl p\u0159\u00edjemn\u011bj\u0161\u00ed, zastavili jsme se na prohl\u00eddku vodn\u00edho z\u00e1mku v Blatn\u00e9.<\/p>\n<p>Cel\u00e1 doba pobytu se konala i s heslem &#8222;Rozchod\u00edme civilky&#8220;, a tak v\u00fdboru okresn\u00ed organizace lze p\u0159ipsat dal\u0161\u00ed u\u0161l\u00e9 kilometry.<\/p>\n<p>Hana Navr\u00e1tilov\u00e1<br \/>\nNymbursk\u00fd den\u00edk<br \/>\n<a href=\"http:\/\/nymbursky.denik.cz\/\">http:\/\/nymbursky.denik.cz\/<\/a><\/p>\n","protected":false},"excerpt":{"rendered":"<div class=\"mh-excerpt\"><p>V polovin\u011b srpna odjelo 40 \u010dlen\u016f SPCCH v \u010cR,z.s. ze z\u00e1kladn\u00edch organizac\u00ed Lys\u00e1 nad Labem, Nymburk a Pod\u011bbrady do hotelu Pod Ho\u0159ic\u00ed v Sob\u011b\u0161ic\u00edch na <a class=\"mh-excerpt-more\" href=\"https:\/\/www.invarena.cz\/?p=26270\" title=\"Pod Ho\u0159ic\u00ed sv\u00edtilo slunce\">[&#8230;]<\/a><\/p>\n<\/div>","protected":false},"author":1,"featured_media":12418,"comment_status":"open","ping_status":"closed","sticky":false,"template":"","format":"standard","meta":{"footnotes":""},"categories":[9],"tags":[],"class_list":["post-26270","post","type-post","status-publish","format-standard","has-post-thumbnail","hentry","category-zpravy"],"_links":{"self":[{"href":"https:\/\/www.invarena.cz\/index.php?rest_route=\/wp\/v2\/posts\/26270","targetHints":{"allow":["GET"]}}],"collection":[{"href":"https:\/\/www.invarena.cz\/index.php?rest_route=\/wp\/v2\/posts"}],"about":[{"href":"https:\/\/www.invarena.cz\/index.php?rest_route=\/wp\/v2\/types\/post"}],"author":[{"embeddable":true,"href":"https:\/\/www.invarena.cz\/index.php?rest_route=\/wp\/v2\/users\/1"}],"replies":[{"embeddable":true,"href":"https:\/\/www.invarena.cz\/index.php?rest_route=%2Fwp%2Fv2%2Fcomments&post=26270"}],"version-history":[{"count":0,"href":"https:\/\/www.invarena.cz\/index.php?rest_route=\/wp\/v2\/posts\/26270\/revisions"}],"wp:featuredmedia":[{"embeddable":true,"href":"https:\/\/www.invarena.cz\/index.php?rest_route=\/wp\/v2\/media\/12418"}],"wp:attachment":[{"href":"https:\/\/www.invarena.cz\/index.php?rest_route=%2Fwp%2Fv2%2Fmedia&parent=26270"}],"wp:term":[{"taxonomy":"category","embeddable":true,"href":"https:\/\/www.invarena.cz\/index.php?rest_route=%2Fwp%2Fv2%2Fcategories&post=26270"},{"taxonomy":"post_tag","embeddable":true,"href":"https:\/\/www.invarena.cz\/index.php?rest_route=%2Fwp%2Fv2%2Ftags&post=26270"}],"curies":[{"name":"wp","href":"https:\/\/api.w.org\/{rel}","templated":true}]}}