{"id":26282,"date":"2017-01-27T08:03:22","date_gmt":"2017-01-27T07:03:22","guid":{"rendered":"http:\/\/www.invarena.cz\/?p=26282"},"modified":"2017-01-27T08:03:22","modified_gmt":"2017-01-27T07:03:22","slug":"francouzska-zpevacka-zaz-pomaha-zrakove-postizenym","status":"publish","type":"post","link":"https:\/\/www.invarena.cz\/?p=26282","title":{"rendered":"Francouzsk\u00e1 zp\u011bva\u010dka Zaz pom\u00e1h\u00e1 zrakov\u011b posti\u017een\u00fdm"},"content":{"rendered":"<p>P\u0159i sv\u00fdch koncertech v Praze, Brn\u011b a Ostrav\u011b zah\u00e1jila koncem lo\u0148sk\u00e9ho a za\u010d\u00e1tkem leto\u0161n\u00edho roku francouzsk\u00e1 zp\u011bva\u010dka Zaz spolupr\u00e1ci se sedmi neziskov\u00fdmi organizacemi. Jednou z nich je i TyfloCentrum Olomouc, kter\u00e9 poskytuje slu\u017eby zrakov\u011b posti\u017een\u00fdm lidem. V jeho p\u0159\u00edpad\u011b se p\u0159itom vz\u00e1jemn\u00e9 vztahy d\u00e1le rozvinuly zaj\u00edmav\u00fdm zp\u016fsobem.<!--more--><\/p>\n<p>&#8222;S mana\u017eerem zodpov\u011bdn\u00fdm za vztah s neziskov\u00fdmi organizacemi jsme se domluvili, \u017ee na\u0161e soci\u00e1ln\u00ed firma Ergones bude dod\u00e1vat keramick\u00e1 srd\u00ed\u010dka s logem st\u00e1vaj\u00edc\u00edho turn\u00e9 Zaz na jej\u00ed koncerty, a v srpnu jsme tak realizovali na\u0161i prvn\u00ed dod\u00e1vku. Srd\u00ed\u010dka, kter\u00e1 vyr\u00e1b\u00ed zam\u011bstnanec s t\u011b\u017ek\u00fdm zrakov\u00fdm posti\u017een\u00edm, si d\u00edky tomu mohou zakoupit fanou\u0161ci Zaz na cel\u00e9m sv\u011bt\u011b. Nav\u00edc pen\u00edze, kter\u00e9 takto vyd\u011bl\u00e1me, budou pou\u017eity na rozvoj slu\u017eeb pro t\u011b\u017ece zrakov\u011b posti\u017een\u00e9,&#8220; uvedl \u0159editel TyfloCentra Olomouc Petr Zavadil.<br \/>\nTyfloCentrum Olomouc pom\u00e1h\u00e1 nevidom\u00fdm a slabozrak\u00fdm s hled\u00e1n\u00edm pracovn\u00edho uplatn\u011bn\u00ed, s v\u00fdukou na po\u010d\u00edta\u010di, v\u00fdb\u011brem vhodn\u00e9ho po\u010d\u00edta\u010de a v neposledn\u00ed \u0159ad\u011b s odstra\u0148ov\u00e1n\u00edm bari\u00e9r. V pr\u016fm\u011bru vyu\u017eije r\u016fzn\u00e9 slu\u017eby TyfloCentra Olomouc 300 lid\u00ed ro\u010dn\u011b.<br \/>\n&#8222;\u010cesk\u00fdm fanou\u0161k\u016fm Zaz d\u00e1le nab\u00edz\u00edme individu\u00e1ln\u00ed v\u00fduku francouz\u0161tiny pomoc\u00ed programu Skype za velmi p\u0159\u00edzniv\u00e9 ceny. Hodiny jsou samoz\u0159ejm\u011b p\u0159izp\u016fsobeny po\u017eadavk\u016fm klient\u016f, tak\u017ee je t\u0159eba mo\u017en\u00e9 rozeb\u00edrat texty p\u00edsn\u00ed Zaz. Specifikem na\u0161\u00ed jazykov\u00e9 \u0161koly je, \u017ee v\u0161echny lektorky jsou t\u011b\u017ece zrakov\u011b posti\u017een\u00e9 a ve velk\u00e9 v\u011bt\u0161in\u011b nevidom\u00e9. Na\u0161e klienty tak vedle zlep\u0161en\u00ed vlastn\u00edch jazykov\u00fdch schopnost\u00ed m\u016f\u017ee h\u0159\u00e1t i fakt, \u017ee pom\u00e1haj\u00ed sni\u017eovat nezam\u011bstnanost nevidom\u00fdch, kter\u00e1 se v \u010cesk\u00e9 republice pohybuje okolo 70 procent,&#8220; konstatovala vedouc\u00ed sekce v\u00fduky ciz\u00edch jazyk\u016f a lektorka francouz\u0161tiny v Ergonesu Eva Dan\u00ed\u010dkov\u00e1.<br \/>\nV\u00fduku francouz\u0161tiny a dal\u0161\u00edch ciz\u00edch jazyk\u016f si podle n\u00ed mohou z\u00e1jemci domluvit telefonicky na \u010d\u00edsle 730 870 773 nebo se mohou pod\u00edvat na str\u00e1nky www.ergones. cz.<br \/>\nZaz (vlastn\u00edm jm\u00e9nem Isabelle Geffroyov\u00e1) zp\u00edv\u00e1 p\u0159ev\u00e1\u017en\u011b jazz a \u0161ansony. Hitem se stala nap\u0159\u00edklad jej\u00ed p\u00edse\u0148 &#8222;Je veux&#8220;. Letos se p\u0159edstav\u00ed v \u010cR je\u0161t\u011b na dvou koncertech, a to 7. prosince v Praze a 10. prosince ve Zl\u00edn\u011b.<\/p>\n<p>&nbsp;<\/p>\n<p>Vlasta Hradilov\u00e1<\/p>\n<p>Pr\u00e1vo<\/p>\n","protected":false},"excerpt":{"rendered":"<div class=\"mh-excerpt\"><p>P\u0159i sv\u00fdch koncertech v Praze, Brn\u011b a Ostrav\u011b zah\u00e1jila koncem lo\u0148sk\u00e9ho a za\u010d\u00e1tkem leto\u0161n\u00edho roku francouzsk\u00e1 zp\u011bva\u010dka Zaz spolupr\u00e1ci se sedmi neziskov\u00fdmi organizacemi. Jednou z <a class=\"mh-excerpt-more\" href=\"https:\/\/www.invarena.cz\/?p=26282\" title=\"Francouzsk\u00e1 zp\u011bva\u010dka Zaz pom\u00e1h\u00e1 zrakov\u011b posti\u017een\u00fdm\">[&#8230;]<\/a><\/p>\n<\/div>","protected":false},"author":1,"featured_media":0,"comment_status":"open","ping_status":"closed","sticky":false,"template":"","format":"standard","meta":{"footnotes":""},"categories":[9],"tags":[],"class_list":["post-26282","post","type-post","status-publish","format-standard","hentry","category-zpravy"],"_links":{"self":[{"href":"https:\/\/www.invarena.cz\/index.php?rest_route=\/wp\/v2\/posts\/26282","targetHints":{"allow":["GET"]}}],"collection":[{"href":"https:\/\/www.invarena.cz\/index.php?rest_route=\/wp\/v2\/posts"}],"about":[{"href":"https:\/\/www.invarena.cz\/index.php?rest_route=\/wp\/v2\/types\/post"}],"author":[{"embeddable":true,"href":"https:\/\/www.invarena.cz\/index.php?rest_route=\/wp\/v2\/users\/1"}],"replies":[{"embeddable":true,"href":"https:\/\/www.invarena.cz\/index.php?rest_route=%2Fwp%2Fv2%2Fcomments&post=26282"}],"version-history":[{"count":0,"href":"https:\/\/www.invarena.cz\/index.php?rest_route=\/wp\/v2\/posts\/26282\/revisions"}],"wp:attachment":[{"href":"https:\/\/www.invarena.cz\/index.php?rest_route=%2Fwp%2Fv2%2Fmedia&parent=26282"}],"wp:term":[{"taxonomy":"category","embeddable":true,"href":"https:\/\/www.invarena.cz\/index.php?rest_route=%2Fwp%2Fv2%2Fcategories&post=26282"},{"taxonomy":"post_tag","embeddable":true,"href":"https:\/\/www.invarena.cz\/index.php?rest_route=%2Fwp%2Fv2%2Ftags&post=26282"}],"curies":[{"name":"wp","href":"https:\/\/api.w.org\/{rel}","templated":true}]}}