{"id":26315,"date":"2017-01-26T11:35:55","date_gmt":"2017-01-26T10:35:55","guid":{"rendered":"http:\/\/www.invarena.cz\/?p=26315"},"modified":"2017-01-26T11:35:55","modified_gmt":"2017-01-26T10:35:55","slug":"karolinka-nechodi-ale-tanci","status":"publish","type":"post","link":"https:\/\/www.invarena.cz\/?p=26315","title":{"rendered":"Karol\u00ednka nechod\u00ed, ale tan\u010d\u00ed"},"content":{"rendered":"<p>Kop\u0159ivnice \u2013 Karol\u00ednka Dejov\u00e1 z Kop\u0159ivnice m\u00e1 dev\u011bt let. Loni z\u00edskala Zlat\u00fd o\u0159\u00ed\u0161ek, kter\u00fd dost\u00e1v\u00e1 ka\u017edoro\u010dn\u011b des\u00edtka velmi talentovan\u00fdch d\u011bt\u00ed v \u010cesk\u00e9 republice. Karol\u00ednka z\u00edskala zvl\u00e1\u0161tn\u00ed cenu poroty sout\u011b\u017ee Talent roku 2016 v kategorii Spor\u0165\u00e1\u010dek. Krom\u011b toho, \u017ee miluje tanec, Karol\u00ednka tak\u00e9 r\u00e1da stepuje a hraje na fl\u00e9tnu.<!--more--><\/p>\n<p>\u017de to v jej\u00edm v\u011bku dok\u00e1\u017eou i jin\u00e9 d\u011bti? Asi ano, ale Karol\u00ednka je p\u0159ece jen v\u00fdjime\u010dn\u00e1. Trp\u00ed toti\u017e svalovou dystrofi\u00ed a pohybuje se na invalidn\u00edm voz\u00edku.<\/p>\n<p>&#8222;Nav\u0161t\u011bvuje norm\u00e1ln\u00ed \u0161kolu, d\u011bl\u00e1 hodn\u011b v\u011bc\u00ed jako ostatn\u00ed d\u011bti, sama \u0159\u00edk\u00e1, \u017ee akor\u00e1t nechod\u00ed,&#8220; p\u0159ibli\u017euje povahu drobn\u00e9 blond\u00fdnky jej\u00ed p\u011bstounka Daniela Seidlov\u00e1.<\/p>\n<p>A hlavn\u011b \u2013 Karol\u00ednka tan\u010d\u00ed, a\u0165 u\u017e s tane\u010dn\u00ed skupinou ELMA dance z DDM Kop\u0159ivnice nebo kop\u0159ivnickou tane\u010dn\u00ed skupinou Thara Junior DC Kop\u0159ivnice. Tan\u010d\u00ed a sb\u00edr\u00e1 ceny. Dokonce za\u017eila, kdy j\u00ed vestoje aplaudovala pra\u017esk\u00e1 Lucerna.<\/p>\n<p>Karol\u00ednka je v\u00fdjime\u010dn\u00e1 nejen t\u00edm, \u017ee se sv\u00fdm handicapem tan\u010d\u00ed, ale tak\u00e9 sv\u00fdm bezb\u0159eh\u00fdm optimismem. Kdo m\u00e1 chu\u0165 dozv\u011bd\u011bt se n\u011bco v\u00edce o t\u00e9to \u00fa\u017easn\u00e9 d\u00edvence, m\u016f\u017ee nav\u0161t\u00edvit jej\u00ed facebookov\u00fd profil, kter\u00fd nese vypov\u00eddaj\u00edc\u00ed n\u00e1zev Karol\u00ednka bude chodit.<\/p>\n<p>Region Krnovsk\u00e9 noviny<\/p>\n","protected":false},"excerpt":{"rendered":"<div class=\"mh-excerpt\"><p>Kop\u0159ivnice \u2013 Karol\u00ednka Dejov\u00e1 z Kop\u0159ivnice m\u00e1 dev\u011bt let. Loni z\u00edskala Zlat\u00fd o\u0159\u00ed\u0161ek, kter\u00fd dost\u00e1v\u00e1 ka\u017edoro\u010dn\u011b des\u00edtka velmi talentovan\u00fdch d\u011bt\u00ed v \u010cesk\u00e9 republice. Karol\u00ednka z\u00edskala <a class=\"mh-excerpt-more\" href=\"https:\/\/www.invarena.cz\/?p=26315\" title=\"Karol\u00ednka nechod\u00ed, ale tan\u010d\u00ed\">[&#8230;]<\/a><\/p>\n<\/div>","protected":false},"author":1,"featured_media":0,"comment_status":"open","ping_status":"closed","sticky":false,"template":"","format":"standard","meta":{"footnotes":""},"categories":[9],"tags":[],"class_list":["post-26315","post","type-post","status-publish","format-standard","hentry","category-zpravy"],"_links":{"self":[{"href":"https:\/\/www.invarena.cz\/index.php?rest_route=\/wp\/v2\/posts\/26315","targetHints":{"allow":["GET"]}}],"collection":[{"href":"https:\/\/www.invarena.cz\/index.php?rest_route=\/wp\/v2\/posts"}],"about":[{"href":"https:\/\/www.invarena.cz\/index.php?rest_route=\/wp\/v2\/types\/post"}],"author":[{"embeddable":true,"href":"https:\/\/www.invarena.cz\/index.php?rest_route=\/wp\/v2\/users\/1"}],"replies":[{"embeddable":true,"href":"https:\/\/www.invarena.cz\/index.php?rest_route=%2Fwp%2Fv2%2Fcomments&post=26315"}],"version-history":[{"count":0,"href":"https:\/\/www.invarena.cz\/index.php?rest_route=\/wp\/v2\/posts\/26315\/revisions"}],"wp:attachment":[{"href":"https:\/\/www.invarena.cz\/index.php?rest_route=%2Fwp%2Fv2%2Fmedia&parent=26315"}],"wp:term":[{"taxonomy":"category","embeddable":true,"href":"https:\/\/www.invarena.cz\/index.php?rest_route=%2Fwp%2Fv2%2Fcategories&post=26315"},{"taxonomy":"post_tag","embeddable":true,"href":"https:\/\/www.invarena.cz\/index.php?rest_route=%2Fwp%2Fv2%2Ftags&post=26315"}],"curies":[{"name":"wp","href":"https:\/\/api.w.org\/{rel}","templated":true}]}}