{"id":26316,"date":"2017-01-27T07:59:42","date_gmt":"2017-01-27T06:59:42","guid":{"rendered":"http:\/\/www.invarena.cz\/?p=26316"},"modified":"2017-01-27T07:59:42","modified_gmt":"2017-01-27T06:59:42","slug":"maly-vytvarnik-s-velkym-talentem","status":"publish","type":"post","link":"https:\/\/www.invarena.cz\/?p=26316","title":{"rendered":"Mal\u00fd v\u00fdtvarn\u00edk s velk\u00fdm talentem"},"content":{"rendered":"<p>Opava \u2013 Jeden\u00e1ctilet\u00fd Kry\u0161tof Ko\u010d\u00e1r zd\u011bdil v\u00fdtvarn\u00fd talent po sv\u00e9m otci Ond\u0159eji a d\u011bdovi Vladim\u00edrovi. V jeho p\u0159\u00edpad\u011b je to v\u0161ak n\u011bco za n\u011bco. Trp\u00ed Aspergerov\u00fdm syndromem, co\u017e je porucha autistick\u00e9ho spektra. M\u00e1 odli\u0161n\u00e9 vn\u00edm\u00e1n\u00ed sv\u011bta a sv\u00fdmi obrazy vyjad\u0159uje intern\u00ed pocity. Zaj\u00edmav\u00e9 je, \u017ee prvn\u00edch dev\u011bt let sv\u00e9ho \u017eivota necht\u011bl vz\u00edt do ruky ani pastelku, a pak najednou p\u0159e\u0161el v otcov\u011b ateli\u00e9ru doslova den ze dne rovnou na olejomalby.<!--more--><\/p>\n<p>Ostatn\u00ed techniky pro n\u011bj nejsou zaj\u00edmav\u00e9. Maluje podle n\u00e1lady jednou a\u017e dvakr\u00e1t t\u00fddn\u011b a dobu si ur\u010duje s\u00e1m. Vzhledem k jeho posti\u017een\u00ed by se k tomu ani nutit nenechal. Pod rukama mu vznik\u00e1 n\u011bco, o \u010dem p\u0159esn\u011b v\u00ed, jak bude vypadat, a neboj\u00ed se ani barev, ani plochy, Po hodinov\u00e9 tvorb\u011b nejrad\u011bji relaxuje odjezdem do my\u010dky voz\u016f, tak\u017ee rodinn\u00e9 auto d\u00edky tomu neust\u00e1le z\u00e1\u0159\u00ed \u010distotou a leskem.<\/p>\n<p>Kry\u0161tofovy obrazy si u\u017e div\u00e1ky na\u0161ly a oslovily. Prvn\u00ed v\u00fdstava byla jen zku\u0161ebn\u00ed v komorn\u00edm rodinn\u00e9m prost\u0159ed\u00ed, ale v deseti letech u\u017e vystavoval s\u00e9rii obraz\u016f ve sv\u00e9 \u0161kole. N\u00e1sledovala spole\u010dn\u00e1 v\u00fdstava v\u0161ech t\u0159\u00ed generac\u00ed &#8222;Ko\u010d\u00e1r\u016f&#8220; v olomouck\u00e9 galerii Rubikon. Deset obraz\u016f prezentoval mal\u00fd Kry\u0161tof s otcem a d\u011bde\u010dkem letos tak\u00e9 v karvinsk\u00e9 M\u00e1nesov\u011b s\u00edni m\u011bstsk\u00e9ho domu kultury a z\u00e1jemci si jeho d\u00edla kupuj\u00ed i p\u0159es internetovou galerii.<\/p>\n<p>&nbsp;<\/p>\n<p>Region Krnovsk\u00e9 noviny<\/p>\n","protected":false},"excerpt":{"rendered":"<div class=\"mh-excerpt\"><p>Opava \u2013 Jeden\u00e1ctilet\u00fd Kry\u0161tof Ko\u010d\u00e1r zd\u011bdil v\u00fdtvarn\u00fd talent po sv\u00e9m otci Ond\u0159eji a d\u011bdovi Vladim\u00edrovi. V jeho p\u0159\u00edpad\u011b je to v\u0161ak n\u011bco za n\u011bco. Trp\u00ed <a class=\"mh-excerpt-more\" href=\"https:\/\/www.invarena.cz\/?p=26316\" title=\"Mal\u00fd v\u00fdtvarn\u00edk s velk\u00fdm talentem\">[&#8230;]<\/a><\/p>\n<\/div>","protected":false},"author":1,"featured_media":0,"comment_status":"open","ping_status":"closed","sticky":false,"template":"","format":"standard","meta":{"footnotes":""},"categories":[9],"tags":[],"class_list":["post-26316","post","type-post","status-publish","format-standard","hentry","category-zpravy"],"_links":{"self":[{"href":"https:\/\/www.invarena.cz\/index.php?rest_route=\/wp\/v2\/posts\/26316","targetHints":{"allow":["GET"]}}],"collection":[{"href":"https:\/\/www.invarena.cz\/index.php?rest_route=\/wp\/v2\/posts"}],"about":[{"href":"https:\/\/www.invarena.cz\/index.php?rest_route=\/wp\/v2\/types\/post"}],"author":[{"embeddable":true,"href":"https:\/\/www.invarena.cz\/index.php?rest_route=\/wp\/v2\/users\/1"}],"replies":[{"embeddable":true,"href":"https:\/\/www.invarena.cz\/index.php?rest_route=%2Fwp%2Fv2%2Fcomments&post=26316"}],"version-history":[{"count":0,"href":"https:\/\/www.invarena.cz\/index.php?rest_route=\/wp\/v2\/posts\/26316\/revisions"}],"wp:attachment":[{"href":"https:\/\/www.invarena.cz\/index.php?rest_route=%2Fwp%2Fv2%2Fmedia&parent=26316"}],"wp:term":[{"taxonomy":"category","embeddable":true,"href":"https:\/\/www.invarena.cz\/index.php?rest_route=%2Fwp%2Fv2%2Fcategories&post=26316"},{"taxonomy":"post_tag","embeddable":true,"href":"https:\/\/www.invarena.cz\/index.php?rest_route=%2Fwp%2Fv2%2Ftags&post=26316"}],"curies":[{"name":"wp","href":"https:\/\/api.w.org\/{rel}","templated":true}]}}