{"id":26337,"date":"2017-02-01T06:53:38","date_gmt":"2017-02-01T05:53:38","guid":{"rendered":"http:\/\/www.invarena.cz\/?p=26337"},"modified":"2017-02-01T06:53:38","modified_gmt":"2017-02-01T05:53:38","slug":"komunikaci-s-lidmi-s-pas-bude-snazsi-prostrednictvim-komunikacniho-souboru","status":"publish","type":"post","link":"https:\/\/www.invarena.cz\/?p=26337","title":{"rendered":"Komunikaci s lidmi s PAS bude snaz\u0161\u00ed prost\u0159ednictv\u00edm komunika\u010dn\u00edho souboru"},"content":{"rendered":"<p>V z\u00e1\u0159\u00ed 2016 byl na \u00da\u0159adu vl\u00e1dy v poslaneck\u00e9 sn\u011bmovn\u011b za \u00fa\u010dasti z\u00e1stupce Ministerstva pr\u00e1ce a soci\u00e1ln\u00ed v\u011bc\u00ed a dal\u0161\u00edch resort\u016f p\u0159edstaven Komunika\u010dn\u00ed soubor. Komunika\u010dn\u00ed soubor si klade za c\u00edl p\u0159ibl\u00ed\u017eit a oz\u0159ejmit ve\u0159ejnosti jednoduch\u00e9 z\u00e1sady komunikace s lidmi s PAS, ale tak\u00e9 pomoci detekovat \u010dlov\u011bka, se kter\u00fdm takto komunikovat maj\u00ed.<br \/>\n<!--more--><br \/>\nOdborn\u00e9 ve\u0159ejnosti, tj. l\u00e9ka\u0159\u016fm, zdravotnick\u00e9mu person\u00e1lu, z\u00e1chran\u00e1\u0159\u016fm, hasi\u010d\u016fm, policii, \u00fa\u0159edn\u00edk\u016fm, pracovn\u00edk\u016fm v soci\u00e1ln\u00edch slu\u017eb\u00e1ch, soci\u00e1ln\u00edm pracovn\u00edk\u016fm, pedagogick\u00fdm a dal\u0161\u00edm pracovn\u00edk\u016fm r\u016fzn\u00fdch resort\u016f, pom\u016f\u017ee l\u00e9pe zvl\u00e1dnout i pro n\u011b z\u00e1t\u011b\u017eovou a n\u00e1ro\u010dnou situaci, kter\u00e1 je d\u016fsledkem nedorozum\u011bn\u00ed, plynouc\u00edho z nedostatku informac\u00ed.<br \/>\n\u201eMinisterstvo pr\u00e1ce a soci\u00e1ln\u00edch v\u011bc\u00ed si velmi v\u00e1\u017e\u00ed nasazen\u00ed rodi\u010d\u016f d\u011bti s autismem p\u0159i navrhov\u00e1n\u00ed konkr\u00e9tn\u00edch opat\u0159en\u00ed, kter\u00e9 m\u00e1 st\u00e1t ve zlep\u0161en\u00ed p\u00e9\u010de o tyto osoby a jejich bl\u00edzk\u00e9 ud\u011blat. Jsme r\u00e1di, \u017ee jsme na t\u00e9to v\u011bci mohli spolupod\u00edlet. Dnes Ministerstvo pr\u00e1ce a soci\u00e1ln\u00edch v\u011bc\u00ed na sv\u00fdch webov\u00fdch str\u00e1nk\u00e1ch zve\u0159ejnilo Komunika\u010dn\u00ed soubor, kter\u00fd tak bude dostupn\u00fd \u0161irok\u00e9 ve\u0159ejnosti. D\u00e1le jej bude distribuovat na krajsk\u00e9 \u00fa\u0159ady a jejichprost\u0159ednictv\u00edm na obecn\u00ed \u00fa\u0159ady, poskytovatel\u016fm soci\u00e1ln\u00edch slu\u017eeb, zam\u011bstnanc\u016fm \u00da\u0159adu pr\u00e1ce \u010cesk\u00e9 republiky, L\u00e9ka\u0159sk\u00e9 posudkov\u00e9 slu\u017eby a \u010cesk\u00e9 spr\u00e1vy soci\u00e1ln\u00edho zabezpe\u010den\u00ed. Z\u00e1stupci Vl\u00e1dn\u00edho v\u00fdboru pro zdravotn\u011b posti\u017een\u00e9 ob\u010dany Komunika\u010dn\u00ed soubor osobn\u011b p\u0159edstav\u00ed 27. z\u00e1\u0159\u00ed 2016 na setk\u00e1n\u00ed metodik\u016f soci\u00e1ln\u00ed pr\u00e1ce krajsk\u00fdch \u00fa\u0159ad\u016f, kter\u00e9 se kon\u00e1 na ministerstvu,\u201c up\u0159esnil za Ministerstvo pr\u00e1ce a soci\u00e1ln\u00edch v\u011bc\u00ed David Posp\u00ed\u0161il, \u0159editel odboru soci\u00e1ln\u00edch slu\u017eeb, soci\u00e1ln\u00ed pr\u00e1ce a soci\u00e1ln\u00edho bydlen\u00ed.<br \/>\nJednotliv\u00e9 dokumenty \u2013 Informa\u010dn\u00ed let\u00e1k, Komunika\u010dn\u00ed kl\u00ed\u010d v popisn\u00e9 i zkr\u00e1cen\u00e9 verzi, Desatero komunikace s pacientem s poruchou autistick\u00e9ho spektra, Pr\u016fkaz osoby s PAS a Komunika\u010dn\u00ed profil dr\u017eitele pr\u016fkazu \u2013 v\u00fdrazn\u011b usnadn\u00ed komunikaci ve\u0159ejnosti s osobami s autismem a naopak.<br \/>\n\u201eV leto\u0161n\u00edm roce Ministerstvo pr\u00e1ce a soci\u00e1ln\u00edch v\u011bc\u00ed zah\u00e1jilo realizaci projektu Syst\u00e9mov\u00e1 podpora soci\u00e1ln\u00ed pr\u00e1ce na obc\u00edch, v r\u00e1mci n\u011bho\u017e dojde nap\u0159\u00edklad k navr\u017een\u00ed modelu vstupn\u00edho vzd\u011bl\u00e1v\u00e1n\u00ed soci\u00e1ln\u00edch pracovn\u00edk\u016f ve ve\u0159ejn\u00e9 spr\u00e1v\u011b, do n\u011bj\u017e budou tyto znalosti rovn\u011b\u017e zahrnuty, a tak\u00e9 dojde k pilotn\u00edmu ov\u011b\u0159en\u00ed typov\u00e9 pozice koordin\u00e1tor soci\u00e1ln\u00ed podpory, kter\u00fd by mimo jin\u00e9 m\u011bl pomoci p\u0159i komunikaci s osobami, kter\u00e9 jsou posti\u017eeni poruchou autistick\u00e9ho spektra, ale i dal\u0161\u00edm osob\u00e1m s posti\u017een\u00edm\u201c uvedl d\u00e1le David Posp\u00ed\u0161il.<br \/>\nNa webov\u00fdch str\u00e1nk\u00e1ch Ministerstva pr\u00e1ce a soci\u00e1ln\u00edch v\u011bc\u00ed je soubor dostupn\u00fd na adrese:<br \/>\nhttp:\/\/www.mpsv.cz\/files\/clanky\/27837\/Komunikacni.soubor.PAS.pdf<\/p>\n<p>Petr Hab\u00e1\u0148<br \/>\ntiskov\u00fd mluv\u010d\u00ed MPSV<\/p>\n","protected":false},"excerpt":{"rendered":"<div class=\"mh-excerpt\"><p>V z\u00e1\u0159\u00ed 2016 byl na \u00da\u0159adu vl\u00e1dy v poslaneck\u00e9 sn\u011bmovn\u011b za \u00fa\u010dasti z\u00e1stupce Ministerstva pr\u00e1ce a soci\u00e1ln\u00ed v\u011bc\u00ed a dal\u0161\u00edch resort\u016f p\u0159edstaven Komunika\u010dn\u00ed soubor. Komunika\u010dn\u00ed <a class=\"mh-excerpt-more\" href=\"https:\/\/www.invarena.cz\/?p=26337\" title=\"Komunikaci s lidmi s PAS bude snaz\u0161\u00ed prost\u0159ednictv\u00edm komunika\u010dn\u00edho souboru\">[&#8230;]<\/a><\/p>\n<\/div>","protected":false},"author":1,"featured_media":17229,"comment_status":"open","ping_status":"closed","sticky":false,"template":"","format":"standard","meta":{"footnotes":""},"categories":[9],"tags":[],"class_list":["post-26337","post","type-post","status-publish","format-standard","has-post-thumbnail","hentry","category-zpravy"],"_links":{"self":[{"href":"https:\/\/www.invarena.cz\/index.php?rest_route=\/wp\/v2\/posts\/26337","targetHints":{"allow":["GET"]}}],"collection":[{"href":"https:\/\/www.invarena.cz\/index.php?rest_route=\/wp\/v2\/posts"}],"about":[{"href":"https:\/\/www.invarena.cz\/index.php?rest_route=\/wp\/v2\/types\/post"}],"author":[{"embeddable":true,"href":"https:\/\/www.invarena.cz\/index.php?rest_route=\/wp\/v2\/users\/1"}],"replies":[{"embeddable":true,"href":"https:\/\/www.invarena.cz\/index.php?rest_route=%2Fwp%2Fv2%2Fcomments&post=26337"}],"version-history":[{"count":0,"href":"https:\/\/www.invarena.cz\/index.php?rest_route=\/wp\/v2\/posts\/26337\/revisions"}],"wp:featuredmedia":[{"embeddable":true,"href":"https:\/\/www.invarena.cz\/index.php?rest_route=\/wp\/v2\/media\/17229"}],"wp:attachment":[{"href":"https:\/\/www.invarena.cz\/index.php?rest_route=%2Fwp%2Fv2%2Fmedia&parent=26337"}],"wp:term":[{"taxonomy":"category","embeddable":true,"href":"https:\/\/www.invarena.cz\/index.php?rest_route=%2Fwp%2Fv2%2Fcategories&post=26337"},{"taxonomy":"post_tag","embeddable":true,"href":"https:\/\/www.invarena.cz\/index.php?rest_route=%2Fwp%2Fv2%2Ftags&post=26337"}],"curies":[{"name":"wp","href":"https:\/\/api.w.org\/{rel}","templated":true}]}}