{"id":26357,"date":"2016-09-13T10:43:02","date_gmt":"2016-09-13T08:43:02","guid":{"rendered":"http:\/\/www.invarena.cz\/?p=26357"},"modified":"2016-09-13T10:43:02","modified_gmt":"2016-09-13T08:43:02","slug":"v-krumlove-na-chvili-zmizely-bariery","status":"publish","type":"post","link":"https:\/\/www.invarena.cz\/?p=26357","title":{"rendered":"V Krumlov\u011b na chv\u00edli zmizely bari\u00e9ry"},"content":{"rendered":"<p><strong>\u010ceskokrumlovsk\u00fd Kiwanis klub op\u011bt umo\u017enil hendikepovan\u00fdm lidem spat\u0159it m\u00edsta, kam by se jindy t\u011b\u017eko dost\u00e1vali.<\/strong><!--more--><\/p>\n<p>\u010cesk\u00fd Krumlov \u2013 Den bez bari\u00e9r se letos konal ve m\u011bst\u011b ji\u017e po \u010dtrn\u00e1ct\u00e9.<\/p>\n<p>&#8222;Ta my\u0161lenka tehdy vyplynula z na\u0161eho zam\u011b\u0159en\u00ed pom\u00e1hat posti\u017een\u00fdm \u010di talentovan\u00fdm lidem, &#8220; odpov\u011bd\u011bl Martin H\u00e1k, zakl\u00e1daj\u00edc\u00ed \u010dlen \u010deskokrumlovsk\u00e9ho Kiwanis klubu, na na\u0161\u00ed ot\u00e1zku, jak kdysi vznikl impuls k t\u00e9to \u2013 ji\u017e tradi\u010dn\u00ed \u2013 akci.<\/p>\n<p>St\u0159edobodem leto\u0161n\u00edho ro\u010dn\u00edku se staly kl\u00e1\u0161tery, kter\u00e9 byly v sobotu pln\u011b vyt\u00ed\u017eeny.<\/p>\n<p>&#8222;Jednak host\u00edme Den bez bari\u00e9r a z\u00e1rove\u0148 tu m\u00e1me Dny evropsk\u00e9ho kulturn\u00edho d\u011bdictv\u00ed, pln\u00e9 p\u0159edn\u00e1\u0161ek, komentovan\u00fdch prohl\u00eddek a dal\u0161\u00edho programu, za \u00fa\u010dasti p\u0159edstavitel\u016f \u0159\u00e1d\u016f klarisek a minorit\u016f,&#8220; konstatuje PR mana\u017eerka kl\u00e1\u0161ter\u016f Vladana B\u00edlkov\u00e1.<\/p>\n<p>&#8222;Pro den bez bari\u00e9r jsme zp\u0159\u00edstupnili dv\u011b velk\u00e9 expozice tak, aby je mohly nav\u0161t\u00edvit lid\u00e9 na voz\u00ed\u010dku a lid\u00e9 se zrakov\u00fdm posti\u017een\u00edm. Dodali jsme n\u00e1jezdy a popisky v Braillov\u011b p\u00edsmu,&#8220; \u0159\u00edk\u00e1 muze\u00e1ln\u00ed pedago\u017eka Veronika Vychope\u0148ov\u00e1.<\/p>\n<p>V nejbli\u017e\u0161\u00ed dob\u011b chystaj\u00ed kl\u00e1\u0161tery op\u011bt den otev\u0159en\u00fdch dve\u0159\u00ed p\u0159i svatov\u00e1clavsk\u00fdch slavnostech a za\u010d\u00e1tkem \u0159\u00edjna zde bude zah\u00e1jena atraktivn\u00ed v\u00fdstava nazvan\u00e1 C\u00edsa\u0159\u016fv peka\u0159 a peka\u0159\u016fv c\u00edsa\u0159.<\/p>\n<p>JAN HOUSKA<br \/>\n\u010ceskokrumlovsk\u00fd den\u00edk<br \/>\n<a href=\"http:\/\/ceskokrumlovsky.denik.cz\/\">http:\/\/ceskokrumlovsky.denik.cz\/<\/a><\/p>\n","protected":false},"excerpt":{"rendered":"<div class=\"mh-excerpt\"><p>\u010ceskokrumlovsk\u00fd Kiwanis klub op\u011bt umo\u017enil hendikepovan\u00fdm lidem spat\u0159it m\u00edsta, kam by se jindy t\u011b\u017eko dost\u00e1vali.<\/p>\n<\/div>","protected":false},"author":1,"featured_media":904,"comment_status":"open","ping_status":"closed","sticky":false,"template":"","format":"standard","meta":{"footnotes":""},"categories":[9],"tags":[],"class_list":["post-26357","post","type-post","status-publish","format-standard","has-post-thumbnail","hentry","category-zpravy"],"_links":{"self":[{"href":"https:\/\/www.invarena.cz\/index.php?rest_route=\/wp\/v2\/posts\/26357","targetHints":{"allow":["GET"]}}],"collection":[{"href":"https:\/\/www.invarena.cz\/index.php?rest_route=\/wp\/v2\/posts"}],"about":[{"href":"https:\/\/www.invarena.cz\/index.php?rest_route=\/wp\/v2\/types\/post"}],"author":[{"embeddable":true,"href":"https:\/\/www.invarena.cz\/index.php?rest_route=\/wp\/v2\/users\/1"}],"replies":[{"embeddable":true,"href":"https:\/\/www.invarena.cz\/index.php?rest_route=%2Fwp%2Fv2%2Fcomments&post=26357"}],"version-history":[{"count":0,"href":"https:\/\/www.invarena.cz\/index.php?rest_route=\/wp\/v2\/posts\/26357\/revisions"}],"wp:featuredmedia":[{"embeddable":true,"href":"https:\/\/www.invarena.cz\/index.php?rest_route=\/wp\/v2\/media\/904"}],"wp:attachment":[{"href":"https:\/\/www.invarena.cz\/index.php?rest_route=%2Fwp%2Fv2%2Fmedia&parent=26357"}],"wp:term":[{"taxonomy":"category","embeddable":true,"href":"https:\/\/www.invarena.cz\/index.php?rest_route=%2Fwp%2Fv2%2Fcategories&post=26357"},{"taxonomy":"post_tag","embeddable":true,"href":"https:\/\/www.invarena.cz\/index.php?rest_route=%2Fwp%2Fv2%2Ftags&post=26357"}],"curies":[{"name":"wp","href":"https:\/\/api.w.org\/{rel}","templated":true}]}}