{"id":26360,"date":"2016-09-12T14:17:36","date_gmt":"2016-09-12T12:17:36","guid":{"rendered":"http:\/\/www.invarena.cz\/?p=26360"},"modified":"2016-09-12T14:17:36","modified_gmt":"2016-09-12T12:17:36","slug":"zajet-dobre-v-riu-a-zemrit-paralympionicku-trapi-nesnesitelne-bolesti-je-pripravena-na-eutanazii","status":"publish","type":"post","link":"https:\/\/www.invarena.cz\/?p=26360","title":{"rendered":"Zajet dob\u0159e v Riu a zem\u0159\u00edt. Paralympioni\u010dku tr\u00e1p\u00ed nesnesiteln\u00e9 bolesti, je p\u0159ipraven\u00e1 na eutanazii"},"content":{"rendered":"<p><strong>N\u011bkdo se s nejv\u011bt\u0161\u00ed sportovn\u00ed ud\u00e1lost\u00ed na sv\u011bt\u011b lou\u010d\u00ed ve chv\u00edli, kdy u\u017e jeho v\u00fdkony nejsou, co b\u00fdvaly. Belgi\u010danka Marieke Vervoortov\u00e1 je zat\u00edm na dobr\u00e9 cest\u011b obh\u00e1jit dv\u011b medaile z Lond\u00fdna \u2013 v z\u00e1vod\u011b na 400 metr\u016f na voz\u00edku u\u017e z\u00edskala st\u0159\u00edbro. Po Riu chce ale se sportem skon\u010dit a mo\u017en\u00e1 i z vlastn\u00edho rozhodnut\u00ed zem\u0159\u00edt.<\/strong><!--more--><\/p>\n<p>\u017divot hendikepovan\u00e9ho sportovce je jeden zvrat za druh\u00fdm. Marieke Vervoortov\u00e1 t\u0159eba jednu dobu nev\u011bd\u011bla, jestli v\u016fbec m\u00e1 na Rio tr\u00e9novat.&#8220;Ve vzduchu visela mo\u017enost, \u017ee moje kategorie v Riu nebude. B\u00e1la jsem se, \u017ee bych pak mohla b\u00fdt zklaman\u00e1. Ale \u0159ekli mi: \u201aJen tr\u00e9nuj. Kdy\u017e se pojede, bude\u0161 p\u0159ipraven\u00e1. A jestli ne, nebude\u0161 si moci st\u011b\u017eovat, proto\u017ee jsi tr\u00e9novala, a tvrd\u011b\u2018,&#8220; zavzpom\u00ednala Vervoortov\u00e1<\/p>\n<p>Kategorie T52 nakonec v Riu nechyb\u00ed, za co\u017e je sportovkyn\u011b r\u00e1da. Jej\u00ed stav se ale neust\u00e1le zhor\u0161uje. M\u00e1 degenerativn\u00ed nervovou chorobu. N\u011bkdy nem\u016f\u017ee sp\u00e1t, \u010dasto nem\u016f\u017ee tr\u00e9novat. L\u00e9ky nezab\u00edraj\u00ed. A nav\u00edc se j\u00ed v Riu p\u0159ed startem p\u0159idaly moment\u00e1ln\u00ed zdravotn\u00ed pot\u00ed\u017ee.<\/p>\n<p>&#8222;Jeden den jsem p\u0159i\u0161la do j\u00eddelny a najednou jsem musela zvracet. Zvracela jsem cel\u00fd den. Pak m\u011b odvezli do nemocnice, dali mi kapa\u010dku a nejsiln\u011bj\u0161\u00ed l\u00e9ky, kter\u00e9 d\u00e1vaj\u00ed lidem s rakovinou po chemoterapii. Cht\u011bli m\u011b p\u0159ev\u00e9zt do v\u011bt\u0161\u00ed nemocnice, ale na\u0161t\u011bst\u00ed to neud\u011blali,&#8220; \u0159ekla Vervoortov\u00e1.<\/p>\n<p>Nakonec si sedmat\u0159icetilet\u00e1 Belgi\u010danka, kter\u00e1 vypad\u00e1 jako blon\u010fat\u00fd rozcuchan\u00fd uli\u010dn\u00edk, dojela pro druh\u00e9 m\u00edsto na riodejaneirsk\u00e9 ploch\u00e9 dr\u00e1ze. A jak \u0159\u00edk\u00e1 novin\u00e1\u0159\u016fm, zlat\u00e9 Kana\u010fance jednodu\u0161e poblahop\u0159\u00e1la: &#8222;Jasn\u011b, ona je zlat\u00e1, ne j\u00e1!&#8220;<\/p>\n<p>Vervoortov\u00e1 u\u017e m\u00e1 podepsan\u00e9 pap\u00edry pot\u0159ebn\u00e9 pro eutanasii. Rio pro ni bylo posledn\u00ed sportovn\u00ed p\u0159\u00e1n\u00ed. I medaile \u2013 a je jedno jak\u00e1.<\/p>\n<p>&#8222;Je to pro m\u011b hrozn\u011b moc, byl to ohromn\u00fd okam\u017eik. Medaili mi p\u0159ed\u00e1vala belgick\u00e1 princezna. J\u00e1 m\u011bla na kraj\u00ed\u010dku, ona taky. To, \u017ee jsem tady, je tak trochu z\u00e1zrak. Tr\u00e9novala jsem velmi tvrd\u011b. Byl to nejhez\u010d\u00ed okam\u017eik, jak\u00fd jsem si jen kdy p\u0159edstavovala,&#8220; dodala Vervoortov\u00e1.<\/p>\n<p>Te\u010f ji \u010dek\u00e1 konec kari\u00e9ry. Potom si chce u\u017e\u00edvat \u017eivota a a\u017e budou bolesti \u00fapln\u011b nesnesiteln\u00e9, m\u016f\u017ee se rozhodnout ho ukon\u010dit. Ale v Riu ji je\u0161t\u011b p\u0159\u00ed\u0161t\u00ed sobotu \u010dek\u00e1 stovka. Douf\u00e1, \u017ee se j\u00ed taky podobn\u011b zada\u0159\u00ed. Kdo by j\u00ed k tomu nepop\u0159\u00e1l.<\/p>\n<p><a href=\"http:\/\/www.rozhlas.cz\/\">http:\/\/www.rozhlas.cz\/<\/a><\/p>\n","protected":false},"excerpt":{"rendered":"<div class=\"mh-excerpt\"><p>N\u011bkdo se s nejv\u011bt\u0161\u00ed sportovn\u00ed ud\u00e1lost\u00ed na sv\u011bt\u011b lou\u010d\u00ed ve chv\u00edli, kdy u\u017e jeho v\u00fdkony nejsou, co b\u00fdvaly. Belgi\u010danka Marieke Vervoortov\u00e1 je zat\u00edm na dobr\u00e9 <a class=\"mh-excerpt-more\" href=\"https:\/\/www.invarena.cz\/?p=26360\" title=\"Zajet dob\u0159e v Riu a zem\u0159\u00edt. Paralympioni\u010dku tr\u00e1p\u00ed nesnesiteln\u00e9 bolesti, je p\u0159ipraven\u00e1 na eutanazii\">[&#8230;]<\/a><\/p>\n<\/div>","protected":false},"author":1,"featured_media":0,"comment_status":"open","ping_status":"closed","sticky":false,"template":"","format":"standard","meta":{"footnotes":""},"categories":[9],"tags":[],"class_list":["post-26360","post","type-post","status-publish","format-standard","hentry","category-zpravy"],"_links":{"self":[{"href":"https:\/\/www.invarena.cz\/index.php?rest_route=\/wp\/v2\/posts\/26360","targetHints":{"allow":["GET"]}}],"collection":[{"href":"https:\/\/www.invarena.cz\/index.php?rest_route=\/wp\/v2\/posts"}],"about":[{"href":"https:\/\/www.invarena.cz\/index.php?rest_route=\/wp\/v2\/types\/post"}],"author":[{"embeddable":true,"href":"https:\/\/www.invarena.cz\/index.php?rest_route=\/wp\/v2\/users\/1"}],"replies":[{"embeddable":true,"href":"https:\/\/www.invarena.cz\/index.php?rest_route=%2Fwp%2Fv2%2Fcomments&post=26360"}],"version-history":[{"count":0,"href":"https:\/\/www.invarena.cz\/index.php?rest_route=\/wp\/v2\/posts\/26360\/revisions"}],"wp:attachment":[{"href":"https:\/\/www.invarena.cz\/index.php?rest_route=%2Fwp%2Fv2%2Fmedia&parent=26360"}],"wp:term":[{"taxonomy":"category","embeddable":true,"href":"https:\/\/www.invarena.cz\/index.php?rest_route=%2Fwp%2Fv2%2Fcategories&post=26360"},{"taxonomy":"post_tag","embeddable":true,"href":"https:\/\/www.invarena.cz\/index.php?rest_route=%2Fwp%2Fv2%2Ftags&post=26360"}],"curies":[{"name":"wp","href":"https:\/\/api.w.org\/{rel}","templated":true}]}}