{"id":26361,"date":"2016-09-12T14:20:07","date_gmt":"2016-09-12T12:20:07","guid":{"rendered":"http:\/\/www.invarena.cz\/?p=26361"},"modified":"2016-09-12T14:20:07","modified_gmt":"2016-09-12T12:20:07","slug":"stolni-tenista-suchanek-bude-hrat-o-bronzovou-medaili-z-paralympiady","status":"publish","type":"post","link":"https:\/\/www.invarena.cz\/?p=26361","title":{"rendered":"Stoln\u00ed tenista Such\u00e1nek bude hr\u00e1t o bronzovou medaili z paralympi\u00e1dy"},"content":{"rendered":"<p><strong>Stoln\u00ed tenista Ji\u0159\u00ed Such\u00e1nek se m\u016f\u017ee na paralympijsk\u00fdch hr\u00e1ch v Riu de Janeiro st\u00e1t prvn\u00edm \u010desk\u00fdm medailistou. V Braz\u00edlii se probojoval do semifin\u00e1le, v n\u011bm\u017e podlehl nejv\u00fd\u0161e nasazen\u00e9mu Fabienu Lamiraultovi z Francie 1:3 a o bronz bude v \u00fater\u00fd ve\u010der hr\u00e1t s jeho krajanem St\u00e9phanem Molliensem.<\/strong><!--more--><\/p>\n<p>Cel\u00fd \u010dl\u00e1nek <a href=\"http:\/\/oh.idnes.cz\/paralympiada-stolni-tenis-suchanek-d6q-\/paralympiada.aspx?c=A160911_090216_paralympiada_tof\">ZDE<\/a><\/p>\n","protected":false},"excerpt":{"rendered":"<div class=\"mh-excerpt\"><p>Stoln\u00ed tenista Ji\u0159\u00ed Such\u00e1nek se m\u016f\u017ee na paralympijsk\u00fdch hr\u00e1ch v Riu de Janeiro st\u00e1t prvn\u00edm \u010desk\u00fdm medailistou. V Braz\u00edlii se probojoval do semifin\u00e1le, v n\u011bm\u017e <a class=\"mh-excerpt-more\" href=\"https:\/\/www.invarena.cz\/?p=26361\" title=\"Stoln\u00ed tenista Such\u00e1nek bude hr\u00e1t o bronzovou medaili z paralympi\u00e1dy\">[&#8230;]<\/a><\/p>\n<\/div>","protected":false},"author":1,"featured_media":0,"comment_status":"open","ping_status":"closed","sticky":false,"template":"","format":"standard","meta":{"footnotes":""},"categories":[9],"tags":[],"class_list":["post-26361","post","type-post","status-publish","format-standard","hentry","category-zpravy"],"_links":{"self":[{"href":"https:\/\/www.invarena.cz\/index.php?rest_route=\/wp\/v2\/posts\/26361","targetHints":{"allow":["GET"]}}],"collection":[{"href":"https:\/\/www.invarena.cz\/index.php?rest_route=\/wp\/v2\/posts"}],"about":[{"href":"https:\/\/www.invarena.cz\/index.php?rest_route=\/wp\/v2\/types\/post"}],"author":[{"embeddable":true,"href":"https:\/\/www.invarena.cz\/index.php?rest_route=\/wp\/v2\/users\/1"}],"replies":[{"embeddable":true,"href":"https:\/\/www.invarena.cz\/index.php?rest_route=%2Fwp%2Fv2%2Fcomments&post=26361"}],"version-history":[{"count":0,"href":"https:\/\/www.invarena.cz\/index.php?rest_route=\/wp\/v2\/posts\/26361\/revisions"}],"wp:attachment":[{"href":"https:\/\/www.invarena.cz\/index.php?rest_route=%2Fwp%2Fv2%2Fmedia&parent=26361"}],"wp:term":[{"taxonomy":"category","embeddable":true,"href":"https:\/\/www.invarena.cz\/index.php?rest_route=%2Fwp%2Fv2%2Fcategories&post=26361"},{"taxonomy":"post_tag","embeddable":true,"href":"https:\/\/www.invarena.cz\/index.php?rest_route=%2Fwp%2Fv2%2Ftags&post=26361"}],"curies":[{"name":"wp","href":"https:\/\/api.w.org\/{rel}","templated":true}]}}