{"id":26362,"date":"2016-09-13T10:38:08","date_gmt":"2016-09-13T08:38:08","guid":{"rendered":"http:\/\/www.invarena.cz\/?p=26362"},"modified":"2016-09-13T10:38:08","modified_gmt":"2016-09-13T08:38:08","slug":"dejte-ji-do-ustavu-rekli-rodicum-johanky-ti-se-ale-nevzdali-a-bojuji","status":"publish","type":"post","link":"https:\/\/www.invarena.cz\/?p=26362","title":{"rendered":"Dejte ji do \u00fastavu, \u0159ekli rodi\u010d\u016fm Johanky. Ti se ale nevzdali a bojuj\u00ed"},"content":{"rendered":"<p><strong>Johanku Zaj\u00edcovou z Verne\u0159ic na D\u011b\u010d\u00ednsku v sobotu podpo\u0159\u00ed charitativn\u00ed hudebn\u00ed festival R\u016f\u017e\u00e1k<\/strong><!--more--><\/p>\n<p>D\u011b\u010d\u00ednsko \u2013 S t\u011b\u017ek\u00fdm zdravotn\u00edm posti\u017een\u00edm bojuje desetilet\u00e1 Johanka Zaj\u00edcov\u00e1 z Verne\u0159ic. D\u00edvka m\u00e1 kombinovan\u00e9 posti\u017een\u00ed \u2013 cereber\u00e1ln\u00ed syndrom, dysparxii, t\u011b\u017ekou ment\u00e1ln\u00ed retardaci, opo\u017ed\u011bn\u00fd v\u00fdvoj jemn\u00e9 motoriky a dal\u0161\u00ed diagn\u00f3zy, kter\u00e9 j\u00ed znesnad\u0148uj\u00ed \u017eivot. Pokud Johance v jej\u00ed t\u011b\u017ek\u00e9 situaci chcete alespo\u0148 trochu pomoci, m\u00e1te mo\u017enost \u2013 u\u017e tuto sobotu se kon\u00e1 hudebn\u00ed festival R\u016f\u017e\u00e1k v Ludv\u00edkovic\u00edch. Jeho v\u00fdt\u011b\u017eek dostane pr\u00e1v\u011b Johanka a jej\u00ed rodina.<\/p>\n<p>Johanka se p\u0159itom v roce 2006 narodila jako zdrav\u00e1 hol\u010di\u010dka. M\u011bla sice \u017eloutenku, po n\u011bkolika t\u00fddnech ji ale pustili z nemocnice dom\u016f. Je\u0161t\u011b p\u0159edt\u00edm ji nao\u010dkovali proti tuberkul\u00f3ze. V tu chv\u00edli rodina netu\u0161ila, co ji \u010dek\u00e1 za t\u011b\u017ek\u00e9 obdob\u00ed: Johanka n\u011bkolikr\u00e1t skon\u010dila v nemocnici, kolabovala, proch\u00e1zela \u0159adou vy\u0161et\u0159en\u00ed. Nakonec skon\u010dila a\u017e v Praze.<\/p>\n<p>&#8222;V nemocnici jsme str\u00e1vili n\u011bkolik m\u011bs\u00edc\u016f a dom\u016f si odn\u00e1\u0161\u00edme hol\u010di\u010dku, kter\u00e1 h\u00fdbe jen o\u010dkama. Progn\u00f3za pro Johanku nulov\u00e1 a slova doktorky &#8222;ud\u011blejte si dal\u0161\u00ed a tohle dejte do \u00fastavu&#8220; nejsme schopni pobrat,&#8220; popisuje jej\u00ed maminka Dana Zaj\u00edcov\u00e1 a dod\u00e1v\u00e1: &#8222;V\u00edme, \u017ee Johanka se rve ze v\u0161ech sil o sv\u00e9 m\u00edsto na sv\u011bt\u011b. A my, jej\u00ed rodi\u010de, se sna\u017e\u00edme, aby si to tady co nejv\u00edce u\u017eila a byla \u0161\u0165astn\u00e1. Johanka dnes chod\u00ed a zkou\u0161\u00ed b\u011bhat. Vn\u00edm\u00e1 sv\u00e9 okol\u00ed. Nemluv\u00ed. Naj\u00ed se a napije s dopomoc\u00ed. Sama se neoble\u010de ani neumyje. Neum\u00ed dr\u017eet tu\u017eku a namalovat obr\u00e1zek.&#8220;<\/p>\n<p>Jej\u00ed t\u011b\u017ek\u00fd osud vzbuzuje soucit. \u0158ada lid\u00ed se proto sna\u017e\u00ed rodin\u011b pom\u00e1hat.<\/p>\n<p>&#8222;Ka\u017ed\u00fd rok pom\u00e1h\u00e1me n\u011bkomu jin\u00e9mu. Loni jsme na t\u0159i d\u011bti vybrali 40 tis\u00edc korun,&#8220; \u0159\u00edk\u00e1 organiz\u00e1tor festivalu David Pe\u0161\u0165\u00e1k s t\u00edm, \u017ee na festivalu v Ludv\u00edkovic\u00edch bude kasi\u010dka, do kter\u00e9 m\u016f\u017ee ka\u017ed\u00fd p\u0159isp\u011bt jakou \u010d\u00e1stkou bude cht\u00edt.<\/p>\n<p>A pro\u010d pr\u00e1v\u011b Johanka?<\/p>\n<p>&#8222;Proto\u017ee jsme nev\u011bd\u011bli, na koho letos vyb\u00edrat, po\u017e\u00e1dali jsme o pomoc organizaci And\u011bl\u00e9 bez k\u0159\u00eddel,&#8220; \u0159\u00edk\u00e1 Pe\u0161\u0165\u00e1k.<\/p>\n<p>&#8222;Johance jsme pom\u00e1hali ji\u017e v minulosti, proto jsme ji doporu\u010dili,&#8220; \u0159\u00edk\u00e1 Marie Jel\u00ednkov\u00e1 z And\u011bl\u016f. Toto sdru\u017een\u00ed na D\u011b\u010d\u00ednsku funguje ji\u017e n\u011bkolik let a pom\u00e1h\u00e1 p\u0159edev\u0161\u00edm posti\u017een\u00fdm d\u011btem \u010di d\u011b\u010d\u00ednsk\u00e9 nemocnici.<\/p>\n<p>VZH\u016eRU NA FESTIVAL<\/p>\n<p>Ludv\u00edkovick\u00fd R\u016f\u017e\u00e1k prob\u011bhne ji\u017e tuto sobotu 17. z\u00e1\u0159\u00ed od 12 hodin v m\u00edstn\u00edm kulturn\u00edm dom\u011b, kam se vrac\u00ed po t\u0159ech letech. Fanou\u0161ci se tentokr\u00e1t mohou t\u011b\u0161it na Vil\u00e9ma \u010coka a Bypass, Milo\u0161e Dodo Dole\u017eala, Toxic People, Apollo DC, Destroyself a dal\u0161\u00ed muzikanty.<\/p>\n<p>&#8222;Na festival by m\u011bla odpoledne dorazit tak\u00e9 Johanka se svou maminkou. Pen\u00edze jim ale na m\u00edst\u011b je\u0161t\u011b z\u0159ejm\u011b nep\u0159ed\u00e1me, nebudeme to m\u00edt uzav\u0159en\u00e9,&#8220; \u0159\u00edk\u00e1 David Pe\u0161\u0165\u00e1k s t\u00edm, \u017ee pen\u00edze by m\u011bla rodina vyu\u017e\u00edt na n\u00e1kup nov\u00e9ho lopedu pro Johanku.<\/p>\n<p>Vstupenku na festival se\u017eenete za dv\u011b st\u011b korun v p\u0159edprodeji na www.vstupenkadecin.cz nebo za 250 korun na m\u00edst\u011b. Pozor, kapacita s\u00e1lu kulturn\u00edho domu je ale omezena.<\/p>\n<p>LUD\u011aK ST\u00cdNIL<br \/>\nD\u011b\u010d\u00ednsk\u00fd den\u00edk<br \/>\n<a href=\"http:\/\/www.decinsky.denik.cz\/\">http:\/\/www.decinsky.denik.cz\/<\/a><\/p>\n","protected":false},"excerpt":{"rendered":"<div class=\"mh-excerpt\"><p>Johanku Zaj\u00edcovou z Verne\u0159ic na D\u011b\u010d\u00ednsku v sobotu podpo\u0159\u00ed charitativn\u00ed hudebn\u00ed festival R\u016f\u017e\u00e1k<\/p>\n<\/div>","protected":false},"author":1,"featured_media":0,"comment_status":"open","ping_status":"closed","sticky":false,"template":"","format":"standard","meta":{"footnotes":""},"categories":[9],"tags":[],"class_list":["post-26362","post","type-post","status-publish","format-standard","hentry","category-zpravy"],"_links":{"self":[{"href":"https:\/\/www.invarena.cz\/index.php?rest_route=\/wp\/v2\/posts\/26362","targetHints":{"allow":["GET"]}}],"collection":[{"href":"https:\/\/www.invarena.cz\/index.php?rest_route=\/wp\/v2\/posts"}],"about":[{"href":"https:\/\/www.invarena.cz\/index.php?rest_route=\/wp\/v2\/types\/post"}],"author":[{"embeddable":true,"href":"https:\/\/www.invarena.cz\/index.php?rest_route=\/wp\/v2\/users\/1"}],"replies":[{"embeddable":true,"href":"https:\/\/www.invarena.cz\/index.php?rest_route=%2Fwp%2Fv2%2Fcomments&post=26362"}],"version-history":[{"count":0,"href":"https:\/\/www.invarena.cz\/index.php?rest_route=\/wp\/v2\/posts\/26362\/revisions"}],"wp:attachment":[{"href":"https:\/\/www.invarena.cz\/index.php?rest_route=%2Fwp%2Fv2%2Fmedia&parent=26362"}],"wp:term":[{"taxonomy":"category","embeddable":true,"href":"https:\/\/www.invarena.cz\/index.php?rest_route=%2Fwp%2Fv2%2Fcategories&post=26362"},{"taxonomy":"post_tag","embeddable":true,"href":"https:\/\/www.invarena.cz\/index.php?rest_route=%2Fwp%2Fv2%2Ftags&post=26362"}],"curies":[{"name":"wp","href":"https:\/\/api.w.org\/{rel}","templated":true}]}}