{"id":26369,"date":"2016-09-13T10:57:39","date_gmt":"2016-09-13T08:57:39","guid":{"rendered":"http:\/\/www.invarena.cz\/?p=26369"},"modified":"2016-09-13T10:57:39","modified_gmt":"2016-09-13T08:57:39","slug":"kdyz-jsem-vesla-do-areny-tak-jsem-byla-zcela-v-klidu-a-napojena-jen-na-kone-rika-paralympicka-vistalova","status":"publish","type":"post","link":"https:\/\/www.invarena.cz\/?p=26369","title":{"rendered":"Kdy\u017e jsem ve\u0161la do ar\u00e9ny, tak jsem byla zcela v klidu a napojena jen na kon\u011b, \u0159\u00edk\u00e1 paralympi\u010dka Vi\u0161t\u00e1lov\u00e1"},"content":{"rendered":"<p><strong>Premi\u00e9ru v drezu\u0159e na paralympi\u00e1d\u011b m\u00e1 za sebou jednadvacetilet\u00e1 \u010desk\u00e1 jezdkyn\u011b Astastasja Vi\u0161t\u00e1lov\u00e1 v sedle kon\u011b Lata Brandis. P\u0159edstavila se v kvalifikaci t\u00fdm\u016f, kter\u00e1 se sice do individu\u00e1ln\u00edho hodnocen\u00ed nezapo\u010d\u00edt\u00e1v\u00e1, ale slou\u017e\u00ed z\u00e1vodn\u00edk\u016fm k tomu, aby se sezn\u00e1mili s prost\u0159ed\u00edm a zapsali se do pov\u011bdom\u00ed rozhod\u010d\u00edch.<\/strong><!--more--><\/p>\n<p>Byla jste p\u0159ed premi\u00e9rou na paralympi\u00e1d\u011b nerv\u00f3zn\u00ed?<\/p>\n<p>Samoz\u0159ejm\u011b ta nervozita tam trochu byla, v\u017edycky je. Asi by to nebylo \u00fapln\u011b norm\u00e1ln\u00ed, kdybych byla \u00fapln\u011b v klidu, ale d\u00edky psychick\u00e9 p\u0159\u00edprav\u011b a cvi\u010den\u00edm, kter\u00e9 jsem absolvovala s francouzskou psycholo\u017ekou Biancou Roch, byla ta nervozita zvladateln\u00e1 natolik, \u017ee v okam\u017eiku, kdy jsem ve\u0161la do ar\u00e9ny, tak jsem byla zcela v klidu a napojena jen na kon\u011b.<\/p>\n<p>Co v\u0161echno mus\u00ed jezdec s kon\u011bm zvl\u00e1dnout?<\/p>\n<p>Toto byla prvn\u00ed \u010d\u00e1st t\u00fdmov\u00e9 sout\u011b\u017ee s t\u00edm, \u017ee byla otev\u0159ena pro jednotlivce, ale to po\u0159ad\u00ed pro jednotlivce v podstat\u011b nic neznamen\u00e1, proto\u017ee t\u00edm jak nejsme v t\u00fdmu, tak je to pro n\u00e1s takov\u00fd otev\u0159en\u00fd z\u00e1vod na rozeh\u0159\u00e1t\u00ed. U n\u00e1s mezi jezdci se tomu \u0159\u00edk\u00e1 takzvan\u00e1 \u0161katulkov\u00e1 sout\u011b\u017e, proto\u017ee ti rozhod\u010d\u00ed si v\u00e1s osahaj\u00ed a podle toho v\u00e1s za\u0159ad\u00ed mezi lep\u0161\u00ed nebo hor\u0161\u00ed polovinu a v tom se vezete po cel\u00e9 t\u0159i dny z\u00e1vodu.<\/p>\n<p>Opravdu je to hodn\u011b o rozhod\u010d\u00edch?<\/p>\n<p>Je to hodn\u011b subjektivn\u00ed, tak\u017ee ten rozhod\u010d\u00ed m\u00e1 mo\u017enost d\u00e1t lep\u0161\u00ed zn\u00e1mku, ale nemus\u00ed. Je to jenom na n\u011bm a samoz\u0159ejm\u011b i jm\u00e9no jezdce hraje roli, i kdyby se jezdci, kter\u00fd je vysoko n\u011bco nepovedlo, tak mu to sp\u00ed\u0161 odpust\u00ed, ne\u017e n\u011bkomu kdo za\u010d\u00edn\u00e1.<\/p>\n<p>Bez ohledu na sud\u00ed, jak vy jste spokojen\u00e1 s prvn\u00ed j\u00edzdou?<\/p>\n<p>Ur\u010dit\u011b by se tam daly n\u011bkter\u00e9 v\u011bci dopilovat, v\u017edycky to jde, ale j\u00e1 jsem moc spokojen\u00e1. Kdy\u017e vezmu v \u00favahu, \u017ee je to na\u0161e prvn\u00ed paralympijsk\u00e1 j\u00edzda a v\u016fbec premi\u00e9ra jezdectv\u00ed na takto velk\u00e9 akci, tak si mysl\u00edm, \u017ee ty procentu\u00e1ln\u00ed v\u00fdsledky jsou velmi p\u011bkn\u00e9 a j\u00e1 jsem spokojen\u00e1.<\/p>\n<p>Je tady n\u00e1ro\u010dn\u00e9 po\u010das\u00ed, neskute\u010dn\u00e9 horko, jak se s t\u00edm vypo\u0159\u00e1d\u00e1v\u00e1te vy a jak to zvl\u00e1d\u00e1 k\u016f\u0148?<\/p>\n<p>Jsem hrozn\u011b \u0161\u0165astn\u00e1, \u017ee po\u0159adatel\u00e9 vymysleli chladic\u00ed z\u00f3nu, kde se k\u016f\u0148 d\u00e1 vz\u00edt p\u0159ed i po je\u017ed\u011bn\u00ed p\u0159\u00edmo se sedlem. Jsou tam vodn\u00ed rozpra\u0161ova\u010de, kter\u00e9 kon\u011b zchlad\u00ed, ale z\u00e1rove\u0148 pak nen\u00ed moc mokr\u00fd. A pro n\u00e1s jezdce voda, voda, voda, proto\u017ee jak m\u00e1me \u010dern\u00e9 sako, helmu a vysok\u00e9 boty, tak se va\u0159\u00edme ve vlastn\u00ed \u0161\u0165\u00e1v\u011b. V\u0161ichni m\u00e1me ale stejn\u00e9 podm\u00ednky a vydr\u017eet se to mus\u00ed.<\/p>\n<p>Pavel Petr,Nikola \u0160r\u00e1mkov\u00e1<br \/>\n<a href=\"http:\/\/www.rozhlas.cz\">http:\/\/www.rozhlas.cz<\/a><\/p>\n","protected":false},"excerpt":{"rendered":"<div class=\"mh-excerpt\"><p>Premi\u00e9ru v drezu\u0159e na paralympi\u00e1d\u011b m\u00e1 za sebou jednadvacetilet\u00e1 \u010desk\u00e1 jezdkyn\u011b Astastasja Vi\u0161t\u00e1lov\u00e1 v sedle kon\u011b Lata Brandis. P\u0159edstavila se v kvalifikaci t\u00fdm\u016f, kter\u00e1 se <a class=\"mh-excerpt-more\" href=\"https:\/\/www.invarena.cz\/?p=26369\" title=\"Kdy\u017e jsem ve\u0161la do ar\u00e9ny, tak jsem byla zcela v klidu a napojena jen na kon\u011b, \u0159\u00edk\u00e1 paralympi\u010dka Vi\u0161t\u00e1lov\u00e1\">[&#8230;]<\/a><\/p>\n<\/div>","protected":false},"author":1,"featured_media":20409,"comment_status":"open","ping_status":"closed","sticky":false,"template":"","format":"standard","meta":{"footnotes":""},"categories":[9],"tags":[],"class_list":["post-26369","post","type-post","status-publish","format-standard","has-post-thumbnail","hentry","category-zpravy"],"_links":{"self":[{"href":"https:\/\/www.invarena.cz\/index.php?rest_route=\/wp\/v2\/posts\/26369","targetHints":{"allow":["GET"]}}],"collection":[{"href":"https:\/\/www.invarena.cz\/index.php?rest_route=\/wp\/v2\/posts"}],"about":[{"href":"https:\/\/www.invarena.cz\/index.php?rest_route=\/wp\/v2\/types\/post"}],"author":[{"embeddable":true,"href":"https:\/\/www.invarena.cz\/index.php?rest_route=\/wp\/v2\/users\/1"}],"replies":[{"embeddable":true,"href":"https:\/\/www.invarena.cz\/index.php?rest_route=%2Fwp%2Fv2%2Fcomments&post=26369"}],"version-history":[{"count":0,"href":"https:\/\/www.invarena.cz\/index.php?rest_route=\/wp\/v2\/posts\/26369\/revisions"}],"wp:featuredmedia":[{"embeddable":true,"href":"https:\/\/www.invarena.cz\/index.php?rest_route=\/wp\/v2\/media\/20409"}],"wp:attachment":[{"href":"https:\/\/www.invarena.cz\/index.php?rest_route=%2Fwp%2Fv2%2Fmedia&parent=26369"}],"wp:term":[{"taxonomy":"category","embeddable":true,"href":"https:\/\/www.invarena.cz\/index.php?rest_route=%2Fwp%2Fv2%2Fcategories&post=26369"},{"taxonomy":"post_tag","embeddable":true,"href":"https:\/\/www.invarena.cz\/index.php?rest_route=%2Fwp%2Fv2%2Ftags&post=26369"}],"curies":[{"name":"wp","href":"https:\/\/api.w.org\/{rel}","templated":true}]}}