{"id":26370,"date":"2016-09-13T11:03:12","date_gmt":"2016-09-13T09:03:12","guid":{"rendered":"http:\/\/www.invarena.cz\/?p=26370"},"modified":"2016-09-13T11:03:12","modified_gmt":"2016-09-13T09:03:12","slug":"cyklista-koblasa-spoleha-na-pomoc-sveho-otce-take-na-paralympiade-vnima-ho-jako-kamarada-a-oporu","status":"publish","type":"post","link":"https:\/\/www.invarena.cz\/?p=26370","title":{"rendered":"Cyklista Koblasa spol\u00e9h\u00e1 na pomoc sv\u00e9ho otce tak\u00e9 na paralympi\u00e1d\u011b. Vn\u00edm\u00e1 ho jako kamar\u00e1da a oporu"},"content":{"rendered":"<p><strong>Na dr\u00e1ze nebo silnici je vid\u00edte neust\u00e1le spolu a na paralympi\u00e1d\u011b to plat\u00ed tak\u00e9. Otec a syn Koblasovi vytvo\u0159ili nerozlu\u010dnou dvojici.<\/strong> <!--more--><\/p>\n<p>Star\u0161\u00ed Ivo je pro syna, kter\u00fd m\u00e1 stejn\u00e9 k\u0159estn\u00ed jm\u00e9no, nejen psychickou podporou. Pom\u00e1h\u00e1 mu t\u0159eba s kolem a tak\u00e9 s obl\u00e9k\u00e1n\u00edm. Ne v\u0161echno toti\u017e jeho syn kv\u016fli zdravotn\u00edm probl\u00e9m\u016fm zvl\u00e1dne.<\/p>\n<p>&#8222;Ivo prod\u011blal d\u011btskou mozkovou obrnu, tak\u00e9 mimo jin\u00e9 kalosot\u00f3mii mozku, co\u017e je odd\u011blen\u00ed mozkov\u00fdch hemisf\u00e9r, to znamen\u00e1, \u017ee m\u00e1 velmi razantn\u011b naru\u0161enou koordinace vlastn\u00edho pohybu. M\u00e1 spasmu v lev\u00e9 horn\u00ed a spodn\u00ed kon\u010detin\u011b a v prav\u00e9 ruce nem\u00e1 jemnou motoriku,&#8220; \u0159\u00edk\u00e1 Ivo Koblasa star\u0161\u00ed.<\/p>\n<p>Jsou v\u011bci, kter\u00e9 tak jeho syn jen t\u011b\u017eko zvl\u00e1d\u00e1. &#8222;Dodne\u0161ka neum\u00ed nap\u0159\u00edklad zav\u00e1zat tkani\u010dky, nedok\u00e1\u017ee si ud\u011blat n\u011bkter\u00e9 v\u011bci, kter\u00e9 se t\u00fdkaj\u00ed prav\u00e9 strany. Je pot\u0159eba ho obl\u00e9ct, dot\u00e1hnout levou tretru a to co prost\u011b nezvl\u00e1dne jednou rukou, nav\u00edc posti\u017eenou jemnou motorikou.&#8220;<\/p>\n<p>&#8222;Hlavn\u011b, kdy\u017e je on tak um\u00ed povzbudit do toho z\u00e1vodu,&#8220; vlo\u017eil se do pov\u00edd\u00e1n\u00ed Ivo Koblasa mlad\u0161\u00ed. P\u0159\u00edmo v Riu se m\u016f\u017ee t\u011b\u0161it ze skv\u011bl\u00fdch v\u00fdsledk\u016f. V team sprintu byl s Ji\u0159\u00edm Bou\u0161kou a Tom\u00e1\u0161em Kajnarem p\u00e1t\u00fd, o p\u0159\u00ed\u010dku h\u016f\u0159e skon\u010dil ve st\u00edhac\u00edm z\u00e1vod\u011b, kde nav\u00edc poko\u0159il \u010desk\u00fd rekord. V\u00fdrazn\u00fd skok pak pro n\u011bj znamenalo osm\u00e9 m\u00edsto na kilometru s pevn\u00fdm startem.<\/p>\n<p>&#8222;Jsem nejspokojen\u011bj\u0161\u00ed \u010dlov\u011bk, proto\u017ee jsem p\u0159ekonal o \u010dty\u0159i vte\u0159iny sv\u016fj osobn\u00ed rekord. Te\u010f m\u00e1m jedna dvan\u00e1ct. Za to jsem vd\u011b\u010dn\u00fd sob\u011b, proto\u017ee to je hodn\u011b tvrd\u00e9 p\u00edle, na \u010dem\u017e mus\u00ed \u010dlov\u011bk pracovat,&#8220; byl spokojen Ivo Koblasa mlad\u0161\u00ed.<\/p>\n<p>A je za t\u00edm tak\u00e9 rodinn\u00e1 spolupr\u00e1ce. Mezi otcem a synem vl\u00e1dne sp\u00ed\u0161 kamar\u00e1dsk\u00fd vztah. &#8222;Ivo m\u011b od mali\u010dka bere v\u00edce jako kamar\u00e1da ne\u017e vlastn\u00edho otce. Syst\u00e9m funguje, \u017ee j\u00e1 d\u011bl\u00e1m tren\u00e9ra, mas\u00e9ra, mechanika jeho kol a dal\u0161\u00ed v\u011bci, kter\u00e9 jsou pot\u0159eba v\u010detn\u011b pomoci s obl\u00e9k\u00e1n\u00edm a p\u0159inesen\u00edm stravy. To znamen\u00e1, \u017ee Ivo mn\u011b vn\u00edm\u00e1 jakou ur\u010ditou oporu, kter\u00e1 je pro n\u011bj jistotou v tom jeho v\u00fdkonu, z\u00e1zem\u00ed a m\u016f\u017ee se skute\u010dn\u011b v\u011bnovat pouze sv\u00e9mu v\u00fdkonu.&#8220;<\/p>\n<p>Z hlediska cyklistiky Ivo mlad\u0161\u00ed m\u00e1 nejv\u011bt\u0161\u00ed probl\u00e9my s koordinac\u00ed pohybu. Stabilita na kole kv\u016fli jeho posti\u017een\u00ed nem\u016f\u017ee b\u00fdt stoprocentn\u00ed.<\/p>\n<p>&#8222;Projevuje se t\u00edm, \u017ee po ur\u010dit\u00e9m ujet\u00ed stovek metr\u016f, kilometr\u016f vybo\u010d\u00ed doleva nebo doprava a ud\u011bl\u00e1 takovou my\u0161ku a zase se vr\u00e1t\u00ed do p\u0159\u00edm\u00e9ho sm\u011bru. Na\u0161t\u011bst\u00ed tr\u00e9ninkem jsme se nau\u010dili toto koordinovat a Ivo dok\u00e1\u017ee na tyto v\u00fdkyvy vcelku rychle zareagovat a velmi rychle se srovnat.&#8220;<\/p>\n<p>Na paralympi\u00e1d\u011b tento handicap prakticky nen\u00ed zn\u00e1t. P\u0159ed startem na silnici mu dr\u00e1ha dodala pat\u0159i\u010dn\u00e9 sebev\u011bdom\u00ed. Uv\u011bdomuje si, co dosavadn\u00ed v\u00fdsledky a hlavn\u011b v\u00fdkony znamenaj\u00ed.<\/p>\n<p>&#8222;M\u016f\u017ee to znamenat, \u017ee jdu tou spr\u00e1vnou cestou, nepad\u00e1m v\u00fdkonnostn\u011b dol\u016f a m\u016f\u017eu to dot\u00e1hnout i na lep\u0161\u00ed \u010dasy,&#8220; uvedl na z\u00e1v\u011br Ivo Koblasa mlad\u0161\u00ed.<\/p>\n<p>Pavel Petr,Nikola \u0160r\u00e1mkov\u00e1<br \/>\n<a href=\"http:\/\/www.rozhlas.cz\">http:\/\/www.rozhlas.cz<\/a><\/p>\n","protected":false},"excerpt":{"rendered":"<div class=\"mh-excerpt\"><p>Na dr\u00e1ze nebo silnici je vid\u00edte neust\u00e1le spolu a na paralympi\u00e1d\u011b to plat\u00ed tak\u00e9. Otec a syn Koblasovi vytvo\u0159ili nerozlu\u010dnou dvojici.<\/p>\n<\/div>","protected":false},"author":1,"featured_media":20629,"comment_status":"open","ping_status":"closed","sticky":false,"template":"","format":"standard","meta":{"footnotes":""},"categories":[9],"tags":[],"class_list":["post-26370","post","type-post","status-publish","format-standard","has-post-thumbnail","hentry","category-zpravy"],"_links":{"self":[{"href":"https:\/\/www.invarena.cz\/index.php?rest_route=\/wp\/v2\/posts\/26370","targetHints":{"allow":["GET"]}}],"collection":[{"href":"https:\/\/www.invarena.cz\/index.php?rest_route=\/wp\/v2\/posts"}],"about":[{"href":"https:\/\/www.invarena.cz\/index.php?rest_route=\/wp\/v2\/types\/post"}],"author":[{"embeddable":true,"href":"https:\/\/www.invarena.cz\/index.php?rest_route=\/wp\/v2\/users\/1"}],"replies":[{"embeddable":true,"href":"https:\/\/www.invarena.cz\/index.php?rest_route=%2Fwp%2Fv2%2Fcomments&post=26370"}],"version-history":[{"count":0,"href":"https:\/\/www.invarena.cz\/index.php?rest_route=\/wp\/v2\/posts\/26370\/revisions"}],"wp:featuredmedia":[{"embeddable":true,"href":"https:\/\/www.invarena.cz\/index.php?rest_route=\/wp\/v2\/media\/20629"}],"wp:attachment":[{"href":"https:\/\/www.invarena.cz\/index.php?rest_route=%2Fwp%2Fv2%2Fmedia&parent=26370"}],"wp:term":[{"taxonomy":"category","embeddable":true,"href":"https:\/\/www.invarena.cz\/index.php?rest_route=%2Fwp%2Fv2%2Fcategories&post=26370"},{"taxonomy":"post_tag","embeddable":true,"href":"https:\/\/www.invarena.cz\/index.php?rest_route=%2Fwp%2Fv2%2Ftags&post=26370"}],"curies":[{"name":"wp","href":"https:\/\/api.w.org\/{rel}","templated":true}]}}