{"id":26371,"date":"2016-09-13T11:07:19","date_gmt":"2016-09-13T09:07:19","guid":{"rendered":"http:\/\/www.invarena.cz\/?p=26371"},"modified":"2016-09-13T11:07:19","modified_gmt":"2016-09-13T09:07:19","slug":"plan-paralympicky-husakove-rozbehnout-to-naplno-a-na-draze-vypustit-dusi","status":"publish","type":"post","link":"https:\/\/www.invarena.cz\/?p=26371","title":{"rendered":"Pl\u00e1n paralympi\u010dky Hus\u00e1kov\u00e9: Rozb\u011bhnout to naplno a na dr\u00e1ze vypustit du\u0161i"},"content":{"rendered":"<p><strong>Rozb\u011bhnout to naplno a na dr\u00e1ze vypustit du\u0161i. To chce p\u0159i sv\u00e9 premi\u00e9\u0159e na paralympi\u00e1d\u011b osmn\u00e1ctilet\u00e1 atletka Kate\u0159ina Hus\u00e1kov\u00e1.<\/strong> <!--more--><\/p>\n<p>Startuje v kategorii ment\u00e1ln\u011b posti\u017een\u00fdch sportovc\u016f. V brazilsk\u00e9m Riu de Janeiru j\u00ed dnes ve\u010der \u010dek\u00e1 rozb\u011bh na 400 metr\u016f.<\/p>\n<p>&#8222;Jsem v kategorii T20 svaz ment\u00e1ln\u011b posti\u017een\u00fdch sportovc\u016f. Ve t\u0159i a p\u016fl letech jsem onemocn\u011bla epilepsi\u00ed. Probl\u00e9m je, \u017ee nikdo nev\u00ed, kdy mi m\u016f\u017ee nastat epileptick\u00fd z\u00e1chvat. Utrp\u011bla jsem po dvou letech za sebou dva z\u00e1n\u011bty mozku. Kdy\u017e jsem byla mal\u00e1, tak jsem byla docela inteligentn\u00ed, ale pak se to n\u011bjak zvrtlo,&#8220; \u0159\u00edk\u00e1 Kate\u0159ina Hus\u00e1kov\u00e1.<\/p>\n<p>Halov\u00e1 evropsk\u00e1 \u0161ampionka z Petrohradu a bronzov\u00e1 medailistka z Global Games v Ekv\u00e1doru. O nedostatek inteligence se ur\u010dit\u011b p\u0159ed sv\u00fdm startem na paralympi\u00e1d\u011b b\u00e1t nemus\u00ed. Snad jen nervozita by se na n\u00ed v jej\u00edch osmn\u00e1cti letech mohla podepsat.<\/p>\n<p>&#8222;Nervozita je, j\u00e1 jsem nerv\u00e1k u\u017e od mali\u010dka, ale sna\u017e\u00edm se to n\u011bjak eliminovat.&#8220; Ot\u00e1zkou je, jak na z\u00e1vodnici reprezentuj\u00edc\u00ed Sokol Kr\u00e1lovsk\u00e9 Vinohrady ov\u0161em dolehne atmosf\u00e9ra paralympijsk\u00e9ho z\u00e1vodu. Brazilci si toti\u017e p\u0159ehl\u00eddku nejlep\u0161\u00edch handicapovan\u00fdch sportovc\u016f sv\u011bta n\u00e1le\u017eit\u011b u\u017e\u00edvaj\u00ed a skv\u011ble se p\u0159itom bav\u00ed.<\/p>\n<p>&#8222;Na atletick\u00e9m stadionu, jak jsem se byla pod\u00edvat, to bylo n\u011bco neuv\u011b\u0159iteln\u00e9ho, kdy\u017e je Brazilec, tak je to \u00fapln\u011b jin\u00e9, ale mysl\u00edm, \u017ee budou fandit n\u00e1m v\u0161em. Ty z\u00e1vody budou velice presti\u017en\u00ed a douf\u00e1m, \u017ee m\u011b ta atmosf\u00e9ra vybud\u00ed. Zat\u00edm jsem se na z\u00e1vodech s takov\u00fdm po\u010dtem lid\u00ed nesetkala. Budu se sna\u017eit dostat do fin\u00e1lov\u00e9 \u00fa\u010dasti.&#8220;<\/p>\n<p>Recept na fin\u00e1le Kate\u0159ina Hus\u00e1kov\u00e1 m\u00e1. V\u00ed, co pro \u00fasp\u011bch mus\u00ed ud\u011blat. &#8222;Rozb\u011bhnout to naplno a dorazit se. Kdy\u017e nem\u016f\u017ee\u0161, p\u0159idej,&#8220; p\u0159ipomn\u011bla na z\u00e1v\u011br motto nejslavn\u011bj\u0161\u00edho \u010desk\u00e9ho b\u011b\u017ece Emila Z\u00e1topka. Rozb\u011bh j\u00ed \u010dek\u00e1 dnes kolem t\u0159iadvac\u00e1t\u00e9 hodiny \u010desk\u00e9ho \u010dasu.<\/p>\n<p><a href=\"http:\/\/www.rozhlas.cz\">http:\/\/www.rozhlas.cz<\/a><\/p>\n","protected":false},"excerpt":{"rendered":"<div class=\"mh-excerpt\"><p>Rozb\u011bhnout to naplno a na dr\u00e1ze vypustit du\u0161i. To chce p\u0159i sv\u00e9 premi\u00e9\u0159e na paralympi\u00e1d\u011b osmn\u00e1ctilet\u00e1 atletka Kate\u0159ina Hus\u00e1kov\u00e1.<\/p>\n<\/div>","protected":false},"author":1,"featured_media":0,"comment_status":"open","ping_status":"closed","sticky":false,"template":"","format":"standard","meta":{"footnotes":""},"categories":[9],"tags":[],"class_list":["post-26371","post","type-post","status-publish","format-standard","hentry","category-zpravy"],"_links":{"self":[{"href":"https:\/\/www.invarena.cz\/index.php?rest_route=\/wp\/v2\/posts\/26371","targetHints":{"allow":["GET"]}}],"collection":[{"href":"https:\/\/www.invarena.cz\/index.php?rest_route=\/wp\/v2\/posts"}],"about":[{"href":"https:\/\/www.invarena.cz\/index.php?rest_route=\/wp\/v2\/types\/post"}],"author":[{"embeddable":true,"href":"https:\/\/www.invarena.cz\/index.php?rest_route=\/wp\/v2\/users\/1"}],"replies":[{"embeddable":true,"href":"https:\/\/www.invarena.cz\/index.php?rest_route=%2Fwp%2Fv2%2Fcomments&post=26371"}],"version-history":[{"count":0,"href":"https:\/\/www.invarena.cz\/index.php?rest_route=\/wp\/v2\/posts\/26371\/revisions"}],"wp:attachment":[{"href":"https:\/\/www.invarena.cz\/index.php?rest_route=%2Fwp%2Fv2%2Fmedia&parent=26371"}],"wp:term":[{"taxonomy":"category","embeddable":true,"href":"https:\/\/www.invarena.cz\/index.php?rest_route=%2Fwp%2Fv2%2Fcategories&post=26371"},{"taxonomy":"post_tag","embeddable":true,"href":"https:\/\/www.invarena.cz\/index.php?rest_route=%2Fwp%2Fv2%2Ftags&post=26371"}],"curies":[{"name":"wp","href":"https:\/\/api.w.org\/{rel}","templated":true}]}}