{"id":26375,"date":"2016-09-14T14:04:34","date_gmt":"2016-09-14T12:04:34","guid":{"rendered":"http:\/\/www.invarena.cz\/?p=26375"},"modified":"2016-09-14T14:04:34","modified_gmt":"2016-09-14T12:04:34","slug":"bratri-cadikove-venovali-penize-potrebnym-na-konto-bariery","status":"publish","type":"post","link":"https:\/\/www.invarena.cz\/?p=26375","title":{"rendered":"Brat\u0159i \u010cad\u00edkov\u00e9 v\u011bnovali pen\u00edze pot\u0159ebn\u00fdm na Konto Bari\u00e9ry"},"content":{"rendered":"<p><strong>V Pam\u00e1tn\u00edku Lidice bylo slavnostn\u011b zakon\u010deno poj\u00edzdn\u00e9 filmov\u00e9 prom\u00edt\u00e1n\u00ed Kinematografu brat\u0159\u00ed \u010cad\u00edk\u016f. Stejn\u011b jako v minul\u00fdch letech bylo dobrovoln\u00e9 vstupn\u00e9 na projekce v\u011bnov\u00e1no na dobro\u010dinn\u00e9 \u00fa\u010dely.<\/strong> <!--more--><\/p>\n<p>Lidice \u2013 Letos bylo p\u0159ed\u00e1no 800 tis\u00edc korun tradi\u010dn\u011b Kontu Bari\u00e9ry. Symbolick\u00fd \u0161ek p\u0159evzal v Lidic\u00edch Martin Bojar, \u010dlen Spr\u00e1vn\u00ed rady nadace a zakl\u00e1daj\u00edc\u00ed \u010dlen rady Konta Bari\u00e9ry, kde zased\u00e1 23 let.<\/p>\n<p>Kinematograf brat\u0159\u00ed \u010cad\u00edk\u016f spolupracuje s Kontem Bari\u00e9ry od roku 2008, za tuto dobu dobrovoln\u00e9 vstupn\u00e9 vyneslo skoro p\u011bt a p\u016fl milionu korun.<\/p>\n<p>&#8222;D\u00edky kinematografu m\u016f\u017eeme pomoci lidem, kte\u0159\u00ed pot\u0159ebuj\u00ed n\u011bco mimo\u0159\u00e1dn\u00e9ho, ne \u00fapln\u011b standardn\u00edho. Roz\u0161i\u0159ujeme vlastn\u011b tak na\u0161i pomoc. Konto Bari\u00e9ry p\u0159isp\u00edv\u00e1 na pot\u0159ebn\u00e9 rehabilita\u010dn\u00ed a kompenza\u010dn\u00ed pom\u016fcky, odstra\u0148ov\u00e1n\u00ed bari\u00e9r, financov\u00e1n\u00ed osobn\u00ed asistence i vzd\u011bl\u00e1v\u00e1n\u00ed. Pen\u00edze z Fondu kinematografu pou\u017eijeme na \u00fapln\u011b jin\u00e9 v\u011bci. Na rehabilitaci, l\u00e9\u010debn\u00e9 pobyty, nov\u00e9 pom\u016fcky pro lidi posti\u017een\u00e9 roztrou\u0161enou skler\u00f3zou, rehabilita\u010dn\u00ed p\u0159\u00edstroje ale t\u0159eba i na elektrickou ods\u00e1va\u010dku, pulzn\u00ed oxymetr a podobn\u00e9 pot\u0159eby,&#8220; p\u0159ibl\u00ed\u017eil vyu\u017eit\u00ed prost\u0159edk\u016f profesor Bojar.<\/p>\n<p>Vstupn\u00e9 na projekce kinematografu v \u010cesku je dobrovoln\u00e9 a vybran\u00fd obnos je v\u017edy v\u011bnov\u00e1n na dobro\u010dinn\u00e9 \u00fa\u010dely.<\/p>\n<p>&#8222;Filmov\u00e9 l\u00e9to je se sponzorstv\u00edm r\u016fzn\u00fdch nadac\u00ed spjato od roku 1998. Od t\u00e9 doby bylo d\u00edky kinematografu vybr\u00e1no a nadac\u00edm v\u011bnov\u00e1no p\u0159es deset milion\u016f korun,&#8220; \u0159ekl Josef \u010cad\u00edk. Od roku 2008 (krom\u011b roku 2012) kinematograf z\u00edskan\u00e9 finan\u010dn\u00ed prost\u0159edky v\u011bnuje na Konto Bari\u00e9ry.<\/p>\n<p>&#8222;Spolupracujeme s Kinematografem brat\u0159\u00ed \u010cad\u00edk\u016f osm let a p\u0159ineslo n\u00e1m to t\u00e9m\u011b\u0159 p\u011bt a p\u016fl milionu korun. Byla i l\u00e9ta huben\u00e1, ale posledn\u00ed roky jsou to velk\u00e9m \u010d\u00e1stky. Mo\u017en\u00e1 je to i t\u00edm, \u017ee lid\u00e9 do kina chod\u00ed r\u00e1di, proto\u017ee p\u0159itom p\u0159isp\u011bj\u00ed na dobrou v\u011bc. Tak si to vysv\u011btluji j\u00e1 i pan Josef \u010cad\u00edk. M\u00e1m r\u00e1da jeho v\u011btu, kterou nikdy neopomene \u0159\u00edct: \u201aLidi n\u00e1s maj\u00ed r\u00e1di, pan\u00ed \u0159editelko, v\u00e1s (nadaci) i n\u00e1s.\u2018 Asi m\u00e1 pravdu, to leto\u0161n\u00ed l\u00e9to a kr\u00e1sn\u00fd \u0161ek je toho d\u016fkazem,&#8220; dodala Bo\u017eena Jirk\u016f.<\/p>\n<p>Leto\u0161n\u00ed putov\u00e1n\u00ed Kinematografu zakon\u010dila projekce filmu \u017divot je \u017eivot. V \u010cesku funguje projekt ji\u017e od roku 1992, kdy si brat\u0159i Josef a Pavel \u010cad\u00edkov\u00e9 po\u0159\u00eddili prvn\u00ed maringotku na prom\u00edt\u00e1n\u00ed a za\u010dali putovat po moravsk\u00e9m venkov\u011b. V sou\u010dasn\u00e9 dob\u011b je st\u011b\u017eejn\u00edm projektem Kinematografu Filmov\u00e9 l\u00e9to. V leto\u0161n\u00edm roce nav\u0161t\u00edvily projek\u010dn\u00ed vozy v\u00edce ne\u017e 100 \u010desk\u00fdch m\u011bst a obc\u00ed, co\u017e je prozat\u00edmn\u00ed rekord v cel\u00e9 historii spole\u010dnosti.<\/p>\n<p>Kladensk\u00fd den\u00edk<br \/>\n<a href=\"http:\/\/www.kladensky.denik.cz\/\">http:\/\/www.kladensky.denik.cz\/<\/a><\/p>\n","protected":false},"excerpt":{"rendered":"<div class=\"mh-excerpt\"><p>V Pam\u00e1tn\u00edku Lidice bylo slavnostn\u011b zakon\u010deno poj\u00edzdn\u00e9 filmov\u00e9 prom\u00edt\u00e1n\u00ed Kinematografu brat\u0159\u00ed \u010cad\u00edk\u016f. Stejn\u011b jako v minul\u00fdch letech bylo dobrovoln\u00e9 vstupn\u00e9 na projekce v\u011bnov\u00e1no na dobro\u010dinn\u00e9 <a class=\"mh-excerpt-more\" href=\"https:\/\/www.invarena.cz\/?p=26375\" title=\"Brat\u0159i \u010cad\u00edkov\u00e9 v\u011bnovali pen\u00edze pot\u0159ebn\u00fdm na Konto Bari\u00e9ry\">[&#8230;]<\/a><\/p>\n<\/div>","protected":false},"author":1,"featured_media":1407,"comment_status":"open","ping_status":"closed","sticky":false,"template":"","format":"standard","meta":{"footnotes":""},"categories":[9],"tags":[],"class_list":["post-26375","post","type-post","status-publish","format-standard","has-post-thumbnail","hentry","category-zpravy"],"_links":{"self":[{"href":"https:\/\/www.invarena.cz\/index.php?rest_route=\/wp\/v2\/posts\/26375","targetHints":{"allow":["GET"]}}],"collection":[{"href":"https:\/\/www.invarena.cz\/index.php?rest_route=\/wp\/v2\/posts"}],"about":[{"href":"https:\/\/www.invarena.cz\/index.php?rest_route=\/wp\/v2\/types\/post"}],"author":[{"embeddable":true,"href":"https:\/\/www.invarena.cz\/index.php?rest_route=\/wp\/v2\/users\/1"}],"replies":[{"embeddable":true,"href":"https:\/\/www.invarena.cz\/index.php?rest_route=%2Fwp%2Fv2%2Fcomments&post=26375"}],"version-history":[{"count":0,"href":"https:\/\/www.invarena.cz\/index.php?rest_route=\/wp\/v2\/posts\/26375\/revisions"}],"wp:featuredmedia":[{"embeddable":true,"href":"https:\/\/www.invarena.cz\/index.php?rest_route=\/wp\/v2\/media\/1407"}],"wp:attachment":[{"href":"https:\/\/www.invarena.cz\/index.php?rest_route=%2Fwp%2Fv2%2Fmedia&parent=26375"}],"wp:term":[{"taxonomy":"category","embeddable":true,"href":"https:\/\/www.invarena.cz\/index.php?rest_route=%2Fwp%2Fv2%2Fcategories&post=26375"},{"taxonomy":"post_tag","embeddable":true,"href":"https:\/\/www.invarena.cz\/index.php?rest_route=%2Fwp%2Fv2%2Ftags&post=26375"}],"curies":[{"name":"wp","href":"https:\/\/api.w.org\/{rel}","templated":true}]}}