{"id":26381,"date":"2016-09-14T14:28:19","date_gmt":"2016-09-14T12:28:19","guid":{"rendered":"http:\/\/www.invarena.cz\/?p=26381"},"modified":"2016-09-14T14:28:19","modified_gmt":"2016-09-14T12:28:19","slug":"dobrovolnici-s-tykadly-na-hlavach-a-lucernami-pokracuje-14-rocnik-sbirky-pro-svetlusku","status":"publish","type":"post","link":"https:\/\/www.invarena.cz\/?p=26381","title":{"rendered":"Dobrovoln\u00edci s tykadly na hlav\u00e1ch a lucernami. Pokra\u010duje 14. ro\u010dn\u00edk sb\u00edrky pro Sv\u011btlu\u0161ku"},"content":{"rendered":"<p><strong>Po cel\u00e9m \u010cesku m\u016f\u017eete a\u017e do p\u00e1tku potk\u00e1vat tis\u00edce dobrovoln\u00edk\u016f a koupit si od nich n\u00e1ramky, tykadla a dal\u0161\u00ed drobnosti. P\u0159isp\u011bjete na dobrou v\u011bc &#8211; pom\u016f\u017eete nevidom\u00fdm. Pokra\u010duje tak 14. ro\u010dn\u00edk sb\u00edrky pro Sv\u011btlu\u0161ku.<\/strong> <!--more--><\/p>\n<p>V p\u0159enosov\u00e9m vozu Radio\u017eurn\u00e1lu na pra\u017esk\u00e9m And\u011blu na ot\u00e1zky o sb\u00edrce odpov\u00eddala jej\u00ed vedouc\u00ed Linda Va\u0148kov\u00e1.<\/p>\n<p>Jak v ulic\u00edch pozn\u00e1me dobrovoln\u00edky, kte\u0159\u00ed prod\u00e1vaj\u00ed \u201asv\u011btlu\u0161\u010d\u00ed\u2018 p\u0159edm\u011bty?<\/p>\n<p>Pozn\u00e1te je snadno. Na hlav\u00e1ch maj\u00ed tykadla jako spr\u00e1vn\u00e9 sv\u011btlu\u0161ky. Maj\u00ed \u010dern\u00e1 tri\u010dka s logem Sv\u011btlu\u0161ky nebo \u017elut\u00e1 s n\u00e1pisem \u201aSv\u00edt\u00ed\u0161\u2018. Z\u00e1rove\u0148 maj\u00ed pokladni\u010dky ve tvaru lucerny, do kter\u00fdch m\u016f\u017eete p\u0159isp\u011bt a podpo\u0159\u00edte t\u00edm nevidom\u00e9 a t\u011b\u017ece zrakov\u011b posti\u017een\u00e9 d\u011bti a dosp\u011bl\u00e9 po cel\u00e9 \u010cesk\u00e9 republice.<\/p>\n<p>Kolik t\u011bch dobrovoln\u00edk\u016f ve \u017elut\u00fdch a \u010dern\u00fdch tri\u010dk\u00e1ch vlastn\u011b je?<\/p>\n<p>M\u00e1me 7,5 tis\u00edce dobrovoln\u00edk\u016f a tak\u00e9 je\u0161t\u011b prob\u00edh\u00e1 sb\u00edrka v mate\u0159sk\u00fdch \u0161kolk\u00e1ch. Kdo neulov\u00ed sv\u011btlu\u0161ky na ulic\u00edch, m\u016f\u017ee p\u0159isp\u011bt v knihovn\u00e1ch.<\/p>\n<p>Radio\u017eurn\u00e1l od 9. dopoledne vys\u00edl\u00e1 \u017eiv\u011b z pra\u017esk\u00e9ho And\u011bla. Co na And\u011blu Sv\u011btlu\u0161ka p\u0159ipravila?<\/p>\n<p>M\u00e1me b\u00e1je\u010dnou zmrzlinu, seshora n\u00e1m poslali kr\u00e1sn\u00e9 po\u010das\u00ed, u\u017e v\u010dera tady byly fronty. M\u00e1me ji v mnoha p\u0159\u00edchut\u00edch a opravdu si ji v\u0161ichni nemohli vynachv\u00e1lit, tak\u017ee p\u0159ij\u010fte na zmrzlinu. Potom tu budou zn\u00e1m\u00e9 osobnosti samoz\u0159ejm\u011b z \u010cesk\u00e9ho rozhlasu, bude tu t\u0159eba i Honza Kova\u0159\u00edk. Ve \u010dty\u0159i hodiny bude bubnovat Tokhi a jeho Groove Army, neuv\u011b\u0159iteln\u00e1 bubenick\u00e1 show, na kterou i v\u010dera st\u00e1ly z\u00e1stupy lid\u00ed. Bude tam i n\u00e1\u0161 sv\u011btlu\u0161\u010d\u00ed matador Pavel Nov\u00fd.<\/p>\n<p>Lid\u00e9 m\u016f\u017eou na Sv\u011btlu\u0161ku p\u0159isp\u00edvat a\u017e do p\u00e1tku, na co p\u0159esn\u011b pak pen\u00edze poputuj\u00ed, mezi koho je rozd\u011bl\u00edte?<\/p>\n<p>Budeme podporovat, jako u\u017e 14 let, zrakov\u011b posti\u017een\u00e9 d\u011bti. P\u0159isp\u00edvat na ranou p\u00e9\u010di pro ty, kdo maj\u00ed je\u0161t\u011b zbytky zraku, aby se mohli aspo\u0148 trochu rozkoukat a udr\u017eeli zbytky, kter\u00e9 maj\u00ed. Budeme p\u0159isp\u00edvat na stipendia, pedagogick\u00e9 asistence pro d\u011bti, aby mohly chodit se sv\u00fdmi kamar\u00e1dy do \u0161koly, na p\u0159eklady u\u010debnic do Braillova p\u00edsma, vod\u00edc\u00ed psy, kompenza\u010dn\u00ed pom\u016fcky, senior\u016fm na asistence. Prost\u011b se budeme sna\u017eit ud\u011blat nevidom\u00fdm \u017eivot alespo\u0148 trochu jednodu\u0161\u00ed.<\/p>\n<p>Pokud by cht\u011bl n\u011bkdo Sv\u011btlu\u0161ku podpo\u0159it, ale nem\u00e1 t\u0159eba \u010das, aby p\u0159i\u0161el osobn\u011b na m\u00edsta, kde jsou dobrovoln\u00edci, jak na to?<\/p>\n<p>M\u016f\u017eou n\u00e1m poslat DMS ve tvaru DMS svetluska na \u010d\u00edslo 87 777 nebo dar na konto Sv\u011btlu\u0161ky &#8222;Deset dev\u00edtek&#8220; 9999999999\/0100. Mohou si tak\u00e9 otev\u0159\u00edt webov\u00e9 str\u00e1nky svitis.cz, kde lze p\u0159isp\u011bt p\u0159es platebn\u00ed br\u00e1nu.<\/p>\n<p>Podrobn\u011bj\u0161\u00ed informace o projektu Nada\u010dn\u00edho fondu \u010cesk\u00e9ho rozhlasu Sv\u011btlu\u0161ka najdete na webu rozhlas.cz\/svetluska.<\/p>\n<p><a href=\"http:\/\/www.rozhlas.cz\">http:\/\/www.rozhlas.cz<\/a><\/p>\n","protected":false},"excerpt":{"rendered":"<div class=\"mh-excerpt\"><p>Po cel\u00e9m \u010cesku m\u016f\u017eete a\u017e do p\u00e1tku potk\u00e1vat tis\u00edce dobrovoln\u00edk\u016f a koupit si od nich n\u00e1ramky, tykadla a dal\u0161\u00ed drobnosti. P\u0159isp\u011bjete na dobrou v\u011bc &#8211; <a class=\"mh-excerpt-more\" href=\"https:\/\/www.invarena.cz\/?p=26381\" title=\"Dobrovoln\u00edci s tykadly na hlav\u00e1ch a lucernami. Pokra\u010duje 14. ro\u010dn\u00edk sb\u00edrky pro Sv\u011btlu\u0161ku\">[&#8230;]<\/a><\/p>\n<\/div>","protected":false},"author":1,"featured_media":10245,"comment_status":"open","ping_status":"closed","sticky":false,"template":"","format":"standard","meta":{"footnotes":""},"categories":[9],"tags":[],"class_list":["post-26381","post","type-post","status-publish","format-standard","has-post-thumbnail","hentry","category-zpravy"],"_links":{"self":[{"href":"https:\/\/www.invarena.cz\/index.php?rest_route=\/wp\/v2\/posts\/26381","targetHints":{"allow":["GET"]}}],"collection":[{"href":"https:\/\/www.invarena.cz\/index.php?rest_route=\/wp\/v2\/posts"}],"about":[{"href":"https:\/\/www.invarena.cz\/index.php?rest_route=\/wp\/v2\/types\/post"}],"author":[{"embeddable":true,"href":"https:\/\/www.invarena.cz\/index.php?rest_route=\/wp\/v2\/users\/1"}],"replies":[{"embeddable":true,"href":"https:\/\/www.invarena.cz\/index.php?rest_route=%2Fwp%2Fv2%2Fcomments&post=26381"}],"version-history":[{"count":0,"href":"https:\/\/www.invarena.cz\/index.php?rest_route=\/wp\/v2\/posts\/26381\/revisions"}],"wp:featuredmedia":[{"embeddable":true,"href":"https:\/\/www.invarena.cz\/index.php?rest_route=\/wp\/v2\/media\/10245"}],"wp:attachment":[{"href":"https:\/\/www.invarena.cz\/index.php?rest_route=%2Fwp%2Fv2%2Fmedia&parent=26381"}],"wp:term":[{"taxonomy":"category","embeddable":true,"href":"https:\/\/www.invarena.cz\/index.php?rest_route=%2Fwp%2Fv2%2Fcategories&post=26381"},{"taxonomy":"post_tag","embeddable":true,"href":"https:\/\/www.invarena.cz\/index.php?rest_route=%2Fwp%2Fv2%2Ftags&post=26381"}],"curies":[{"name":"wp","href":"https:\/\/api.w.org\/{rel}","templated":true}]}}