{"id":26398,"date":"2017-01-25T19:04:02","date_gmt":"2017-01-25T18:04:02","guid":{"rendered":"http:\/\/www.invarena.cz\/?p=26398"},"modified":"2017-01-25T19:04:02","modified_gmt":"2017-01-25T18:04:02","slug":"muz-s-transplantovanym-srdcem-lituje-ze-nema-vice-casu","status":"publish","type":"post","link":"https:\/\/www.invarena.cz\/?p=26398","title":{"rendered":"Mu\u017e s transplantovan\u00fdm srdcem lituje, \u017ee nem\u00e1 v\u00edce \u010dasu"},"content":{"rendered":"<p>Petr Hrouzek z Mokr\u00e9 u Brna je pohod\u00e1\u0159. Bl\u00edzc\u00ed ho znaj\u00ed jako milovn\u00edka myslivosti a tak\u00e9 \u00fasp\u011b\u0161n\u00e9ho lovce. Kdo v\u0161ak nezn\u00e1 pades\u00e1tilet\u00e9ho mu\u017ee bl\u00ed\u017e, jen t\u011b\u017eko by uv\u011b\u0159il, \u017ee tento vit\u00e1ln\u00ed chlap\u00edk, kter\u00fd je invalidn\u00ed d\u016fchodce, u\u017e 23 let \u017eije s ciz\u00edm srdcem a je druh\u00fdm \u010dlov\u011bkem, kter\u00e9mu slou\u017e\u00ed tento org\u00e1n tak dlouho v t\u011ble.<!--more--><br \/>\n&#8222;Ne\u017e jsem onemocn\u011bl srde\u010dn\u00edm z\u00e1n\u011btem, byl jsem, mysl\u00edm, \u00fapln\u011b zdrav\u00fd \u010dlov\u011bk. Pak ale nastaly komplikace a \u0161lo to hodn\u011b rychle z kopce. Nemohl jsem d\u00fdchat, dusil jsem se, org\u00e1ny, j\u00e1tra mn\u011b vynech\u00e1valy \u010dinnost. Mysl\u00edm, \u017ee k smrti jsem m\u011bl hodn\u011b bl\u00edzko,&#8220; vzpom\u00edn\u00e1 mu\u017e, kter\u00fd byl p\u016fvodn\u011b mal\u00ed\u0159em nat\u011bra\u010dem.<br \/>\nI vzhledem ke sv\u00e9mu tehdej\u0161\u00edmu zdravotn\u00edmu stavu m\u011bl Petr \u0161t\u011bst\u00ed. N\u00e1hradn\u00ed org\u00e1n se pro n\u011bj na\u0161el za jedin\u00fd m\u011bs\u00edc. &#8222;Byl jsem v dost uboh\u00e9m stavu a po transplantaci jsem se doslova podruh\u00e9 narodil,&#8220; konstatuje mu\u017e, kter\u00e9mu nemoc paradoxn\u011b p\u0159inesla i zcela nov\u00e9 \u017eivotn\u00ed z\u00e1liby.<br \/>\n&#8222;Za\u010dal jsem v\u010dela\u0159it, chodit do lesa, na\u0161el jsem z\u00e1libu v myslivosti, chozen\u00ed do p\u0159\u00edrody a to m\u011b dr\u017e\u00ed dodne\u0161ka,&#8220; popisuje pan Hrouzek s t\u00edm, \u017ee ned\u00e1 dopustit na p\u00e1tek t\u0159in\u00e1ct\u00e9ho. Pr\u00e1v\u011b tento den, kter\u00fd mnoz\u00ed pova\u017euj\u00ed za ne\u0161\u0165astn\u00fd, byl \u00fasp\u011b\u0161n\u011b operov\u00e1n v Centru kardiovaskul\u00e1rn\u00ed a transplanta\u010dn\u00ed chirurgie v Brn\u011b.<br \/>\nJak s\u00e1m \u0159\u00edk\u00e1, nyn\u00ed \u017eije naplno, nepoci\u0165uje \u017e\u00e1dn\u00e1 omezen\u00ed. &#8222;Samoz\u0159ejm\u011b mus\u00edm br\u00e1t pot\u0159ebn\u00e9 l\u00e9ky, kter\u00e9 maj\u00ed v\u0161ichni po transplantaci, ale j\u00edm a piju s m\u00edrou v\u0161e, za celou tu dobu jsem m\u011bl jen dvakr\u00e1t v\u011bt\u0161\u00ed zdravotn\u00ed komplikace,&#8220; pochvaluje si dobrou pr\u00e1ci l\u00e9ka\u0159\u016f, kte\u0159\u00ed jej operovali a pod jejich\u017e dozorem je dodnes, pacient.<br \/>\n&#8222;V lese je hodn\u011b \u010dasto a st\u0159\u00edl\u00ed dob\u0159e. U\u017e nejednou mn\u011b p\u0159i\u0161la esemeska, dcerunko, trefil jsem dob\u0159e, divo\u010d\u00e1k m\u00e1 kolem \u0161edes\u00e1ti kilogram\u016f, p\u0159iprav se, budeme va\u0159it,&#8220; sm\u011bje se devaten\u00e1ctilet\u00e1 dcera Vendula, kter\u00e1 p\u0159i\u0161la na sv\u011bt \u010dty\u0159i roky po t\u00e1tov\u011b transplantaci. P\u0159esto v\u0161ak otci vy\u010d\u00edt\u00e1, \u017ee se d\u0159\u00edv a\u017e p\u0159\u00edli\u0161 \u010dasto p\u0159ed n\u00ed i p\u0159ed rodinou zmi\u0148oval o tom, \u017ee nev\u00ed, jak dlouho bude \u017e\u00edt. &#8222;To byl tak\u00e9 jeden z d\u016fvod\u016f, pro\u010d nem\u00e1me d\u011bt\u00ed v\u00edc. Kdybych v\u011bd\u011bl, \u017ee budu s nov\u00fdm srdcem \u017e\u00edt tak dlouho, mysl\u00edm, \u017ee by Vendula nez\u016fstala sama,&#8220; sv\u011b\u0159il se pan Hrouzek.<br \/>\nV Brn\u011b se setkal nejen se sv\u00fdmi o\u0161et\u0159uj\u00edc\u00edmi a dal\u0161\u00edmi l\u00e9ka\u0159i, ale i s dal\u0161\u00edmi lidmi s transplantovan\u00fdm srdcem v\u010detn\u011b nejd\u00e9le \u017eij\u00edc\u00edho, letos osmdes\u00e1tilet\u00e9ho Rudolfa Sekavy, kter\u00fd byl operov\u00e1n v Praze a s darovan\u00fdm srdcem \u017eije 32 let. Setk\u00e1n\u00ed s l\u00e9ka\u0159i organizuje \u2013 letos u\u017e po \u010dtvrt\u00e9 \u2013 dal\u0161\u00ed z pacient\u016f, Franti\u0161ek Kom\u00ednek.<br \/>\n&#8222;Poprv\u00e9 to bylo ve Valtic\u00edch, kde se n\u00e1s s l\u00e9ka\u0159i se\u0161lo sedm pacient\u016f. Druh\u00fd rok v l\u00e1zn\u00edch Teplice n\u00e1s bylo ji\u017e 13, do l\u00e1zn\u00ed Slatinice p\u0159ijelo loni 30 pacient\u016f s po\u010detn\u00fdm rodinn\u00fdm doprovodem a letos v Karlov\u011b Stud\u00e1nce n\u00e1s bude u\u017e pades\u00e1t, v\u011bt\u0161inou s rodinami. Douf\u00e1m, \u017ee t\u00fdmu l\u00e9ka\u0159\u016f oplat\u00edme letos m\u00edrnou por\u00e1\u017eku z lo\u0148ska ve volejbale a \u017ee se mezi n\u00e1mi najdou i dob\u0159\u00ed tenist\u00e9, proto\u017ee si to rozd\u00e1me i v tomto sportu,&#8220; dod\u00e1v\u00e1 pan Kom\u00ednek.<br \/>\nTen si pochvaluje, \u017ee mimo p\u0159ed\u00e1v\u00e1n\u00ed zku\u0161enost\u00ed mezi pacienty a l\u00e9ka\u0159i navz\u00e1jem jde i o p\u0159\u00edle\u017eitost, kdy se p\u0159i takov\u00e9m pobytu mezi pacientem a l\u00e9ka\u0159em vytr\u00e1c\u00ed zn\u00e1m\u00fd &#8222;syndrom b\u00edl\u00e9ho pl\u00e1\u0161t\u011b&#8220;.<br \/>\n&#8222;Nejsem p\u0159\u00edli\u0161 spole\u010densk\u00fd, tak jsem se dosud t\u00e9to akci vyh\u00fdbal. Te\u010f m\u011b ale dcera p\u0159emluvila a mysl\u00edm, \u017ee nebudu litovat,&#8220; \u0159\u00edk\u00e1 Hrouzek, kter\u00fd u\u017e \u2013 stejn\u011b jako v\u0161ichni transplantovan\u00ed \u2013 dostal i druh\u00fd rodn\u00fd list.<br \/>\n&#8222;Bohu\u017eel ne v\u0161ichni maj\u00ed takov\u00e9 \u0161t\u011bst\u00ed. Nejv\u011bt\u0161\u00ed probl\u00e9m je s nedostatkem org\u00e1n\u016f od d\u00e1rc\u016f. V posledn\u00ed dob\u011b je v \u010cesk\u00e9 republice zhruba 20 d\u00e1rc\u016f na mili\u00f3n obyvatel. Z t\u011bchto dvaceti d\u00e1rc\u016f je v\u0161ak vhodn\u00e1 pro operaci srdce jen asi t\u0159etina. Na \u010dekac\u00edch listin\u00e1ch jen v Brn\u011b v\u0161ak je 40 pacient\u016f a p\u0159itom my d\u011bl\u00e1me jen t\u0159icet operac\u00ed,&#8220; popsal probl\u00e9my \u0159editel CKTCH Brno, kde se loni uskute\u010dnila ji\u017e 500. operace srdce, Petr N\u011bmec.<\/p>\n<p>Miroslav Homola<br \/>\nPr\u00e1vo<\/p>\n","protected":false},"excerpt":{"rendered":"<div class=\"mh-excerpt\"><p>Petr Hrouzek z Mokr\u00e9 u Brna je pohod\u00e1\u0159. Bl\u00edzc\u00ed ho znaj\u00ed jako milovn\u00edka myslivosti a tak\u00e9 \u00fasp\u011b\u0161n\u00e9ho lovce. Kdo v\u0161ak nezn\u00e1 pades\u00e1tilet\u00e9ho mu\u017ee bl\u00ed\u017e, jen <a class=\"mh-excerpt-more\" href=\"https:\/\/www.invarena.cz\/?p=26398\" title=\"Mu\u017e s transplantovan\u00fdm srdcem lituje, \u017ee nem\u00e1 v\u00edce \u010dasu\">[&#8230;]<\/a><\/p>\n<\/div>","protected":false},"author":1,"featured_media":0,"comment_status":"open","ping_status":"closed","sticky":false,"template":"","format":"standard","meta":{"footnotes":""},"categories":[9],"tags":[],"class_list":["post-26398","post","type-post","status-publish","format-standard","hentry","category-zpravy"],"_links":{"self":[{"href":"https:\/\/www.invarena.cz\/index.php?rest_route=\/wp\/v2\/posts\/26398","targetHints":{"allow":["GET"]}}],"collection":[{"href":"https:\/\/www.invarena.cz\/index.php?rest_route=\/wp\/v2\/posts"}],"about":[{"href":"https:\/\/www.invarena.cz\/index.php?rest_route=\/wp\/v2\/types\/post"}],"author":[{"embeddable":true,"href":"https:\/\/www.invarena.cz\/index.php?rest_route=\/wp\/v2\/users\/1"}],"replies":[{"embeddable":true,"href":"https:\/\/www.invarena.cz\/index.php?rest_route=%2Fwp%2Fv2%2Fcomments&post=26398"}],"version-history":[{"count":0,"href":"https:\/\/www.invarena.cz\/index.php?rest_route=\/wp\/v2\/posts\/26398\/revisions"}],"wp:attachment":[{"href":"https:\/\/www.invarena.cz\/index.php?rest_route=%2Fwp%2Fv2%2Fmedia&parent=26398"}],"wp:term":[{"taxonomy":"category","embeddable":true,"href":"https:\/\/www.invarena.cz\/index.php?rest_route=%2Fwp%2Fv2%2Fcategories&post=26398"},{"taxonomy":"post_tag","embeddable":true,"href":"https:\/\/www.invarena.cz\/index.php?rest_route=%2Fwp%2Fv2%2Ftags&post=26398"}],"curies":[{"name":"wp","href":"https:\/\/api.w.org\/{rel}","templated":true}]}}