{"id":26428,"date":"2016-09-23T14:10:51","date_gmt":"2016-09-23T12:10:51","guid":{"rendered":"http:\/\/www.invarena.cz\/?p=26428"},"modified":"2016-09-23T14:10:51","modified_gmt":"2016-09-23T12:10:51","slug":"jsem-neslysici-je-sance-na-ziskani-invalidniho-duchodu","status":"publish","type":"post","link":"https:\/\/www.invarena.cz\/?p=26428","title":{"rendered":"Jsem nesly\u0161\u00edc\u00ed, je \u0161ance na z\u00edsk\u00e1n\u00ed invalidn\u00edho d\u016fchodu?"},"content":{"rendered":"<p><strong>Dotaz:<br \/>\nUva\u017euji o pod\u00e1n\u00ed \u017e\u00e1dosti o invalidn\u00ed d\u016fchod. Lev\u00e9 ucho- ztr\u00e1ta 100% \u00dapln\u00e1 hluchota. Prav\u00e9 ucho ztr\u00e1ta 53,2%. Celkov\u00e1 ztr\u00e1ta 64,9%. Kompenzace sluchadlem je mo\u017en\u00e1 jen na prav\u00e9m uchu. Nesly\u0161\u00edm od dvou let po z\u00e1n\u011btu mozkov\u00fdch blan. Je \u0161ance na p\u0159id\u011blen\u00ed invalidn\u00edho d\u016fchodu?<\/strong><br \/>\n<!--more--><br \/>\nOdpov\u011b\u010f:<br \/>\nVe Va\u0161em p\u0159\u00edpad\u011b se d\u00e1 jen doporu\u010dit, abyste si o invalidn\u00ed d\u016fchod za\u017e\u00e1dala. O tom, zda V\u00e1m bude n\u011bkter\u00fd ze t\u0159\u00ed stup\u0148\u016f invalidity p\u0159izn\u00e1n, rozhodne L\u00e9ka\u0159sk\u00e1 posudkov\u00e1 slu\u017eba \u010cSSZ a to na z\u00e1klad\u011b zdravotn\u00ed dokumentace zaslan\u00e9 Va\u0161\u00edm o\u0161et\u0159uj\u00edc\u00edm l\u00e9ka\u0159em.<br \/>\n\u201aPoji\u0161t\u011bnec je invalidn\u00ed, jestli\u017ee z d\u016fvodu dlouhodob\u011b nep\u0159\u00edzniv\u00e9ho zdravotn\u00edho stavu nastal pokles jeho pracovn\u00ed schopnosti nejm\u00e9n\u011b o 35 %.<br \/>\nJestli\u017ee pracovn\u00ed schopnost poji\u0161t\u011bnce poklesla<br \/>\na. nejm\u00e9n\u011b o 35 %, av\u0161ak nejv\u00edce o 49 %, jedn\u00e1 se o invaliditu prvn\u00edho stupn\u011b,<br \/>\nb. nejm\u00e9n\u011b o 50 %, av\u0161ak nejv\u00edce o 69 %, jedn\u00e1 se o invaliditu druh\u00e9ho stupn\u011b,<br \/>\nc. nejm\u00e9n\u011b o 70 %, jedn\u00e1 se o invaliditu t\u0159et\u00edho stupn\u011b.\u201a<\/p>\n<p>Ned\u00e1 se s jistotou \u0159\u00edci, na jak\u00fd stupe\u0148 ID byste mohla m\u00edt n\u00e1rok, pro p\u0159edstavu ale je\u0161t\u011b p\u0159ikl\u00e1d\u00e1m druhy posti\u017een\u00ed a s nimi spojenou m\u00edru poklesu pracovn\u00ed schopnosti:<br \/>\nM\u00edra poklesu pracovn\u00ed schopnosti v %<br \/>\n1<br \/>\nOboustrann\u00e1 praktick\u00e1 hluchota<br \/>\nztr\u00e1ta sluchu p\u0159i t\u00f3nov\u00e9 audiometrii v rozsahu 70-90 dB, zbytkov\u00fd sluch se ztr\u00e1tou sly\u0161en\u00ed 85-90%,<br \/>\nsluchov\u011b posti\u017een\u00fd je schopen vn\u00edmat zvuk mluven\u00e9 \u0159e\u010di jen se sluchadlem, ale rozum\u00ed mu jen minim\u00e1ln\u011b (z 10-15%)<br \/>\n40<br \/>\n2<br \/>\nOboustrann\u00e1 \u00fapln\u00e1 hluchota<br \/>\nneschopnost sly\u0161et zvuky a rozum\u011bt \u0159e\u010di ani s nejv\u00fdkonn\u011bj\u0161\u00edm sluchadlem<br \/>\n50-60<br \/>\n3<br \/>\nOboustrann\u00e1 \u00fapln\u00e1 nebo praktick\u00e1 hluchota,<br \/>\nse z\u00e1va\u017en\u00fdm posti\u017een\u00edm intelektu nebo zraku na \u00farovni t\u011b\u017ek\u00e9 slabozrakosti obou o\u010d\u00ed<br \/>\n70-80<br \/>\n4<br \/>\nHluchota s poruchami komunikace po implantaci kochle\u00e1rn\u00ed nebo kmenov\u00e9 neuroprot\u00e9zy (kmenov\u00fd implant\u00e1t)<\/p>\n<p>4a<br \/>\nschopnost rozum\u011bn\u00ed \u0159e\u010di bez odez\u00edr\u00e1n\u00ed, telefonov\u00e1n\u00ed, komunikace na \u00farovni lehk\u00e9 nedosl\u00fdchavosti<br \/>\n15<br \/>\n4b<br \/>\nschopnost bez odez\u00edr\u00e1n\u00ed rozum\u011bt b\u011b\u017en\u00fdm fr\u00e1z\u00edm a frekventovan\u00fdm slovn\u00edm spojen\u00edm, identifikovat obecn\u00e9 zvuky, komunikace na \u00farovni st\u0159edn\u011b t\u011b\u017ek\u00e9 a\u017e t\u011b\u017ek\u00e9 nedosl\u00fdchavosti, podle rozsahu poruchy<br \/>\n20-35<br \/>\n4c<br \/>\ndiferenciace jen obecn\u00fdch zvuk\u016f, detekce zvuku, minim\u00e1ln\u00ed rozum\u011bn\u00ed \u0159e\u010di, komunikace na \u00farovni praktick\u00e9 hluchoty nebo neschopnost sly\u0161et zvuky a rozum\u011bt \u0159e\u010di, komunikace na \u00farovni \u00fapln\u00e9 hluchoty, podle rozsahu poruchy<br \/>\n40-60<br \/>\n5<br \/>\nOboustrann\u00e1 t\u011b\u017ek\u00e1 nedosl\u00fdchavost<br \/>\nztr\u00e1ta sluchu v rozsahu 56-69 dB, ztr\u00e1ta sly\u0161en\u00ed 65-84%<\/p>\n<p>5a<br \/>\np\u0159i pou\u017e\u00edv\u00e1n\u00ed sluchadel s dobr\u00fdmi komunika\u010dn\u00edmi schopnostmi<br \/>\n25<br \/>\n5b<br \/>\np\u0159i pou\u017e\u00edv\u00e1n\u00ed sluchadel s omezen\u00fdmi komunika\u010dn\u00edmi schopnostmi, bez odez\u00edr\u00e1n\u00ed rozum\u011bn\u00ed pouze b\u011b\u017en\u00fdm fr\u00e1z\u00edm a frekventovan\u00fdm slovn\u00edm spojen\u00edm, schopnost identifikovat obecn\u00e9 zvuky<br \/>\n35<br \/>\n6<br \/>\nOboustrann\u00e1 st\u0159edn\u011b t\u011b\u017ek\u00e1 nedosl\u00fdchavost<br \/>\nztr\u00e1ta sluchu v rozsahu 41-55 dB, ztr\u00e1ta sly\u0161en\u00ed 40-64%<br \/>\n20<br \/>\n7<br \/>\nOboustrann\u00e1 lehk\u00e1 nedosl\u00fdchavost<br \/>\nztr\u00e1ta sluchu v rozsahu 20-40 dB, ztr\u00e1ta sly\u0161en\u00ed 10-39%<br \/>\n10<\/p>\n<p>Ji\u0159\u00ed Marek<br \/>\ninvArena<\/p>\n","protected":false},"excerpt":{"rendered":"<div class=\"mh-excerpt\"><p>Dotaz: Uva\u017euji o pod\u00e1n\u00ed \u017e\u00e1dosti o invalidn\u00ed d\u016fchod. Lev\u00e9 ucho- ztr\u00e1ta 100% \u00dapln\u00e1 hluchota. Prav\u00e9 ucho ztr\u00e1ta 53,2%. Celkov\u00e1 ztr\u00e1ta 64,9%. Kompenzace sluchadlem je mo\u017en\u00e1 <a class=\"mh-excerpt-more\" href=\"https:\/\/www.invarena.cz\/?p=26428\" title=\"Jsem nesly\u0161\u00edc\u00ed, je \u0161ance na z\u00edsk\u00e1n\u00ed invalidn\u00edho d\u016fchodu?\">[&#8230;]<\/a><\/p>\n<\/div>","protected":false},"author":3,"featured_media":21147,"comment_status":"open","ping_status":"closed","sticky":false,"template":"","format":"standard","meta":{"footnotes":""},"categories":[18,9],"tags":[],"class_list":["post-26428","post","type-post","status-publish","format-standard","has-post-thumbnail","hentry","category-poradna","category-zpravy"],"_links":{"self":[{"href":"https:\/\/www.invarena.cz\/index.php?rest_route=\/wp\/v2\/posts\/26428","targetHints":{"allow":["GET"]}}],"collection":[{"href":"https:\/\/www.invarena.cz\/index.php?rest_route=\/wp\/v2\/posts"}],"about":[{"href":"https:\/\/www.invarena.cz\/index.php?rest_route=\/wp\/v2\/types\/post"}],"author":[{"embeddable":true,"href":"https:\/\/www.invarena.cz\/index.php?rest_route=\/wp\/v2\/users\/3"}],"replies":[{"embeddable":true,"href":"https:\/\/www.invarena.cz\/index.php?rest_route=%2Fwp%2Fv2%2Fcomments&post=26428"}],"version-history":[{"count":0,"href":"https:\/\/www.invarena.cz\/index.php?rest_route=\/wp\/v2\/posts\/26428\/revisions"}],"wp:featuredmedia":[{"embeddable":true,"href":"https:\/\/www.invarena.cz\/index.php?rest_route=\/wp\/v2\/media\/21147"}],"wp:attachment":[{"href":"https:\/\/www.invarena.cz\/index.php?rest_route=%2Fwp%2Fv2%2Fmedia&parent=26428"}],"wp:term":[{"taxonomy":"category","embeddable":true,"href":"https:\/\/www.invarena.cz\/index.php?rest_route=%2Fwp%2Fv2%2Fcategories&post=26428"},{"taxonomy":"post_tag","embeddable":true,"href":"https:\/\/www.invarena.cz\/index.php?rest_route=%2Fwp%2Fv2%2Ftags&post=26428"}],"curies":[{"name":"wp","href":"https:\/\/api.w.org\/{rel}","templated":true}]}}