{"id":26451,"date":"2016-09-23T14:15:31","date_gmt":"2016-09-23T12:15:31","guid":{"rendered":"http:\/\/www.invarena.cz\/?p=26451"},"modified":"2016-09-23T14:15:31","modified_gmt":"2016-09-23T12:15:31","slug":"festival-tyden-komunikace-osob-se-sluchovym-postizenim","status":"publish","type":"post","link":"https:\/\/www.invarena.cz\/?p=26451","title":{"rendered":"Festival T\u00fdden komunikace osob se sluchov\u00fdm posti\u017een\u00edm"},"content":{"rendered":"<p><em>NEN\u00cd TICHO JAKO TICHO &#8211; Kampa\u0148 za sn\u00ed\u017een\u00ed hlasitosti doprovodn\u00fdch zvuk\u016f aneb Kdy\u017e se d\u00edv\u00e1te na televizi, rozum\u00edte v\u017edy mluven\u00e9mu slovu?<\/em><strong><!--more--><\/p>\n<p>V Sen\u00e1tu P\u010cR prob\u011bhlo, za \u00fa\u010dasti Ing. Zde\u0148ka \u0160kromacha, ofici\u00e1ln\u00ed zah\u00e1jen\u00ed 5. ro\u010dn\u00edku festivalu T\u00fdden komunikace osob se sluchov\u00fdm posti\u017een\u00edm.<\/p>\n<p>5. ro\u010dn\u00edk festivalu T\u00fdden komunikace osob se sluchov\u00fdm posti\u017een\u00edm prob\u00edh\u00e1 v term\u00ednu 24. 9. 2016 a\u017e 2. 10. 2016, navazuje tak na T\u00fdden sluchov\u011b posti\u017een\u00fdch ve Zl\u00ednsk\u00e9m kraji. C\u00edlem festivalu je \u0161\u00ed\u0159it osv\u011btu v oblasti sluchov\u00e9ho posti\u017een\u00ed, bo\u0159it bari\u00e9ry v komunikaci, \u0161\u00ed\u0159it pravidla komunikace a propagovat komunika\u010dn\u00ed prost\u0159edky &#8211; simult\u00e1nn\u00ed p\u0159epis a tlumo\u010den\u00ed do znakov\u00e9ho jazyka.<\/p>\n<p>Na semin\u00e1\u0159i zazn\u011bla aktu\u00e1ln\u00ed data t\u00fdkaj\u00edc\u00ed se sluchov\u00e9ho posti\u017een\u00ed. Jaroslav Winter, \u0161\u00e9fredaktor www.heplnet.cz, ve sv\u00e9m p\u0159\u00edsp\u011bvku p\u0159edstavil slu\u017eby nab\u00edzen\u00e9 lidem se sluchov\u00fdm posti\u017een\u00edm. &#8222;Situace se zlep\u0161uje a jsem r\u00e1d, \u017ee d\u00edky T\u00fddnu komunikace osob se sluchov\u00fdm posti\u017een\u00edm se lep\u0161\u00ed informovanost ve\u0159ejnosti o specifik\u00e1ch sluchov\u00e9ho posti\u017een\u00ed, ale tak\u00e9 informovanost lid\u00ed se sluchov\u00fdm posti\u017een\u00edm o nov\u00fdch mo\u017enostech, kter\u00e9 jim umo\u017e\u0148uj\u00ed l\u00e9pe se srovn\u00e1vat s jejich hendikepem,&#8220; pochv\u00e1lil na z\u00e1v\u011br organiz\u00e1tory festivalu.<\/p>\n<p>Specifikace komunikace nesly\u0161\u00edc\u00edch a tlumo\u010den\u00ed do znakov\u00e9ho jazyka vysv\u011btlila Pavl\u00edna Spilkov\u00e1 z organizace SNN v \u010cR, z.s., Jana Lap\u010d\u00e1kov\u00e1 z Klubu p\u0159\u00e1tel \u010dervenob\u00edl\u00e9 hole p\u0159inesla p\u0159\u00edklad dobr\u00e9 praxe p\u00e9\u010de o hluchoslep\u00e9 osoby v N\u011bmecku. &#8222;\u00dastavn\u00ed p\u00e9\u010de pro hluchoslep\u00e9 osoby je b\u011bh na dlouhou tra\u0165!&#8220; uvedla na z\u00e1v\u011br.<\/p>\n<p>Mgr. \u0160\u00e1rka Prokopiusov\u00e1, viceprezidentka ASNEP, z.s. a prezidentka SNN v \u010cR, z.s,. vyhl\u00e1sila Kampa\u0148 za sn\u00ed\u017een\u00ed hlasitosti doprovodn\u00fdch zvuk\u016f. &#8222;V sou\u010dasn\u00e9 dob\u011b je rozd\u00edl mezi sd\u011blen\u00edm moder\u00e1tora \u010di herce a zvukov\u00e9ho pozad\u00ed pouze 10 &#8211; 15 dB. Abychom dob\u0159e rozum\u011bli, ide\u00e1ln\u00ed rozd\u00edl zvuk\u016f je 20 &#8211; 25 dB. Zvukov\u00e9 pozad\u00ed, kter\u00fdm b\u00fdv\u00e1 hudba ve filmech, seri\u00e1lech a dokumentech je zbyte\u010dn\u011b hlasit\u00e9 a ru\u0161\u00ed srozumitelnost \u0159e\u010di.&#8220; C\u00edlem kampan\u011b je dos\u00e1hnout zm\u011bny v televizn\u00edm vys\u00edl\u00e1n\u00ed zvuk\u016f a zv\u00fd\u0161it obecn\u00e9 pov\u011bdom\u00ed ve\u0159ejnost\u00ed o existenci slu\u017eeb pro osoby se sluchov\u00fdm posti\u017een\u00edm. P\u0159edstaven byl tak\u00e9 videospot ke kampani.<\/p>\n<p>Novinkou leto\u0161n\u00edho ro\u010dn\u00edku je charitativn\u00ed 1. simult\u00e1nn\u011b p\u0159episovan\u00fd Koncert pro u\u0161i, kter\u00fd prob\u011bhne v ned\u011bli 25. z\u00e1\u0159\u00ed 2016 od 13:30 hod v Divadle ABC v Praze. V\u00fdt\u011b\u017eek z koncertu putuje na tlumo\u010dnick\u00e9 slu\u017eby mimo soci\u00e1ln\u00ed slu\u017ebu, vstupenky jsou v p\u0159edprodeji Divadla ABC. Koncert pro u\u0161i moderuje Ag\u00e1ta Pracha\u0159ov\u00e1, vystoup\u00ed po ro\u010dn\u00ed um\u011bleck\u00e9 pauze Tom\u00e1\u0161 Klus, d\u00e1le M\u00ed\u0161a Tome\u0161ov\u00e1, Tom\u00e1\u0161 Trapl, V\u00edt Be\u010dv\u00e1\u0159, nesly\u0161\u00edc\u00ed podpo\u0159\u00ed tak\u00e9 nevidom\u00fd klav\u00edrista Honza Jare\u0161.<\/p>\n<p>Druhou novinkou ORBI PONTES je charitativn\u00ed kalend\u00e1\u0159 NEN\u00cd TICHO JAKO TICHO, jeho\u017e v\u00fdt\u011b\u017eek je ur\u010den na podporu \u010dinnosti Asociace organizac\u00ed nesly\u0161\u00edc\u00edch nedosl\u00fdchav\u00fdch a jejich p\u0159\u00e1tel. Kalend\u00e1\u0159 s \u010dernob\u00edl\u00fdmi foty zn\u00e1m\u00fdch tv\u00e1\u0159\u00ed se sluch\u00e1tky m\u016f\u017eete objednat emailem na tajemnice.asnep@gmail.com. Autorem fotografi\u00ed je Jan Kvarda, kmotrem Miroslav T\u00e1borsk\u00fd. Fotografie jsou k vid\u011bn\u00ed na v\u00fdstav\u011b ve \u0160vandov\u011b divadle do 5. \u0159\u00edjna 2016.<\/p>\n<p>Z\u00e1\u0161titu nad 5. ro\u010dn\u00edkem festivalu p\u0159evzali: M\u00edstop\u0159edseda Sen\u00e1tu P\u010cR Ing. Zden\u011bk \u0160kromach, Ministerstvo pr\u00e1ce a soci\u00e1ln\u00edch v\u011bc\u00ed, Ministr zdravotnictv\u00ed MUDr. Svatopluk N\u011bme\u010dek, Ministerstvo \u0161kolstv\u00ed, ml\u00e1de\u017ee a t\u011blov\u00fdchovy, Magistr\u00e1t hl. m. Prahy, radn\u00ed Daniel Hodek. Hlavn\u00edm partnerem festivalu je ji\u017e p\u00e1t\u00fdm rokem \u010cSOB, a.s. D\u00e1le d\u011bkujeme za podporu spole\u010dnostem &#8211; Segafredo Zanetti CR, Panter s.r.o., Sluchadlov\u00e1 akustika spol. s r. o., Zdravotn\u00ed poji\u0161\u0165ovna OZP, Praha 5, WTF digital, s.r.o., Janu Kvardovi. Hlavn\u00edm medi\u00e1ln\u00edm partnerem je \u0106TK Protext, d\u011bkujeme za podporu v\u0161em, kte\u0159\u00ed n\u00e1m pom\u00e1haj\u00ed \u0161\u00ed\u0159it pot\u0159ebn\u00e9 informace.<\/p>\n<p>V leto\u0161n\u00edm roce se do festivalu zapojilo cca 40 programov\u00fdch partner\u016f, akce prob\u00edhaj\u00ed ve 20 m\u011bstech, na programu naleznete na 80 r\u016fznorod\u00fdch akc\u00ed. Nejv\u00edce akc\u00ed prob\u00edh\u00e1 tradi\u010dn\u011b v Praze, na\u0161i programov\u00ed partne\u0159i po\u0159\u00e1daj\u00ed akce v Ostrav\u011b, \u010cesk\u00fdch Bud\u011bjovic\u00edch, Liberci, Brn\u011b, Karvin\u00e9, Pardubic\u00edch, Hradci Kr\u00e1lov\u00e9&#8230;. a dal\u0161\u00edch m\u00edstech &#8211; program naleznete na www.orbipontes.cz<\/p>\n","protected":false},"excerpt":{"rendered":"<div class=\"mh-excerpt\"><p>NEN\u00cd TICHO JAKO TICHO &#8211; Kampa\u0148 za sn\u00ed\u017een\u00ed hlasitosti doprovodn\u00fdch zvuk\u016f aneb Kdy\u017e se d\u00edv\u00e1te na televizi, rozum\u00edte v\u017edy mluven\u00e9mu slovu?<\/p>\n<\/div>","protected":false},"author":1,"featured_media":8948,"comment_status":"open","ping_status":"closed","sticky":false,"template":"","format":"standard","meta":{"footnotes":""},"categories":[9],"tags":[],"class_list":["post-26451","post","type-post","status-publish","format-standard","has-post-thumbnail","hentry","category-zpravy"],"_links":{"self":[{"href":"https:\/\/www.invarena.cz\/index.php?rest_route=\/wp\/v2\/posts\/26451","targetHints":{"allow":["GET"]}}],"collection":[{"href":"https:\/\/www.invarena.cz\/index.php?rest_route=\/wp\/v2\/posts"}],"about":[{"href":"https:\/\/www.invarena.cz\/index.php?rest_route=\/wp\/v2\/types\/post"}],"author":[{"embeddable":true,"href":"https:\/\/www.invarena.cz\/index.php?rest_route=\/wp\/v2\/users\/1"}],"replies":[{"embeddable":true,"href":"https:\/\/www.invarena.cz\/index.php?rest_route=%2Fwp%2Fv2%2Fcomments&post=26451"}],"version-history":[{"count":0,"href":"https:\/\/www.invarena.cz\/index.php?rest_route=\/wp\/v2\/posts\/26451\/revisions"}],"wp:featuredmedia":[{"embeddable":true,"href":"https:\/\/www.invarena.cz\/index.php?rest_route=\/wp\/v2\/media\/8948"}],"wp:attachment":[{"href":"https:\/\/www.invarena.cz\/index.php?rest_route=%2Fwp%2Fv2%2Fmedia&parent=26451"}],"wp:term":[{"taxonomy":"category","embeddable":true,"href":"https:\/\/www.invarena.cz\/index.php?rest_route=%2Fwp%2Fv2%2Fcategories&post=26451"},{"taxonomy":"post_tag","embeddable":true,"href":"https:\/\/www.invarena.cz\/index.php?rest_route=%2Fwp%2Fv2%2Ftags&post=26451"}],"curies":[{"name":"wp","href":"https:\/\/api.w.org\/{rel}","templated":true}]}}