{"id":26460,"date":"2016-09-26T15:00:30","date_gmt":"2016-09-26T13:00:30","guid":{"rendered":"http:\/\/www.invarena.cz\/?p=26460"},"modified":"2016-09-26T15:00:30","modified_gmt":"2016-09-26T13:00:30","slug":"postizeni-z-trmic-se-raduji-z-nove-dodavky","status":"publish","type":"post","link":"https:\/\/www.invarena.cz\/?p=26460","title":{"rendered":"Posti\u017een\u00ed z Trmic se raduj\u00ed z nov\u00e9 dod\u00e1vky"},"content":{"rendered":"<p><strong>Nov\u00e1 dod\u00e1vkov\u00e1 Dacia slou\u017e\u00ed klient\u016fm Domova pro osoby se zdravotn\u00edm posti\u017een\u00edm v Trmic\u00edch. Domov nest\u00e1la ani korunu. Slo\u017eili se na n\u011b sponzo\u0159i.<\/strong><!--more--><\/p>\n<p>Trmice \u2013 &#8222;Ji\u017e jsme takhle z\u00edskali t\u0159et\u00ed auto, prvn\u00ed p\u0159ed dvan\u00e1cti lety, druh\u00e9 p\u0159ed \u0161esti. Nejstar\u0161\u00ed v\u016fz p\u0159ed\u00e1me do d\u00edlen a vyu\u017e\u00edvat budeme zbyl\u00e9 dva. Nov\u00fd v\u016fz v\u0161estrann\u011b vyu\u017eijeme. Lze s n\u00edm jezdit na n\u00e1kupy, ale i na v\u00fdlety s klienty, m\u00e1 velk\u00fd n\u00e1kladov\u00fd prostor, vejdou se tam i voz\u00edky,&#8220; ocenila vedouc\u00ed domova Lenka Reichelov\u00e1.<\/p>\n<p>V domov\u011b \u017eij\u00ed mu\u017ei s r\u016fznou formou posti\u017een\u00ed, kte\u0159\u00ed nemohli z\u016fstat doma, nebo rodinu ani nemaj\u00ed.<\/p>\n<p>Auto pro n\u011b zajistila spole\u010dnost Kompakt z Pod\u011bbrad, kter\u00e1 oslovila n\u011bkolik des\u00edtek firem z regionu a nab\u00eddlo jim reklamu na karos\u00e9rii vozu.<\/p>\n<p>&#8222;Je to jedna z na\u0161ich aktivit. Sh\u00e1n\u00edme pen\u00edze na auta pro domovy senior\u016f, d\u011btsk\u00e9 domovy nebo soci\u00e1ln\u00ed \u00fastavy. Letos zajist\u00edme p\u0159ed\u00e1n\u00ed v\u00edce ne\u017e pades\u00e1ti voz\u016f, v tomto domov\u011b je to ji\u017e t\u0159et\u00ed v\u016fz, v p\u0159\u00ed\u0161t\u00edm roce dostane auto za\u0159\u00edzen\u00ed na Severn\u00ed Terase,&#8220; vysv\u011btlila pracovnice spole\u010dnosti Renata Markov\u00e1.<\/p>\n<p>POMOHLA I RADNICE<\/p>\n<p>Jedn\u00edm ze sponzor\u016f je radnice v Trmic\u00edch. &#8222;Byli jsme osloveni a rozhodli jsme se p\u0159isp\u011bt. Nen\u00ed to sice na\u0161e za\u0159\u00edzen\u00ed, z\u0159izovatelem je \u00dasteck\u00fd kraj, ale kdy\u017e m\u00e1me mo\u017enost pomoci, pom\u016f\u017eeme. Ostatn\u011b, staraj\u00ed se tam i o na\u0161e ob\u010dany, n\u011bkter\u00fdm z nich d\u011bl\u00e1me jako \u00fa\u0159ad opatrovn\u00edky. P\u00e9\u010de, slu\u017eby i program pro klienty jsou tu na vysok\u00e9 \u00farovni,&#8220; uvedla starostka Trmic Jana Oubrechtov\u00e1.<\/p>\n<p>Nov\u00e9 auto hned upoutalo pozornost n\u011bkolika klient\u016f. N\u011bkte\u0159\u00ed jej zv\u011bdav\u011b obch\u00e1zeli, p\u00e1n na voz\u00edku obhl\u00ed\u017eel bo\u010dn\u00ed i zadn\u00ed dve\u0159e, aby zjistil, jak mu budou vyhovovat p\u0159i nastupov\u00e1n\u00ed.<\/p>\n<p>&#8222;Kluci jsou zv\u011bdav\u00ed, v\u0161echno je zaj\u00edm\u00e1, cht\u011bj\u00ed si to vyzkou\u0161et a t\u011b\u0161\u00ed se, a\u017e se nov\u00fdm autem svezou,&#8220; usm\u00edvala se vedouc\u00ed domova Lenka Reichelov\u00e1.<\/p>\n<p>Karel Rou\u010d<br \/>\n\u00dasteck\u00fd den\u00edk<br \/>\n<a href=\"http:\/\/www.ustecky.denik.cz\/\">http:\/\/www.ustecky.denik.cz\/<\/a><\/p>\n","protected":false},"excerpt":{"rendered":"<div class=\"mh-excerpt\"><p>Nov\u00e1 dod\u00e1vkov\u00e1 Dacia slou\u017e\u00ed klient\u016fm Domova pro osoby se zdravotn\u00edm posti\u017een\u00edm v Trmic\u00edch. Domov nest\u00e1la ani korunu. Slo\u017eili se na n\u011b sponzo\u0159i.<\/p>\n<\/div>","protected":false},"author":1,"featured_media":1015,"comment_status":"open","ping_status":"closed","sticky":false,"template":"","format":"standard","meta":{"footnotes":""},"categories":[9],"tags":[],"class_list":["post-26460","post","type-post","status-publish","format-standard","has-post-thumbnail","hentry","category-zpravy"],"_links":{"self":[{"href":"https:\/\/www.invarena.cz\/index.php?rest_route=\/wp\/v2\/posts\/26460","targetHints":{"allow":["GET"]}}],"collection":[{"href":"https:\/\/www.invarena.cz\/index.php?rest_route=\/wp\/v2\/posts"}],"about":[{"href":"https:\/\/www.invarena.cz\/index.php?rest_route=\/wp\/v2\/types\/post"}],"author":[{"embeddable":true,"href":"https:\/\/www.invarena.cz\/index.php?rest_route=\/wp\/v2\/users\/1"}],"replies":[{"embeddable":true,"href":"https:\/\/www.invarena.cz\/index.php?rest_route=%2Fwp%2Fv2%2Fcomments&post=26460"}],"version-history":[{"count":0,"href":"https:\/\/www.invarena.cz\/index.php?rest_route=\/wp\/v2\/posts\/26460\/revisions"}],"wp:featuredmedia":[{"embeddable":true,"href":"https:\/\/www.invarena.cz\/index.php?rest_route=\/wp\/v2\/media\/1015"}],"wp:attachment":[{"href":"https:\/\/www.invarena.cz\/index.php?rest_route=%2Fwp%2Fv2%2Fmedia&parent=26460"}],"wp:term":[{"taxonomy":"category","embeddable":true,"href":"https:\/\/www.invarena.cz\/index.php?rest_route=%2Fwp%2Fv2%2Fcategories&post=26460"},{"taxonomy":"post_tag","embeddable":true,"href":"https:\/\/www.invarena.cz\/index.php?rest_route=%2Fwp%2Fv2%2Ftags&post=26460"}],"curies":[{"name":"wp","href":"https:\/\/api.w.org\/{rel}","templated":true}]}}