{"id":26465,"date":"2016-09-27T14:17:40","date_gmt":"2016-09-27T12:17:40","guid":{"rendered":"http:\/\/www.invarena.cz\/?p=26465"},"modified":"2016-09-27T14:17:40","modified_gmt":"2016-09-27T12:17:40","slug":"lide-na-voziku-demonstruji-pozitri-za-vytah-do-divadla","status":"publish","type":"post","link":"https:\/\/www.invarena.cz\/?p=26465","title":{"rendered":"Lid\u00e9 na voz\u00edku demonstruj\u00ed poz\u00edt\u0159\u00ed za v\u00fdtah do divadla"},"content":{"rendered":"<p><strong>P\u0159\u00edbram\u0161t\u00ed voz\u00ed\u010dk\u00e1\u0159i se ve \u010dtvrtek v 15.30 hodin sjedou p\u0159ed p\u0159\u00edbramsk\u00fdm divadlem, aby dali najevo, \u017ee jim p\u0159\u00edstup ke kultu\u0159e chyb\u00ed<\/strong> <!--more--><\/p>\n<p>P\u0159\u00edbram \u2013 Teprve kdy\u017e \u010dlov\u011bk usedne do voz\u00edku, utk\u00e1 se s p\u0159ek\u00e1\u017ekami, kter\u00e9 se zdrav\u00fdm zdaj\u00ed bezv\u00fdznamn\u00e9. A\u0165 jsou to nerovnosti na chodn\u00edku, \u017e\u00e1dn\u00e9 nebo p\u0159\u00edli\u0161 strm\u00e9 n\u00e1jezdy a ve fin\u00e1le nemo\u017en\u00fd p\u0159\u00edstup do budov jako je nap\u0159\u00edklad p\u0159\u00edbramsk\u00e9 divadlo. Pro lidi s hendikepem, kte\u0159\u00ed nezatrpkli a zaj\u00edmaj\u00ed se o spole\u010densk\u00fd a kulturn\u00ed \u017eivot, jako nap\u0159\u00edklad Jaroslava Populov\u00e1, je to v P\u0159\u00edbrami pot\u00ed\u017e. Proto se voz\u00ed\u010dk\u00e1\u0159i ve \u010dtvrtek v 15.30 hodin sjedou p\u0159ed p\u0159\u00edbramsk\u00fdm divadlem, aby demonstrac\u00ed dali najevo, \u017ee jim z\u00e1\u017eitky z p\u0159edstaven\u00ed chyb\u00ed a p\u0159isp\u011bli tak k dlouholet\u00e9mu, ale neuskute\u010dn\u011bn\u00e9mu z\u00e1m\u011bru zbudov\u00e1n\u00ed divadeln\u00edho v\u00fdtahu.<\/p>\n<p>&#8222;St\u00e1le douf\u00e1m, \u017ee n\u00e1\u0161 probl\u00e9m nebude, stejn\u011b jako p\u0159ed lety, zahr\u00e1n do autu,&#8220; douf\u00e1 Jaroslava Populov\u00e1, obyvatelka pe\u010dovatelsk\u00e9ho domu v Brodsk\u00e9 ulici.<\/p>\n<p>Demonstrace voz\u00ed\u010dk\u00e1\u0159\u016f se m\u011bla p\u016fvodn\u011b konat v divadeln\u00edm s\u00e1le od 16 hodin sledov\u00e1n\u00edm p\u0159edstaven\u00ed Sen noci svatoj\u00e1nsk\u00e9, p\u0159i\u010dem\u017e m\u011bli voz\u00ed\u010dk\u00e1\u0159e do schod\u016f vyn\u00e9st p\u0159\u00edbram\u0161t\u00ed kulturist\u00e9, ale nastal probl\u00e9m ze strany distributora voz\u00edk\u016f \u2013 voz\u00edky se nesm\u00ed p\u0159en\u00e1\u0161et, pokud nedo\u0161lo k poru\u0161e. Znamen\u00e1 to tedy, \u017ee se demonstrace uskute\u010dn\u00ed pouze p\u0159ed divadlem, kam se za kulturn\u00ed st\u00e1nek dostav\u00ed Anna \u010ciperov\u00e1 a za m\u011bsto jako z\u0159izovatele p\u0159ijde starosta Jind\u0159ich Va\u0159eka a m\u00edstostarostka Alena \u017den\u00ed\u0161kov\u00e1.<\/p>\n<p>&#8222;Na p\u0159edstaven\u00ed se voz\u00ed\u010dk\u00e1\u0159i z\u0159ejm\u011b nedostanou, ale naprosto je ch\u00e1pu. S \u00fa\u0159ady je mo\u017en\u00e9 si poradit, \u00fa\u0159edn\u00edci mohou seb\u011bhnout za voz\u00ed\u010dk\u00e1\u0159i p\u0159ed budovu, ale my jim z\u00e1\u017eitek z p\u0159edstaven\u00ed dol\u016f p\u0159en\u00e9st nedok\u00e1\u017eeme. Mysl\u00edm, \u017ee z tohoto d\u016fvodu by galerie a divadlo m\u011bly b\u00fdt hendikepovan\u00fdm zp\u0159\u00edstupn\u011bny jako prvn\u00ed,&#8220; komentuje snahu voz\u00ed\u010dk\u00e1\u0159\u016f o z\u0159\u00edzen\u00ed v\u00fdtahu do divadla Anna \u010ciperov\u00e1.<\/p>\n<p>O V\u00ddTAHU SE MLUV\u00cd ROKY, NEJSOU PEN\u00cdZE<\/p>\n<p>P\u0159esto, \u017ee do r\u016fzn\u00fdch oprav a \u00faprav jdou miliony, o pen\u00edze na bezbari\u00e9rovost kulturn\u00edho st\u00e1nku mus\u00ed m\u011bsto roky \u017eadonit. V\u00fdstavba venkovn\u00edho v\u00fdtahu u\u017e byla jednu dobu na spadnut\u00ed, kdy\u017e na ni st\u00e1t p\u0159isl\u00edbil dotace. P\u0159ed t\u0159emi roky tud\u00ed\u017e p\u0159\u00edbramsk\u00e1 radnice, je\u0161t\u011b pod starostou Pavlem Pikrtem, vybrala v tendru firmu, kter\u00e1 by v\u00fdtah postavila. Byla to libereck\u00e1 spole\u010dnost, se kterou m\u011bsto uzav\u0159elo smlouvu o d\u00edlo v hodnot\u011b 4,5 milionu korun bez DPH.<\/p>\n<p>&#8222;M\u011bli jsme p\u0159isl\u00edbenou dotaci od Ministerstva financ\u00ed \u010cR, kter\u00e1 n\u00e1m v\u0161ak do t\u00e9to chv\u00edle nebyla poskytnuta a jej\u00ed p\u0159ijet\u00ed nelze p\u0159edpokl\u00e1dat,&#8220; m\u00ednil v dubnu roku 2014 starosta P\u0159\u00edbrami Pavel Pikrt. S ohledem na tuto skute\u010dnost P\u0159\u00edbram od tohoto z\u00e1m\u011bru zat\u00edm dala ruce pry\u010d a s firmou ukon\u010dila smluvn\u00ed vztah a rozhodla se \u010dekat na vyps\u00e1n\u00ed vhodn\u00e9ho dota\u010dn\u00edho titulu, pomoc\u00ed kter\u00e9ho by se dal venkovn\u00ed v\u00fdtah postavit.<\/p>\n<p>MARK\u00c9TA JANKOVSK\u00c1<br \/>\nP\u0159\u00edbramsk\u00fd den\u00edk<br \/>\n<a href=\"http:\/\/www.pribramsky.denik.cz\/\">http:\/\/www.pribramsky.denik.cz\/<\/a><\/p>\n","protected":false},"excerpt":{"rendered":"<div class=\"mh-excerpt\"><p>P\u0159\u00edbram\u0161t\u00ed voz\u00ed\u010dk\u00e1\u0159i se ve \u010dtvrtek v 15.30 hodin sjedou p\u0159ed p\u0159\u00edbramsk\u00fdm divadlem, aby dali najevo, \u017ee jim p\u0159\u00edstup ke kultu\u0159e chyb\u00ed<\/p>\n<\/div>","protected":false},"author":1,"featured_media":13421,"comment_status":"open","ping_status":"closed","sticky":false,"template":"","format":"standard","meta":{"footnotes":""},"categories":[9],"tags":[],"class_list":["post-26465","post","type-post","status-publish","format-standard","has-post-thumbnail","hentry","category-zpravy"],"_links":{"self":[{"href":"https:\/\/www.invarena.cz\/index.php?rest_route=\/wp\/v2\/posts\/26465","targetHints":{"allow":["GET"]}}],"collection":[{"href":"https:\/\/www.invarena.cz\/index.php?rest_route=\/wp\/v2\/posts"}],"about":[{"href":"https:\/\/www.invarena.cz\/index.php?rest_route=\/wp\/v2\/types\/post"}],"author":[{"embeddable":true,"href":"https:\/\/www.invarena.cz\/index.php?rest_route=\/wp\/v2\/users\/1"}],"replies":[{"embeddable":true,"href":"https:\/\/www.invarena.cz\/index.php?rest_route=%2Fwp%2Fv2%2Fcomments&post=26465"}],"version-history":[{"count":0,"href":"https:\/\/www.invarena.cz\/index.php?rest_route=\/wp\/v2\/posts\/26465\/revisions"}],"wp:featuredmedia":[{"embeddable":true,"href":"https:\/\/www.invarena.cz\/index.php?rest_route=\/wp\/v2\/media\/13421"}],"wp:attachment":[{"href":"https:\/\/www.invarena.cz\/index.php?rest_route=%2Fwp%2Fv2%2Fmedia&parent=26465"}],"wp:term":[{"taxonomy":"category","embeddable":true,"href":"https:\/\/www.invarena.cz\/index.php?rest_route=%2Fwp%2Fv2%2Fcategories&post=26465"},{"taxonomy":"post_tag","embeddable":true,"href":"https:\/\/www.invarena.cz\/index.php?rest_route=%2Fwp%2Fv2%2Ftags&post=26465"}],"curies":[{"name":"wp","href":"https:\/\/api.w.org\/{rel}","templated":true}]}}