{"id":26466,"date":"2016-09-27T14:21:56","date_gmt":"2016-09-27T12:21:56","guid":{"rendered":"http:\/\/www.invarena.cz\/?p=26466"},"modified":"2016-09-27T14:21:56","modified_gmt":"2016-09-27T12:21:56","slug":"bezeli-na-podporu-nemocne-amalky","status":"publish","type":"post","link":"https:\/\/www.invarena.cz\/?p=26466","title":{"rendered":"B\u011a\u017dELI NA PODPORU NEMOCN\u00c9 AM\u00c1LKY"},"content":{"rendered":"<p><strong>DRUH\u00dd RO\u010cN\u00cdK B\u011aHU PRO AM\u00c1LKU se v sobotu uskute\u010dnil v Doksech. Sice si na n\u011bj letos na\u0161lo cestu m\u00e9n\u011b lid\u00ed ne\u017e p\u0159ed rokem, po\u0159adatele to v\u0161ak netr\u00e1pilo, proto\u017ee p\u0159\u00edtomn\u00ed vytvo\u0159ili p\u011bknou rodinnou atmosf\u00e9ru.<\/strong> <!--more--><\/p>\n<p>&#8222;Loni p\u0159i\u0161li lid\u00e9 i ze zv\u011bdavosti, dnes tu byli ti, kdo opravdu cht\u011bj\u00ed pomoci,&#8220; \u0159ekla m\u00edstostarostka Doks Alena Brehov\u00e1, je\u017e je jednou ze \u010dty\u0159 \u017een, kter\u00e9 zalo\u017eily spolek Pom\u00e1h\u00e1me Am\u00e1lce, p\u011btilet\u00e9 d\u00edvence trp\u00edc\u00ed syndromem CDG A1.<\/p>\n<p>B\u011bh nen\u00ed jedinou podp\u016frnou akc\u00ed. Organizuj\u00ed jich v\u00edc a nejbli\u017e\u0161\u00ed bude dvoudenn\u00ed v\u00e1no\u010dn\u00ed v\u00fdstava, kde se bude tak\u00e9 vyb\u00edrat na Am\u00e1lku Ry\u0161linkovou, kter\u00e1 u\u017e pot\u0159ebuje invalidn\u00ed voz\u00edk, jen\u017e vyjde na \u0161edes\u00e1t tis\u00edc korun.<\/p>\n<p>P\u0159es t\u0159icet t\u0159i tis\u00edc vynesl sobotn\u00ed b\u011bh. Am\u00e1lku a dal\u0161\u00ed p\u0159\u00edtomn\u00e9 charitativn\u00ed akce pobavily rovn\u011b\u017e poh\u00e1dky divadeln\u00edho spolku Ta\u0161ka v pod\u00e1n\u00ed nejen zdrav\u00fdch, ale tak\u00e9 ment\u00e1ln\u011b posti\u017een\u00fdch herc\u016f.<\/p>\n<p>Kladensk\u00fd den\u00edk<br \/>\n<a href=\"http:\/\/www.kladensky.denik.cz\/\">http:\/\/www.kladensky.denik.cz\/<\/a><\/p>\n","protected":false},"excerpt":{"rendered":"<div class=\"mh-excerpt\"><p>DRUH\u00dd RO\u010cN\u00cdK B\u011aHU PRO AM\u00c1LKU se v sobotu uskute\u010dnil v Doksech. Sice si na n\u011bj letos na\u0161lo cestu m\u00e9n\u011b lid\u00ed ne\u017e p\u0159ed rokem, po\u0159adatele to <a class=\"mh-excerpt-more\" href=\"https:\/\/www.invarena.cz\/?p=26466\" title=\"B\u011a\u017dELI NA PODPORU NEMOCN\u00c9 AM\u00c1LKY\">[&#8230;]<\/a><\/p>\n<\/div>","protected":false},"author":1,"featured_media":0,"comment_status":"open","ping_status":"closed","sticky":false,"template":"","format":"standard","meta":{"footnotes":""},"categories":[9],"tags":[],"class_list":["post-26466","post","type-post","status-publish","format-standard","hentry","category-zpravy"],"_links":{"self":[{"href":"https:\/\/www.invarena.cz\/index.php?rest_route=\/wp\/v2\/posts\/26466","targetHints":{"allow":["GET"]}}],"collection":[{"href":"https:\/\/www.invarena.cz\/index.php?rest_route=\/wp\/v2\/posts"}],"about":[{"href":"https:\/\/www.invarena.cz\/index.php?rest_route=\/wp\/v2\/types\/post"}],"author":[{"embeddable":true,"href":"https:\/\/www.invarena.cz\/index.php?rest_route=\/wp\/v2\/users\/1"}],"replies":[{"embeddable":true,"href":"https:\/\/www.invarena.cz\/index.php?rest_route=%2Fwp%2Fv2%2Fcomments&post=26466"}],"version-history":[{"count":0,"href":"https:\/\/www.invarena.cz\/index.php?rest_route=\/wp\/v2\/posts\/26466\/revisions"}],"wp:attachment":[{"href":"https:\/\/www.invarena.cz\/index.php?rest_route=%2Fwp%2Fv2%2Fmedia&parent=26466"}],"wp:term":[{"taxonomy":"category","embeddable":true,"href":"https:\/\/www.invarena.cz\/index.php?rest_route=%2Fwp%2Fv2%2Fcategories&post=26466"},{"taxonomy":"post_tag","embeddable":true,"href":"https:\/\/www.invarena.cz\/index.php?rest_route=%2Fwp%2Fv2%2Ftags&post=26466"}],"curies":[{"name":"wp","href":"https:\/\/api.w.org\/{rel}","templated":true}]}}