{"id":26489,"date":"2016-09-30T12:24:58","date_gmt":"2016-09-30T10:24:58","guid":{"rendered":"http:\/\/www.invarena.cz\/?p=26489"},"modified":"2016-09-30T12:24:58","modified_gmt":"2016-09-30T10:24:58","slug":"hradecky-kraj-pokracuje-ve-vystavbe-bytu-pro-postizene","status":"publish","type":"post","link":"https:\/\/www.invarena.cz\/?p=26489","title":{"rendered":"Hradeck\u00fd kraj pokra\u010duje ve v\u00fdstavb\u011b byt\u016f pro posti\u017een\u00e9"},"content":{"rendered":"<p><strong>Kr\u00e1lov\u00e9hradeck\u00fd kraj pokra\u010duje v projektu v\u00fdstavby spole\u010dn\u00e9ho bydlen\u00ed zdravotn\u011b posti\u017een\u00fdch v rodinn\u00fdch domc\u00edch. V T\u00fdni\u0161ti nad Orlic\u00ed na Rychnovsku kraj hodl\u00e1 n\u00e1kladem deseti milion\u016f korun z\u0159\u00eddit dom\u00e1c\u00ed bydlen\u00ed a\u017e pro \u0161est handicapovan\u00fdch.<\/strong> <!--more--><\/p>\n<p>T\u00fdni\u0161t\u011b nad Orlic\u00ed \u2013 Naposledy kraj letos na ja\u0159e otev\u0159el v Ho\u0159ic\u00edch na Ji\u010d\u00ednsku dva domy pro komunitn\u00ed bydlen\u00ed pro 16 klient\u016f m\u00edstn\u00edho \u00fastavu t\u011blesn\u011b posti\u017een\u00fdch. Stavba st\u00e1la 29 milion\u016f korun. V ka\u017ed\u00e9m domku je po dvou bytech, ka\u017ed\u00fd byt je pro \u010dty\u0159i lidi.<\/p>\n<p>Jeden d\u016fm je s vysokou m\u00edrou podpory a celodenn\u00ed slu\u017ebou person\u00e1lu. Loni kraj n\u00e1kladem 6,5 milionu korun otev\u0159el deset l\u016f\u017eek chr\u00e1n\u011bn\u00e9ho bydlen\u00ed v opraven\u00e9m objektu v Hradci Kr\u00e1lov\u00e9 \u2013 Ploti\u0161t\u00edch. Projekt v T\u00fdni\u0161ti po\u010d\u00edt\u00e1 s demolic\u00ed stodoly a rekonstrukc\u00ed rodinn\u00e9ho domu pro dv\u011b dom\u00e1cnosti.<\/p>\n<p>&#8222;Smyslem je zabezpe\u010dit pro st\u00e1vaj\u00edc\u00ed klienty \u00fastavn\u00edch za\u0159\u00edzen\u00ed mo\u017enost \u017e\u00edt v co nejp\u0159irozen\u011bj\u0161\u00edm prost\u0159ed\u00ed, v jak\u00e9m \u017eij\u00ed jejich vrstevn\u00edci,&#8220; uvedl radn\u00ed kraje pro soci\u00e1ln\u00ed v\u011bci Josef Luk\u00e1\u0161ek (KS\u010cM). D\u016fm bude bezbari\u00e9rov\u00fd, budou v n\u011bm moci \u017e\u00edt i lid\u00e9 na voz\u00edc\u00edch.<\/p>\n<p>V minulosti museli zdravotn\u011b posti\u017een\u00ed, o kter\u00e9 se nemohla starat rodina, odej\u00edt do \u00fastavu. \u0158ada z nich v\u0161ak podle Luk\u00e1\u0161ka nep\u0159etr\u017eitou p\u00e9\u010di nepot\u0159ebuje a pr\u00e1v\u011b jim poslou\u017e\u00ed nov\u00e9 byty.<\/p>\n<p>Kraj u\u017e vypsal sout\u011b\u017e na zpracov\u00e1n\u00ed projektov\u00e9 dokumentace nejv\u00fd\u0161e za 920 000 korun. V\u011bt\u0161inu v\u00fddaj\u016f stavby by, podobn\u011b jako v Ho\u0159ic\u00edch, m\u011bla uhradit evropsk\u00e1 dotace.<\/p>\n<p>\u010cTK<\/p>\n<p>Hradeck\u00fd den\u00edk<br \/>\n<a href=\"http:\/\/hradecky.denik.cz\/\">http:\/\/hradecky.denik.cz\/<\/a><\/p>\n","protected":false},"excerpt":{"rendered":"<div class=\"mh-excerpt\"><p>Kr\u00e1lov\u00e9hradeck\u00fd kraj pokra\u010duje v projektu v\u00fdstavby spole\u010dn\u00e9ho bydlen\u00ed zdravotn\u011b posti\u017een\u00fdch v rodinn\u00fdch domc\u00edch. V T\u00fdni\u0161ti nad Orlic\u00ed na Rychnovsku kraj hodl\u00e1 n\u00e1kladem deseti milion\u016f korun <a class=\"mh-excerpt-more\" href=\"https:\/\/www.invarena.cz\/?p=26489\" title=\"Hradeck\u00fd kraj pokra\u010duje ve v\u00fdstavb\u011b byt\u016f pro posti\u017een\u00e9\">[&#8230;]<\/a><\/p>\n<\/div>","protected":false},"author":1,"featured_media":5533,"comment_status":"open","ping_status":"closed","sticky":false,"template":"","format":"standard","meta":{"footnotes":""},"categories":[9],"tags":[],"class_list":["post-26489","post","type-post","status-publish","format-standard","has-post-thumbnail","hentry","category-zpravy"],"_links":{"self":[{"href":"https:\/\/www.invarena.cz\/index.php?rest_route=\/wp\/v2\/posts\/26489","targetHints":{"allow":["GET"]}}],"collection":[{"href":"https:\/\/www.invarena.cz\/index.php?rest_route=\/wp\/v2\/posts"}],"about":[{"href":"https:\/\/www.invarena.cz\/index.php?rest_route=\/wp\/v2\/types\/post"}],"author":[{"embeddable":true,"href":"https:\/\/www.invarena.cz\/index.php?rest_route=\/wp\/v2\/users\/1"}],"replies":[{"embeddable":true,"href":"https:\/\/www.invarena.cz\/index.php?rest_route=%2Fwp%2Fv2%2Fcomments&post=26489"}],"version-history":[{"count":0,"href":"https:\/\/www.invarena.cz\/index.php?rest_route=\/wp\/v2\/posts\/26489\/revisions"}],"wp:featuredmedia":[{"embeddable":true,"href":"https:\/\/www.invarena.cz\/index.php?rest_route=\/wp\/v2\/media\/5533"}],"wp:attachment":[{"href":"https:\/\/www.invarena.cz\/index.php?rest_route=%2Fwp%2Fv2%2Fmedia&parent=26489"}],"wp:term":[{"taxonomy":"category","embeddable":true,"href":"https:\/\/www.invarena.cz\/index.php?rest_route=%2Fwp%2Fv2%2Fcategories&post=26489"},{"taxonomy":"post_tag","embeddable":true,"href":"https:\/\/www.invarena.cz\/index.php?rest_route=%2Fwp%2Fv2%2Ftags&post=26489"}],"curies":[{"name":"wp","href":"https:\/\/api.w.org\/{rel}","templated":true}]}}