{"id":26496,"date":"2017-01-22T18:02:01","date_gmt":"2017-01-22T17:02:01","guid":{"rendered":"http:\/\/www.invarena.cz\/?p=26496"},"modified":"2017-01-22T18:02:01","modified_gmt":"2017-01-22T17:02:01","slug":"bez-barier-lidem-pomuze-i-aplikace","status":"publish","type":"post","link":"https:\/\/www.invarena.cz\/?p=26496","title":{"rendered":"Bez bari\u00e9r. Lidem pom\u016f\u017ee i aplikace"},"content":{"rendered":"<p>Brno shrom\u00e1\u017ed\u00ed p\u0159ipom\u00ednky posti\u017een\u00fdch, aby jim pomohlo.<br \/>\nZjist\u00ed, kde chyb\u00ed bezbari\u00e9rov\u00e1 opat\u0159en\u00ed a zavede je tam.<!--more--><\/p>\n<p>Brno \u2013 P\u0159ej\u00edt p\u0159es silnici a ne\u0159e\u0161it, zda chodn\u00edk od vozovky d\u011bl\u00ed vysok\u00fd obrubn\u00edk. Pro mnoh\u00e9 samoz\u0159ejmost, pro Br\u0148any s hendikepem \u010dasto jen marn\u00e9 p\u0159\u00e1n\u00ed.<br \/>\nM\u011bsto jim chce nov\u011b pomoci, v budoucnu snad i mobiln\u00ed aplikac\u00ed.<br \/>\nN\u00e1m\u011bstek prim\u00e1tora Petr Hlad\u00edk si ke spolupr\u00e1ci p\u0159izval z\u00e1stupce brn\u011bnsk\u00fdch neziskov\u00fdch organizac\u00ed.<br \/>\n&#8222;Podn\u011bty budou Br\u0148an\u00e9 pos\u00edlat celoro\u010dn\u011b na odbor zdrav\u00ed magistr\u00e1tu. V budoucnu mo\u017en\u00e1 i skrz aplikaci, ve kter\u00e9 jim pak co nejrychleji odpov\u00edme, kdy se prom\u011bn\u00ed problematick\u00e1 m\u00edsta v bezbari\u00e9rov\u00e1,&#8220; sl\u00edbil Hlad\u00edk.<br \/>\nM\u011bsto na p\u0159estavbu probl\u00e9mov\u00fdch m\u00edst ze sv\u00e9ho rozpo\u010dtu uvoln\u00ed deset milion\u016f korun. P\u0159esto u\u017e nyn\u00ed berou opat\u0159en\u00ed za samoz\u0159ejm\u00e9 nap\u0159\u00edklad zam\u011bstnanci Brn\u011bnsk\u00fdch komunikac\u00ed, kdy\u017e pl\u00e1nuj\u00ed opravy chodn\u00edk\u016f a silnic ve m\u011bst\u011b. &#8222;Pokud pot\u0159ebujeme na rekonstrukci vypracovat projektovou dokumentaci, v\u017edy nejd\u0159\u00edv projedn\u00e1v\u00e1me pl\u00e1ny se z\u00e1stupci organizac\u00ed, kter\u00e9 se pr\u00e1v\u011b lidem s hendikepem v\u011bnuj\u00ed,&#8220; up\u0159esnila mluv\u010d\u00ed m\u011bstsk\u00e9 spole\u010dnosti Vladim\u00edra Navr\u00e1tilov\u00e1.<br \/>\nMezi \u010dasto oslovovan\u00e9 pat\u0159\u00ed nap\u0159\u00edklad Liga voz\u00ed\u010dk\u00e1\u0159\u016f. &#8222;Brno se sna\u017e\u00ed. Situace posti\u017een\u00fdch se ur\u010dit\u011b zlep\u0161uje. Nejv\u011bt\u0161\u00ed posun je ve v\u011bt\u0161\u00edm nasazen\u00ed bezbari\u00e9rov\u00fdch spoj\u016f,&#8220; ocenila za ligu Ladislava Bla\u017ekov\u00e1, kter\u00e1 zn\u00e1 probl\u00e9my hendikepovan\u00fdch v Brn\u011b z vlastn\u00ed zku\u0161enosti. Nejv\u011bt\u0161\u00ed probl\u00e9m v doprav\u011b ale podle n\u00ed st\u00e1le p\u0159etrv\u00e1v\u00e1. &#8222;Jsou to dopravn\u00ed uzly. Nap\u0159\u00edklad zast\u00e1vka na Nov\u00fdch sadech je pro voz\u00ed\u010dk\u00e1\u0159e vst\u0159\u00edcn\u011bj\u0161\u00ed ne\u017e uzel na hlavn\u00edm n\u00e1dra\u017e\u00ed, a proto rad\u011bji vystoup\u00ed d\u0159\u00edv,&#8220; uvedla p\u0159\u00edklad Bla\u017ekov\u00e1.<br \/>\nS okol\u00edm hlavn\u00edho vlakov\u00e9ho n\u00e1dra\u017e\u00ed maj\u00ed probl\u00e9m i slabozrac\u00ed a slepci, p\u0159edev\u0161\u00edm pak v s\u00edti podchod\u016f pod p\u0159estupn\u00edm uzlem. &#8222;Je tam sice \u010d\u00e1ste\u010dn\u00e9 ozvu\u010den\u00ed, ale mnoho nevidom\u00fdch mus\u00ed m\u00edt stejn\u011b doprovod,&#8220; potvrdil \u0159editel chrlick\u00e9ho Centra soci\u00e1ln\u00edch slu\u017eeb Milo\u0161 Pale\u010dek.<br \/>\nPr\u00e1v\u011b nov\u00fd poradn\u00ed sbor, ve kter\u00e9m zasednou i z\u00e1stupci Ligy voz\u00ed\u010dk\u00e1\u0159\u016f, m\u00e1 uleh\u010dit p\u0159ipom\u00ednkov\u00e1n\u00ed oprav, kter\u00e9 m\u011bsto pl\u00e1nuje. &#8222;Jeho smysl bude tak\u00e9 koordinovat spolupr\u00e1ci mezi m\u011bstem, jeho organizacemi, m\u011bstsk\u00fdmi \u010d\u00e1stmi. Jde n\u00e1m o co nejv\u011bt\u0161\u00ed p\u0159\u00edstupnost m\u011bsta pro hendikapovan\u00e9,&#8220; zd\u016fraznil brn\u011bnsk\u00fd zastupitel Martin Freund.<br \/>\nJednu z prvn\u00edch p\u0159ipom\u00ednek pro nov\u00e9 z\u00e1stupce posti\u017een\u00fdch Br\u0148an\u016f m\u00e1 \u0159editel chrlick\u00e9ho centra Pale\u010dek.<br \/>\n&#8222;Celkem dob\u0159e funguj\u00ed zvukov\u00e9 signalizace na p\u0159echodech u frekventovan\u00fdch m\u00edst. P\u0159ed na\u0161\u00edm Centrem pro nevidom\u00e9 v Chrlic\u00edch, kde je hust\u00fd provoz, se n\u00e1m ji prosadit nepoda\u0159ilo,&#8220; p\u0159edest\u0159el Pale\u010dek mo\u017en\u00fd prvn\u00ed krok.<\/p>\n<p>10 milion\u016f korun uvoln\u00ed m\u011bsto na p\u0159estavbu probl\u00e9mov\u00fdch m\u00edst, kter\u00e9 komplikuj\u00ed \u017eivot lidem na voz\u00ed\u010dku. Tipy na m\u00edsta mohou d\u00e1vat sami lid\u00e9.<\/p>\n<p>AL\u017dB\u011aTA NE\u010cASOV\u00c1<br \/>\nBrn\u011bnsk\u00fd den\u00edk<br \/>\n<a href=\"http:\/\/brnensky.denik.cz\/\">http:\/\/brnensky.denik.cz\/<\/a><\/p>\n","protected":false},"excerpt":{"rendered":"<div class=\"mh-excerpt\"><p>Brno shrom\u00e1\u017ed\u00ed p\u0159ipom\u00ednky posti\u017een\u00fdch, aby jim pomohlo. Zjist\u00ed, kde chyb\u00ed bezbari\u00e9rov\u00e1 opat\u0159en\u00ed a zavede je tam.<\/p>\n<\/div>","protected":false},"author":1,"featured_media":0,"comment_status":"open","ping_status":"closed","sticky":false,"template":"","format":"standard","meta":{"footnotes":""},"categories":[9],"tags":[],"class_list":["post-26496","post","type-post","status-publish","format-standard","hentry","category-zpravy"],"_links":{"self":[{"href":"https:\/\/www.invarena.cz\/index.php?rest_route=\/wp\/v2\/posts\/26496","targetHints":{"allow":["GET"]}}],"collection":[{"href":"https:\/\/www.invarena.cz\/index.php?rest_route=\/wp\/v2\/posts"}],"about":[{"href":"https:\/\/www.invarena.cz\/index.php?rest_route=\/wp\/v2\/types\/post"}],"author":[{"embeddable":true,"href":"https:\/\/www.invarena.cz\/index.php?rest_route=\/wp\/v2\/users\/1"}],"replies":[{"embeddable":true,"href":"https:\/\/www.invarena.cz\/index.php?rest_route=%2Fwp%2Fv2%2Fcomments&post=26496"}],"version-history":[{"count":0,"href":"https:\/\/www.invarena.cz\/index.php?rest_route=\/wp\/v2\/posts\/26496\/revisions"}],"wp:attachment":[{"href":"https:\/\/www.invarena.cz\/index.php?rest_route=%2Fwp%2Fv2%2Fmedia&parent=26496"}],"wp:term":[{"taxonomy":"category","embeddable":true,"href":"https:\/\/www.invarena.cz\/index.php?rest_route=%2Fwp%2Fv2%2Fcategories&post=26496"},{"taxonomy":"post_tag","embeddable":true,"href":"https:\/\/www.invarena.cz\/index.php?rest_route=%2Fwp%2Fv2%2Ftags&post=26496"}],"curies":[{"name":"wp","href":"https:\/\/api.w.org\/{rel}","templated":true}]}}