{"id":26501,"date":"2016-10-05T12:23:37","date_gmt":"2016-10-05T10:23:37","guid":{"rendered":"http:\/\/www.invarena.cz\/?p=26501"},"modified":"2016-10-05T12:23:37","modified_gmt":"2016-10-05T10:23:37","slug":"chcete-se-dozvedet-vice-o-autismu","status":"publish","type":"post","link":"https:\/\/www.invarena.cz\/?p=26501","title":{"rendered":"Chcete se dozv\u011bd\u011bt v\u00edce o autismu?"},"content":{"rendered":"<p><strong>P\u0159edn\u00e1\u0161ka se uskute\u010dn\u00ed 1. listopadu v aule Z\u0160 J. K. Tyla v P\u00edsku.<\/strong><!--more--><\/p>\n<p>P\u00edsek \u2013 S rozvojem psychologick\u00e9 diagnostiky a trendem integrace posti\u017een\u00fdch \u017e\u00e1k\u016f do b\u011b\u017en\u00fdch \u0161kol se d\u011bti st\u00e1le \u010dast\u011bji setk\u00e1vaj\u00ed se spolu\u017e\u00e1ky s r\u016fzn\u00fdm typem a stupn\u011bm poruchy autistick\u00e9ho spektra (autismus, atypick\u00fd autismus, Asperger\u016fv syndrom apod.)<\/p>\n<p>A\u0165 u\u017e je to p\u0159\u00edmo ve vlastn\u00ed t\u0159\u00edd\u011b nebo na chodb\u00e1ch, v \u0161atn\u011b \u010di \u0161koln\u00ed j\u00eddeln\u011b, m\u016f\u017ee doch\u00e1zet k r\u016fzn\u00fdm nezvykl\u00fdm projev\u016fm chov\u00e1n\u00ed \u010di dokonce konflikt\u016fm. Abychom jim v co nejvy\u0161\u0161\u00ed m\u00ed\u0159e dok\u00e1zali p\u0159edej\u00edt, uspo\u0159\u00e1dali jsme ve spolupr\u00e1ci s organizac\u00ed Apla semin\u00e1\u0159e pro spolu\u017e\u00e1ky d\u011bt\u00ed s autismem, kter\u00e9 prob\u011bhly ve vybran\u00fdch t\u0159\u00edd\u00e1ch koncem z\u00e1\u0159\u00ed.<\/p>\n<p>D\u011bti byly sezn\u00e1meny s r\u016fzn\u00fdmi druhy handicap\u016f, pro\u017eily si na vlastn\u00ed k\u016f\u017ei, co obn\u00e1\u0161\u00ed jejich p\u0159ekon\u00e1v\u00e1n\u00ed, a dozv\u011bd\u011bly se mnoh\u00e9 i o posti\u017een\u00edch mozku, kter\u00e1 nejsou na prvn\u00ed pohled viditeln\u00e1, ale o to v\u00edce p\u016fsob\u00ed pot\u00ed\u017ee v komunikaci a pochopen\u00ed okol\u00ed.<\/p>\n<p>Proto\u017ee d\u011bti o sv\u00fdch z\u00e1\u017eitc\u00edch doma vypr\u00e1v\u011bj\u00ed, obracej\u00ed se na n\u00e1s rodi\u010de se \u017e\u00e1dost\u00ed o vysv\u011btlen\u00ed, pro\u010d ten \u010di onen \u017e\u00e1k m\u016f\u017ee to, co ostatn\u00ed nesm\u011bj\u00ed, a pro\u010d se chov\u00e1 t\u0159eba i agresivn\u011b v\u016f\u010di spolu\u017e\u00e1k\u016fm. Z tohoto d\u016fvodu jsme se rozhodli uspo\u0159\u00e1dat besedu pro rodi\u010de i dal\u0161\u00ed z\u00e1jemce, kter\u00fdch se problematika autismu jakkoli t\u00fdk\u00e1.<\/p>\n<p>Pokud v\u00e1s toto t\u00e9ma oslovilo, dovolujeme si v\u00e1s srde\u010dn\u011b pozvat na besedu nazvanou N\u00e1\u0161 spolu\u017e\u00e1k je autista, kter\u00e1 se uskute\u010dn\u00ed v aule Z\u0160 J. K. Tyla v P\u00edsku 1. listopadu od 15.30 hodin. Bude zam\u011b\u0159ena p\u0159edev\u0161\u00edm na komunikaci a soci\u00e1ln\u00ed chov\u00e1n\u00ed d\u011bt\u00ed s autismem, budete m\u00edt ale tak\u00e9 jedine\u010dnou p\u0159\u00edle\u017eitost sd\u00edlet p\u0159\u00edmo zku\u0161enosti dosp\u011bl\u00e9ho \u010dlov\u011bka s t\u00edmto posti\u017een\u00edm a kl\u00e1st mu ot\u00e1zky, kter\u00e9 v\u00e1s zaj\u00edmaj\u00ed. Lektorem nanejv\u00fd\u0161 fundovan\u00fdm bude Michal Ro\u0161ka\u0148uk z ob\u010dansk\u00e9ho sdru\u017een\u00ed Adventor, kter\u00fd s\u00e1m Aspergerov\u00fdm syndromem trp\u00ed a tak\u00e9 poskytuje poradenstv\u00ed v t\u00e9to oblasti.<\/p>\n<p>Pavel Koc, \u0159editel \u0161koly J. K. Tyla P\u00edsek<br \/>\nP\u00edseck\u00fd den\u00edk<br \/>\n<a href=\"http:\/\/pisecky.denik.cz\/\">http:\/\/pisecky.denik.cz\/<\/a><\/p>\n","protected":false},"excerpt":{"rendered":"<div class=\"mh-excerpt\"><p>P\u0159edn\u00e1\u0161ka se uskute\u010dn\u00ed 1. listopadu v aule Z\u0160 J. K. Tyla v P\u00edsku.<\/p>\n<\/div>","protected":false},"author":1,"featured_media":18795,"comment_status":"open","ping_status":"closed","sticky":false,"template":"","format":"standard","meta":{"footnotes":""},"categories":[9],"tags":[],"class_list":["post-26501","post","type-post","status-publish","format-standard","has-post-thumbnail","hentry","category-zpravy"],"_links":{"self":[{"href":"https:\/\/www.invarena.cz\/index.php?rest_route=\/wp\/v2\/posts\/26501","targetHints":{"allow":["GET"]}}],"collection":[{"href":"https:\/\/www.invarena.cz\/index.php?rest_route=\/wp\/v2\/posts"}],"about":[{"href":"https:\/\/www.invarena.cz\/index.php?rest_route=\/wp\/v2\/types\/post"}],"author":[{"embeddable":true,"href":"https:\/\/www.invarena.cz\/index.php?rest_route=\/wp\/v2\/users\/1"}],"replies":[{"embeddable":true,"href":"https:\/\/www.invarena.cz\/index.php?rest_route=%2Fwp%2Fv2%2Fcomments&post=26501"}],"version-history":[{"count":0,"href":"https:\/\/www.invarena.cz\/index.php?rest_route=\/wp\/v2\/posts\/26501\/revisions"}],"wp:featuredmedia":[{"embeddable":true,"href":"https:\/\/www.invarena.cz\/index.php?rest_route=\/wp\/v2\/media\/18795"}],"wp:attachment":[{"href":"https:\/\/www.invarena.cz\/index.php?rest_route=%2Fwp%2Fv2%2Fmedia&parent=26501"}],"wp:term":[{"taxonomy":"category","embeddable":true,"href":"https:\/\/www.invarena.cz\/index.php?rest_route=%2Fwp%2Fv2%2Fcategories&post=26501"},{"taxonomy":"post_tag","embeddable":true,"href":"https:\/\/www.invarena.cz\/index.php?rest_route=%2Fwp%2Fv2%2Ftags&post=26501"}],"curies":[{"name":"wp","href":"https:\/\/api.w.org\/{rel}","templated":true}]}}