{"id":26502,"date":"2017-01-01T20:33:38","date_gmt":"2017-01-01T19:33:38","guid":{"rendered":"http:\/\/www.invarena.cz\/?p=26502"},"modified":"2017-01-01T20:33:38","modified_gmt":"2017-01-01T19:33:38","slug":"novy-domov-pro-zdravotne-postizene","status":"publish","type":"post","link":"https:\/\/www.invarena.cz\/?p=26502","title":{"rendered":"Nov\u00fd domov pro zdravotn\u011b posti\u017een\u00e9"},"content":{"rendered":"<p>\u0160anci \u017e\u00edt sv\u016fj \u017eivot d\u016fstojn\u011b, pod dohledem l\u00e9ka\u0159\u016f i zdravotn\u00edch sester a za pomoci profesion\u00e1l\u016f, maj\u00ed na dosah zdravotn\u011b posti\u017een\u00ed lid\u00e9 z Opavy a \u0161irok\u00e9ho okol\u00ed. Budov\u00e1n\u00ed nov\u00e9ho domova pro handicapovan\u00e9 v objektu b\u00fdval\u00e9ho kl\u00e1\u0161tera v Su\u0161ilov\u011b ulici je toti\u017e ve fin\u00e1le.<!--more--><\/p>\n<p>Ve\u0161kerou dostupnou p\u00e9\u010di jim slibuje zajistit spole\u010dnost Vesalius v \u010dele s p\u0159edn\u00edm opavsk\u00fdm diabetologem MUDr. Radomilem Pluschkem MBA. Podle dr. Pluschkeho se do Domova pro osoby se zdravotn\u00edm posti\u017een\u00edm nast\u011bhuj\u00ed prvn\u00ed klienti ji\u017e 2. ledna 2017. &#8222;N\u00e1\u0161 domov bude poskytovat bydlen\u00ed i p\u00e9\u010di lidem s onemocn\u011bn\u00edm \u010di zdravotn\u00edm posti\u017een\u00edm, kter\u00e9 vy\u017eaduje ambulantn\u00ed dohled odborn\u00e9ho l\u00e9ka\u0159e a kte\u0159\u00ed ji\u017e pot\u0159ebuj\u00ed tak\u00e9 o\u0161et\u0159ovatelskou p\u00e9\u010di. P\u0159ednostn\u011b bude na\u0161e p\u00e9\u010de poskytov\u00e1na lidem s diabetem a jeho chronick\u00fdmi komplikacemi, nab\u00eddneme i v\u00fdznamn\u011b ni\u017e\u0161\u00ed v\u011bkovou hranici pro vstup do domova, ne\u017e je b\u011b\u017en\u00e9,&#8220; vysv\u011btluje zn\u00e1m\u00fd diabetolog s t\u00edm, \u017ee diabetu a jeho komplikac\u00ed v sou\u010dasnosti neust\u00e1le p\u0159ib\u00fdv\u00e1. V\u00fdhodou je i um\u00edst\u011bn\u00ed za\u0159\u00edzen\u00ed p\u0159\u00edmo v are\u00e1lu Slezsk\u00e9 nemocnice.<br \/>\nStavebn\u00ed pr\u00e1ce fini\u0161uj\u00ed a b\u011bhem n\u011bkolika nejbli\u017e\u0161\u00edch dn\u016f dojde ke kolaudaci velkoryse zrekonstruovan\u00fdch prostor v prvn\u00edm a druh\u00e9m nadzemn\u00edm podla\u017e\u00ed kl\u00e1\u0161tera. Ty budou slou\u017eit 31 klient\u016fm, ubytovan\u00fdm v\u011bt\u0161inou v jednol\u016f\u017ekov\u00fdch pokoj\u00edch. &#8222;K dispozici bude i p\u00e1r dvojl\u016f\u017ekov\u00fdch pokoj\u016f pro man\u017eelsk\u00e9 \u010di partnersk\u00e9 p\u00e1ry. V\u0161echny pokoje maj\u00ed vlastn\u00ed soci\u00e1ln\u00ed za\u0159\u00edzen\u00ed. P\u0159ed dokon\u010den\u00edm je tak\u00e9 j\u00eddelna a spole\u010densk\u00e1 m\u00edstnost, v\u0161e je pochopiteln\u011b bezbari\u00e9rov\u00e9,&#8220; vysv\u011btluje R. Pluschke.<br \/>\nOd poloviny \u0159\u00edjna do konce roku bude cel\u00fd objekt vybavov\u00e1n pot\u0159ebn\u00fdm za\u0159\u00edzen\u00edm a n\u00e1bytkem. O zdrav\u00ed a pot\u0159eby klient\u016f se bude od po\u010d\u00e1tku ledna starat cca 15 pracovn\u00edk\u016f, z toho \u010dty\u0159i zdravotn\u00edci-specialist\u00e9, nav\u00edc pak t\u0159i odborn\u00ed a jeden praktick\u00fd l\u00e9ka\u0159. Ji\u017e nyn\u00ed za\u010dala ve vznikaj\u00edc\u00edm domov\u011b p\u016fsobit vedouc\u00ed soci\u00e1ln\u00edch pracovn\u00edk\u016f, pan\u00ed Mgr. Bc. Alena Novotn\u00e1. Z\u00e1jemci o um\u00edst\u011bn\u00ed si toti\u017e mus\u00ed podat pat\u0159i\u010dnou \u017e\u00e1dost a uzav\u0159\u00edt se spole\u010dnost\u00ed Vesalius p\u00edsemnou smlouvu podle platn\u00e9ho z\u00e1kona a paragraf\u016f. Pr\u00e1v\u011b pan\u00ed A. Novotn\u00e1 jim s t\u011bmito z\u00e1le\u017eitostmi pom\u016f\u017ee. Kontakt na telefonu 777 111 613 nebo 597 457 877. Ve\u0161ker\u00e9 dal\u0161\u00ed informace na www.lekariopava. cz nebo <a href=\"http:\/\/www.vesalius.cz\/\">www.vesalius.cz<\/a>.<\/p>\n<p>REGION OPAVSKO<\/p>\n","protected":false},"excerpt":{"rendered":"<div class=\"mh-excerpt\"><p>\u0160anci \u017e\u00edt sv\u016fj \u017eivot d\u016fstojn\u011b, pod dohledem l\u00e9ka\u0159\u016f i zdravotn\u00edch sester a za pomoci profesion\u00e1l\u016f, maj\u00ed na dosah zdravotn\u011b posti\u017een\u00ed lid\u00e9 z Opavy a \u0161irok\u00e9ho <a class=\"mh-excerpt-more\" href=\"https:\/\/www.invarena.cz\/?p=26502\" title=\"Nov\u00fd domov pro zdravotn\u011b posti\u017een\u00e9\">[&#8230;]<\/a><\/p>\n<\/div>","protected":false},"author":1,"featured_media":0,"comment_status":"open","ping_status":"closed","sticky":false,"template":"","format":"standard","meta":{"footnotes":""},"categories":[9],"tags":[],"class_list":["post-26502","post","type-post","status-publish","format-standard","hentry","category-zpravy"],"_links":{"self":[{"href":"https:\/\/www.invarena.cz\/index.php?rest_route=\/wp\/v2\/posts\/26502","targetHints":{"allow":["GET"]}}],"collection":[{"href":"https:\/\/www.invarena.cz\/index.php?rest_route=\/wp\/v2\/posts"}],"about":[{"href":"https:\/\/www.invarena.cz\/index.php?rest_route=\/wp\/v2\/types\/post"}],"author":[{"embeddable":true,"href":"https:\/\/www.invarena.cz\/index.php?rest_route=\/wp\/v2\/users\/1"}],"replies":[{"embeddable":true,"href":"https:\/\/www.invarena.cz\/index.php?rest_route=%2Fwp%2Fv2%2Fcomments&post=26502"}],"version-history":[{"count":0,"href":"https:\/\/www.invarena.cz\/index.php?rest_route=\/wp\/v2\/posts\/26502\/revisions"}],"wp:attachment":[{"href":"https:\/\/www.invarena.cz\/index.php?rest_route=%2Fwp%2Fv2%2Fmedia&parent=26502"}],"wp:term":[{"taxonomy":"category","embeddable":true,"href":"https:\/\/www.invarena.cz\/index.php?rest_route=%2Fwp%2Fv2%2Fcategories&post=26502"},{"taxonomy":"post_tag","embeddable":true,"href":"https:\/\/www.invarena.cz\/index.php?rest_route=%2Fwp%2Fv2%2Ftags&post=26502"}],"curies":[{"name":"wp","href":"https:\/\/api.w.org\/{rel}","templated":true}]}}