{"id":26504,"date":"2017-01-01T20:32:58","date_gmt":"2017-01-01T19:32:58","guid":{"rendered":"http:\/\/www.invarena.cz\/?p=26504"},"modified":"2017-01-01T20:32:58","modified_gmt":"2017-01-01T19:32:58","slug":"boli-vas-cele-telo-a-nevite-proc","status":"publish","type":"post","link":"https:\/\/www.invarena.cz\/?p=26504","title":{"rendered":"Bol\u00ed v\u00e1s cel\u00e9 t\u011blo a nev\u00edte pro\u010d?"},"content":{"rendered":"<p>Bolesti sval\u016f bez zjevn\u00e9ho d\u016fvodu jsou typick\u00fdm p\u0159\u00edznakem fibromyalgie.<!--more--><\/p>\n<p>S touto pon\u011bkud z\u00e1hadnou nemoc\u00ed se poj\u00ed spousta nep\u0159\u00edjemn\u00fdch pot\u00ed\u017e\u00ed. Krom\u011b svalov\u00fdch bolest\u00ed si lid\u00e9 st\u011b\u017euj\u00ed na chronickou \u00fanavu a vy\u010derp\u00e1n\u00ed, poruchy sp\u00e1nku, zhor\u0161enou pam\u011b\u0165, za\u017e\u00edvac\u00ed probl\u00e9my, bolesti hlavy \u010di deprese. Objevuje se tak\u00e9 zv\u00fd\u0161en\u00e1 citlivost na zvuk, z\u00e1vrat\u011b, zvracen\u00ed, sv\u011btloplachost, chronick\u00e9 bolesti zad, porucha jemn\u00e9 motoriky (sn\u00ed\u017een\u00e1 manu\u00e1ln\u00ed zru\u010dnost), syndrom dr\u00e1\u017ediv\u00e9ho st\u0159eva (bolesti b\u0159icha, nevolnost, pr\u016fjem, z\u00e1cpa, nad\u00fdm\u00e1n\u00ed), nechutenstv\u00ed atd.<\/p>\n<p>Ztuhl\u00e9 klouby na rukou a neposedn\u00e9 nohy<\/p>\n<p>Asi t\u0159etina pacient\u016f s fibromyalgi\u00ed trp\u00ed syndromem neklidn\u00fdch nohou, kter\u00fd se projevuje nep\u0159\u00edjemn\u00fdmi pocity, bolestmi, k\u0159e\u010demi a nutkav\u00fdmi pohyby (p\u0159edev\u0161\u00edm v noci). Zhruba 50 % posti\u017een\u00fdch si st\u011b\u017euje na zrakov\u00e9 poruchy, jako je dvojit\u00e9 \u010di rozost\u0159en\u00e9 vid\u011bn\u00ed. T\u0159i \u010dtvrtiny popisuj\u00ed rann\u00ed ztuhlost kloub\u016f na rukou \u2013 neschopnost napnout prsty a ohnout drobn\u00e9 klouby. Tento stav n\u011bkdy trv\u00e1 i n\u011bkolik hodin a pot\u00ed\u017ee se mohou vracet ve\u010der a po m\u00edrn\u00e9 fyzick\u00e9 z\u00e1t\u011b\u017ei.<\/p>\n<p>Nemoc zp\u016fsobuje rychlej\u0161\u00ed st\u00e1rnut\u00ed mozku<\/p>\n<p>Stanovit p\u0159esnou diagn\u00f3zu b\u00fdv\u00e1 \u010dasto zdlouhav\u00e9 a problematick\u00e9. L\u00e9ka\u0159i se tak\u00e9 dohaduj\u00ed o tom, jestli tato nemoc spad\u00e1 do oblasti revmatick\u00fdch, \u010di neurologick\u00fdch pot\u00ed\u017e\u00ed. Fibromyalgii toti\u017e prov\u00e1z\u00ed onemocn\u011bn\u00ed mozku a m\u00edchy \u2013 varovn\u00fdm p\u0159\u00edznakem je sn\u00ed\u017een\u00ed tlou\u0161\u0165ky mozkov\u00e9 k\u016fry. Podle odhadu odborn\u00edk\u016f za rok s fibromyalgi\u00ed mozek zest\u00e1rne p\u0159ibli\u017en\u011b o t\u0159i roky.<\/p>\n<p>Pom\u00e1h\u00e1 rehabilitace, odpo\u010dinek nebo tai-chi<\/p>\n<p>Toto onemocn\u011bn\u00ed bohu\u017eel nen\u00ed mo\u017en\u00e9 vyl\u00e9\u010dit (p\u0159\u00ed\u010dina je toti\u017e z velk\u00e9 \u010d\u00e1sti d\u00e1na geneticky), lze jen zm\u00edrnit p\u0159\u00edznaky. Dobr\u00e9 zku\u0161enosti maj\u00ed pacienti s l\u00e9\u010dbou na neurologick\u00fdch odd\u011blen\u00edch a v tzv. centrech bolesti. D\u016fle\u017eit\u00e1 je i rehabilitace, fyzioterapie, psychoterapie a zdrav\u00fd \u017eivotn\u00ed styl (pestr\u00fd vyv\u00e1\u017een\u00fd j\u00eddeln\u00ed\u010dek, dostatek pohybu a odpo\u010dinku). Prosp\u00edv\u00e1 i cvi\u010den\u00ed, nap\u0159\u00edklad \u010d\u00ednsk\u00e9 tai-chi (v\u00edce informac\u00ed o t\u00e9to nemoci a mo\u017enostech l\u00e9\u010dby najdete na <a href=\"http:\/\/www.fibromyalgik.webnode.cz\/\">www.fibromyalgik.webnode.cz<\/a>).<\/p>\n<p>Claudia<\/p>\n","protected":false},"excerpt":{"rendered":"<div class=\"mh-excerpt\"><p>Bolesti sval\u016f bez zjevn\u00e9ho d\u016fvodu jsou typick\u00fdm p\u0159\u00edznakem fibromyalgie.<\/p>\n<\/div>","protected":false},"author":1,"featured_media":18793,"comment_status":"open","ping_status":"closed","sticky":false,"template":"","format":"standard","meta":{"footnotes":""},"categories":[9],"tags":[],"class_list":["post-26504","post","type-post","status-publish","format-standard","has-post-thumbnail","hentry","category-zpravy"],"_links":{"self":[{"href":"https:\/\/www.invarena.cz\/index.php?rest_route=\/wp\/v2\/posts\/26504","targetHints":{"allow":["GET"]}}],"collection":[{"href":"https:\/\/www.invarena.cz\/index.php?rest_route=\/wp\/v2\/posts"}],"about":[{"href":"https:\/\/www.invarena.cz\/index.php?rest_route=\/wp\/v2\/types\/post"}],"author":[{"embeddable":true,"href":"https:\/\/www.invarena.cz\/index.php?rest_route=\/wp\/v2\/users\/1"}],"replies":[{"embeddable":true,"href":"https:\/\/www.invarena.cz\/index.php?rest_route=%2Fwp%2Fv2%2Fcomments&post=26504"}],"version-history":[{"count":0,"href":"https:\/\/www.invarena.cz\/index.php?rest_route=\/wp\/v2\/posts\/26504\/revisions"}],"wp:featuredmedia":[{"embeddable":true,"href":"https:\/\/www.invarena.cz\/index.php?rest_route=\/wp\/v2\/media\/18793"}],"wp:attachment":[{"href":"https:\/\/www.invarena.cz\/index.php?rest_route=%2Fwp%2Fv2%2Fmedia&parent=26504"}],"wp:term":[{"taxonomy":"category","embeddable":true,"href":"https:\/\/www.invarena.cz\/index.php?rest_route=%2Fwp%2Fv2%2Fcategories&post=26504"},{"taxonomy":"post_tag","embeddable":true,"href":"https:\/\/www.invarena.cz\/index.php?rest_route=%2Fwp%2Fv2%2Ftags&post=26504"}],"curies":[{"name":"wp","href":"https:\/\/api.w.org\/{rel}","templated":true}]}}